{"id":10928,"date":"2017-05-24T09:17:15","date_gmt":"2017-05-24T13:17:15","guid":{"rendered":"http:\/\/blogdalucianaoliveira.com.br\/blog\/?p=10928"},"modified":"2017-05-24T09:25:03","modified_gmt":"2017-05-24T13:25:03","slug":"por-que-nao-ha-reacao-ao-escandalo-do-vice-prefeito-edgar-do-boi","status":"publish","type":"post","link":"http:\/\/blogdalucianaoliveira.com.br\/blog\/2017\/05\/24\/por-que-nao-ha-reacao-ao-escandalo-do-vice-prefeito-edgar-do-boi\/","title":{"rendered":"Por que n\u00e3o h\u00e1 rea\u00e7\u00e3o ao esc\u00e2ndalo do vice-prefeito Edgar do Boi?"},"content":{"rendered":"<p><img data-recalc-dims=\"1\" loading=\"lazy\" decoding=\"async\" data-attachment-id=\"10819\" data-permalink=\"http:\/\/blogdalucianaoliveira.com.br\/blog\/2017\/05\/19\/povo-do-bem-vice-prefeito-de-porto-velho-citado-por-delator-da-jbs\/bois\/\" data-orig-file=\"https:\/\/i0.wp.com\/blogdalucianaoliveira.com.br\/blog\/wp-content\/uploads\/2017\/05\/bois.jpg?fit=400%2C246\" data-orig-size=\"400,246\" data-comments-opened=\"0\" data-image-meta=\"{&quot;aperture&quot;:&quot;0&quot;,&quot;credit&quot;:&quot;&quot;,&quot;camera&quot;:&quot;&quot;,&quot;caption&quot;:&quot;&quot;,&quot;created_timestamp&quot;:&quot;0&quot;,&quot;copyright&quot;:&quot;&quot;,&quot;focal_length&quot;:&quot;0&quot;,&quot;iso&quot;:&quot;0&quot;,&quot;shutter_speed&quot;:&quot;0&quot;,&quot;title&quot;:&quot;&quot;,&quot;orientation&quot;:&quot;1&quot;}\" data-image-title=\"bois\" data-image-description=\"\" data-image-caption=\"\" data-medium-file=\"https:\/\/i0.wp.com\/blogdalucianaoliveira.com.br\/blog\/wp-content\/uploads\/2017\/05\/bois.jpg?fit=300%2C185\" data-large-file=\"https:\/\/i0.wp.com\/blogdalucianaoliveira.com.br\/blog\/wp-content\/uploads\/2017\/05\/bois.jpg?fit=400%2C246\" src=\"https:\/\/i0.wp.com\/blogdalucianaoliveira.com.br\/blog\/wp-content\/uploads\/2017\/05\/bois.jpg?resize=400%2C246\" alt=\"bois\" width=\"400\" height=\"246\" class=\"alignnone size-full wp-image-10819\" srcset=\"https:\/\/i0.wp.com\/blogdalucianaoliveira.com.br\/blog\/wp-content\/uploads\/2017\/05\/bois.jpg?w=400 400w, https:\/\/i0.wp.com\/blogdalucianaoliveira.com.br\/blog\/wp-content\/uploads\/2017\/05\/bois.jpg?resize=300%2C185 300w\" sizes=\"auto, (max-width: 400px) 100vw, 400px\" \/><\/p>\n<p>Porto Velho \u00e9 uma cidade de gente que reclama muito de corrup\u00e7\u00e3o, mas da boca pra fora.<br \/>\nEstamos sem vice-prefeito, porque ele pediu afastamento pra cuidar de se defender como citado em dela\u00e7\u00e3o no maior esc\u00e2ndalo de corrup\u00e7\u00e3o do pais.<\/p>\n<p>\u00c9 certo que as acusa\u00e7\u00f5es do delator da JBS dependem de provas, mas n\u00e3o h\u00e1 movimenta\u00e7\u00e3o alguma nem na C\u00e2mara, nem na Assembleia Legislativa, j\u00e1 que o esc\u00e2ndalo envolve sonega\u00e7\u00e3o fiscal mediante pagamento de propina. N\u00e3o h\u00e1 sequer pronunciamentos nesse sentido. Uma comiss\u00e3o pra acompanhar o andamento das investiga\u00e7\u00f5es, que tal? Uma CPI pra investigar o esquema citado por delator dentro da Sefin?<\/p>\n<p>O delator da Friboi garantiu entregar provas como,  bilhetes de passagens a\u00e9reas e comprovantes de saques em banco da capital. <\/p>\n<p>At\u00e9 que tudo se esclare\u00e7a, vereadores e deputados deveriam ao menos cobrar o inqu\u00e9rito que deve ser montado com as provas encaminhadas \u00e0s inst\u00e2ncias judiciais no estado. N\u00e3o li nada nesse sentido. <\/p>\n<p>Os eleitores se chocaram quando a not\u00edcia foi divulgada, mas j\u00e1 passou.<\/p>\n<p>Na p\u00e1gina do PSDB-RO no facebook n\u00e3o h\u00e1 men\u00e7\u00e3o ao esc\u00e2ndalo, mas apenas not\u00edcias que promovem a defesa do senador A\u00e9cio Neves, flagrado em corrup\u00e7\u00e3o e que pode ser preso a qualquer momento.<\/p>\n<p>Edgar do Boi pediu afastamento e declarou que tomou a iniciativa para &#8220;cuidar da defesa&#8221;.<br \/>\nO prefeito Hildon Chaves deu uma coletiva e p\u00e1, o assunto caiu no esquecimento. Na nota de afastamento de Edgar do Boi nas redes sociais, eleitores declaram confian\u00e7a e apoio ao vice.<\/p>\n<p>N\u00e3o por falta de convic\u00e7\u00e3o a popula\u00e7\u00e3o deveria estar fazendo press\u00e3o pra que Edgar renunciasse. Por que um delator envolveria um pol\u00edtico desta terra t\u00e3o, t\u00e3o distante, sem mais nem menos? <\/p>\n<p>Por muito menos, os eleitores de Rond\u00f4nia, majoritariamente de direita, fazem um estardalha\u00e7o nas redes sociais, quando envolve pol\u00edticos de esquerda.<\/p>\n<p>Foi assim quando milhares foram \u00e0s ruas para for\u00e7ar o golpe travestido de impeachment.<\/p>\n<p>Durante a campanha que elegeu a chapa Hildon\/Edgar, o ent\u00e3o vice-presidente do PSDB na capital, hoje chefe de gabinete do prefeito, chegou a propor &#8220;limpeza&#8221; da esquerda em nome do combate \u00e0 corrup\u00e7\u00e3o.<\/p>\n<p><img data-recalc-dims=\"1\" loading=\"lazy\" decoding=\"async\" data-attachment-id=\"10929\" data-permalink=\"http:\/\/blogdalucianaoliveira.com.br\/blog\/2017\/05\/24\/por-que-nao-ha-reacao-ao-escandalo-do-vice-prefeito-edgar-do-boi\/breno-2\/\" data-orig-file=\"https:\/\/i0.wp.com\/blogdalucianaoliveira.com.br\/blog\/wp-content\/uploads\/2017\/05\/breno.jpg?fit=750%2C1015\" data-orig-size=\"750,1015\" data-comments-opened=\"0\" data-image-meta=\"{&quot;aperture&quot;:&quot;0&quot;,&quot;credit&quot;:&quot;&quot;,&quot;camera&quot;:&quot;&quot;,&quot;caption&quot;:&quot;&quot;,&quot;created_timestamp&quot;:&quot;0&quot;,&quot;copyright&quot;:&quot;&quot;,&quot;focal_length&quot;:&quot;0&quot;,&quot;iso&quot;:&quot;0&quot;,&quot;shutter_speed&quot;:&quot;0&quot;,&quot;title&quot;:&quot;&quot;,&quot;orientation&quot;:&quot;0&quot;}\" data-image-title=\"breno\" data-image-description=\"\" data-image-caption=\"\" data-medium-file=\"https:\/\/i0.wp.com\/blogdalucianaoliveira.com.br\/blog\/wp-content\/uploads\/2017\/05\/breno.jpg?fit=222%2C300\" data-large-file=\"https:\/\/i0.wp.com\/blogdalucianaoliveira.com.br\/blog\/wp-content\/uploads\/2017\/05\/breno.jpg?fit=600%2C812\" src=\"https:\/\/i0.wp.com\/blogdalucianaoliveira.com.br\/blog\/wp-content\/uploads\/2017\/05\/breno.jpg?resize=600%2C812\" alt=\"breno\" width=\"600\" height=\"812\" class=\"alignnone size-full wp-image-10929\" srcset=\"https:\/\/i0.wp.com\/blogdalucianaoliveira.com.br\/blog\/wp-content\/uploads\/2017\/05\/breno.jpg?w=750 750w, https:\/\/i0.wp.com\/blogdalucianaoliveira.com.br\/blog\/wp-content\/uploads\/2017\/05\/breno.jpg?resize=222%2C300 222w\" sizes=\"auto, (max-width: 600px) 100vw, 600px\" \/><\/p>\n<p>O que temos de mais concreto para que o caso de Edgar do Boi ande \u00e9 o oportunismo de grupos pol\u00edticos advers\u00e1rios. Quem for esperto, vai come\u00e7ar j\u00e1 a desmontar o palanque do PSDB, em torno do prefeito Hildon Chaves para 2018. Um palanque que foi montado em banhado.<\/p>\n","protected":false},"excerpt":{"rendered":"<p>Porto Velho \u00e9 uma cidade de gente que reclama muito de corrup\u00e7\u00e3o, mas da boca pra fora. Estamos sem vice-prefeito, porque ele pediu afastamento pra cuidar de se defender como citado em dela\u00e7\u00e3o no maior esc\u00e2ndalo de corrup\u00e7\u00e3o do pais. \u00c9 certo que as acusa\u00e7\u00f5es do delator da JBS dependem de provas, mas n\u00e3o h\u00e1&#8230;<a class=\"more-link\" href=\"http:\/\/blogdalucianaoliveira.com.br\/blog\/2017\/05\/24\/por-que-nao-ha-reacao-ao-escandalo-do-vice-prefeito-edgar-do-boi\/\">Continue a leitura <span class=\"meta-nav\">&raquo;<\/span><\/a><\/p>\n","protected":false},"author":1,"featured_media":10819,"comment_status":"closed","ping_status":"open","sticky":false,"template":"","format":"standard","meta":{"_exactmetrics_skip_tracking":false,"_exactmetrics_sitenote_active":false,"_exactmetrics_sitenote_note":"","_exactmetrics_sitenote_category":0,"jetpack_post_was_ever_published":false,"_jetpack_newsletter_access":"","_jetpack_dont_email_post_to_subs":false,"_jetpack_newsletter_tier_id":0,"_jetpack_memberships_contains_paywalled_content":false,"_jetpack_memberships_contains_paid_content":false,"footnotes":"","jetpack_publicize_message":"","jetpack_publicize_feature_enabled":true,"jetpack_social_post_already_shared":true,"jetpack_social_options":{"image_generator_settings":{"template":"highway","enabled":false},"version":2}},"categories":[1],"tags":[],"class_list":["post-10928","post","type-post","status-publish","format-standard","has-post-thumbnail","hentry","category-notas"],"jetpack_publicize_connections":[],"jetpack_sharing_enabled":true,"jetpack_featured_media_url":"https:\/\/i0.wp.com\/blogdalucianaoliveira.com.br\/blog\/wp-content\/uploads\/2017\/05\/bois.jpg?fit=400%2C246","jetpack_shortlink":"https:\/\/wp.me\/p7wKYW-2Qg","jetpack-related-posts":[],"_links":{"self":[{"href":"http:\/\/blogdalucianaoliveira.com.br\/blog\/wp-json\/wp\/v2\/posts\/10928","targetHints":{"allow":["GET"]}}],"collection":[{"href":"http:\/\/blogdalucianaoliveira.com.br\/blog\/wp-json\/wp\/v2\/posts"}],"about":[{"href":"http:\/\/blogdalucianaoliveira.com.br\/blog\/wp-json\/wp\/v2\/types\/post"}],"author":[{"embeddable":true,"href":"http:\/\/blogdalucianaoliveira.com.br\/blog\/wp-json\/wp\/v2\/users\/1"}],"replies":[{"embeddable":true,"href":"http:\/\/blogdalucianaoliveira.com.br\/blog\/wp-json\/wp\/v2\/comments?post=10928"}],"version-history":[{"count":7,"href":"http:\/\/blogdalucianaoliveira.com.br\/blog\/wp-json\/wp\/v2\/posts\/10928\/revisions"}],"predecessor-version":[{"id":10936,"href":"http:\/\/blogdalucianaoliveira.com.br\/blog\/wp-json\/wp\/v2\/posts\/10928\/revisions\/10936"}],"wp:featuredmedia":[{"embeddable":true,"href":"http:\/\/blogdalucianaoliveira.com.br\/blog\/wp-json\/wp\/v2\/media\/10819"}],"wp:attachment":[{"href":"http:\/\/blogdalucianaoliveira.com.br\/blog\/wp-json\/wp\/v2\/media?parent=10928"}],"wp:term":[{"taxonomy":"category","embeddable":true,"href":"http:\/\/blogdalucianaoliveira.com.br\/blog\/wp-json\/wp\/v2\/categories?post=10928"},{"taxonomy":"post_tag","embeddable":true,"href":"http:\/\/blogdalucianaoliveira.com.br\/blog\/wp-json\/wp\/v2\/tags?post=10928"}],"curies":[{"name":"wp","href":"https:\/\/api.w.org\/{rel}","templated":true}]}}