{"id":10937,"date":"2017-05-24T09:31:02","date_gmt":"2017-05-24T13:31:02","guid":{"rendered":"http:\/\/blogdalucianaoliveira.com.br\/blog\/?p=10937"},"modified":"2017-05-24T09:31:28","modified_gmt":"2017-05-24T13:31:28","slug":"guardian-defende-diretas-e-diz-o-obvio-povo-brasileiro-merece-ter-voz","status":"publish","type":"post","link":"http:\/\/blogdalucianaoliveira.com.br\/blog\/2017\/05\/24\/guardian-defende-diretas-e-diz-o-obvio-povo-brasileiro-merece-ter-voz\/","title":{"rendered":"GUARDIAN DEFENDE DIRETAS E DIZ O \u00d3BVIO: POVO BRASILEIRO MERECE TER VOZ"},"content":{"rendered":"<p><img data-recalc-dims=\"1\" loading=\"lazy\" decoding=\"async\" data-attachment-id=\"10938\" data-permalink=\"http:\/\/blogdalucianaoliveira.com.br\/blog\/2017\/05\/24\/guardian-defende-diretas-e-diz-o-obvio-povo-brasileiro-merece-ter-voz\/gar-2\/\" data-orig-file=\"https:\/\/i0.wp.com\/blogdalucianaoliveira.com.br\/blog\/wp-content\/uploads\/2017\/05\/gar.jpg?fit=1000%2C357\" data-orig-size=\"1000,357\" data-comments-opened=\"0\" data-image-meta=\"{&quot;aperture&quot;:&quot;0&quot;,&quot;credit&quot;:&quot;&quot;,&quot;camera&quot;:&quot;&quot;,&quot;caption&quot;:&quot;&quot;,&quot;created_timestamp&quot;:&quot;0&quot;,&quot;copyright&quot;:&quot;&quot;,&quot;focal_length&quot;:&quot;0&quot;,&quot;iso&quot;:&quot;0&quot;,&quot;shutter_speed&quot;:&quot;0&quot;,&quot;title&quot;:&quot;&quot;,&quot;orientation&quot;:&quot;0&quot;}\" data-image-title=\"gar\" data-image-description=\"\" data-image-caption=\"\" data-medium-file=\"https:\/\/i0.wp.com\/blogdalucianaoliveira.com.br\/blog\/wp-content\/uploads\/2017\/05\/gar.jpg?fit=300%2C107\" data-large-file=\"https:\/\/i0.wp.com\/blogdalucianaoliveira.com.br\/blog\/wp-content\/uploads\/2017\/05\/gar.jpg?fit=600%2C214\" src=\"https:\/\/i0.wp.com\/blogdalucianaoliveira.com.br\/blog\/wp-content\/uploads\/2017\/05\/gar.jpg?resize=600%2C214\" alt=\"gar\" width=\"600\" height=\"214\" class=\"alignnone size-full wp-image-10938\" srcset=\"https:\/\/i0.wp.com\/blogdalucianaoliveira.com.br\/blog\/wp-content\/uploads\/2017\/05\/gar.jpg?w=1000 1000w, https:\/\/i0.wp.com\/blogdalucianaoliveira.com.br\/blog\/wp-content\/uploads\/2017\/05\/gar.jpg?resize=300%2C107 300w, https:\/\/i0.wp.com\/blogdalucianaoliveira.com.br\/blog\/wp-content\/uploads\/2017\/05\/gar.jpg?resize=768%2C274 768w, https:\/\/i0.wp.com\/blogdalucianaoliveira.com.br\/blog\/wp-content\/uploads\/2017\/05\/gar.jpg?resize=800%2C286 800w\" sizes=\"auto, (max-width: 600px) 100vw, 600px\" \/><\/p>\n<p>247 &#8211; O jornal ingl\u00eas The Guardian defende em editorial elei\u00e7\u00f5es diretas para presidente da Rep\u00fablica no Brasil. De acordo com o di\u00e1rio, a pol\u00edtica brasileira est\u00e1 completamente desacreditada. \u201cAs revela\u00e7\u00f5es que surgiram desde que Dilma Rousseff foi for\u00e7ada a sair no ano passado destacaram a hipocrisia daqueles que a derrubaram\u201d, aponta o jornal.<!--more--><\/p>\n<p>\u201cEmbora Rousseff tenha sido acusada por acusa\u00e7\u00f5es separadas, e parecia relativamente limpa, a raiva contra ela foi alimentada por revela\u00e7\u00f5es sobre seu Partido dos Trabalhadores\u201d, avalia o jornal. <\/p>\n<p>O di\u00e1rio brit\u00e2nico destaca as novas den\u00fancias contra Michel Temer, lembrando que alguns de seus principais aliados, como Eduardo Cunha, \u201co principal orquestrador do impeachment\u201d, est\u00e3o presos. O jornal avalia que os congressistas brasileiros n\u00e3o deveriam escolher o sucessor de Temer, em caso de sua queda.<\/p>\n<p>\u201cOs pol\u00edticos brasileiros derrubaram o pa\u00eds: deveriam deixar que os 143 milh\u00f5es de eleitores tivessem uma palavra a dizer sobre como sair dela\u201d, opina o jornal.<\/p>\n<p>Leia o editorial em ingl\u00eas The Guardian: <\/p>\n<p>The Guardian view on Brazilian corruption: the public deserve a voice<\/p>\n<p>&#8220;I will not resign. Oust me if you want,&#8221; Michel Temer said this week. Brazilians would like to take the president at his word. After three years of political turmoil and public disgust, the &#8220;Carwash&#8221; investigation into corruption that involved some of the country&#8217;s biggest companies and a frightening number of its politicians was under growing pressure; some feared it was being neutered. Then came explosive allegations that a secret tape captured Mr Temer discussing hush-money. His ratings had fallen to single figures even before these latest claims. Now Brazil&#8217;s top prosecutor has formally accused him of conspiring to silence witnesses and obstruct a corruption investigation; and he has dropped a legal bid to have the case suspended.<\/p>\n<p>Mr Temer denies wrongdoing, insisting the recording has been doctored, and says stepping down would be an admission of guilt. Other considerations are no doubt weighing on his mind \u2013 notably that he would lose legal protections. As president, impeachment would require approval by Congress to proceed, and he cannot be charged over allegations that precede his time in office. Support within his Brazilian Democratic Party and coalition is crumbling. Allies can see the attractions of letting him take the flak for weakening the Carwash inquiry, and handle a case beginning next month in the supreme electoral court, which could annul the 2014 election. But even so, Brazil could soon have its third leader in under a year.<\/p>\n<p>Brazilian politics have been thoroughly discredited. The revelations that have emerged since Dilma Rousseff was forced out last year have highlighted the hypocrisy of those who brought her down. Though Ms Rousseff was impeached on separate charges, and appeared relatively clean herself, the anger against her was fuelled by revelations about her Workers&#8217; Party. In March, the chief orchestrator of her impeachment, Eduardo Cunha, was jailed for more than 15 years in relation to a $1.6m bribe. The tape of Mr Temer, who was her deputy but was believed to be plotting against her in the later stages of the scandal, allegedly captures him approving cash payments to Mr Cunha.<\/p>\n<p>By taking on such a powerful centre-right figure, the attorney-general Rodrigo Janot has shown he cannot be cowed and put paid to claims that Carwash has been politically partial. When his term ends this autumn, whoever is president should agree \u2013 as when Mr Janot was chosen \u2013 that they will abide by the outcome of a poll of public prosecutors, depoliticising the contest.<\/p>\n<p>But many legislators have secrets of their own to hide, and some are already complaining that the investigation has been bad for Brazil&#8217;s reputation and economy. There is a danger they will try to fudge their way out, perhaps by persuading the president to quit. But the problem is the scandal, not the inquiry, and Brazil will do much worse if it is suppressed. Nor should legislators choose Mr Temer&#8217;s replacement, for it was they who picked him, and polls show overwhelming demand for an election. An already disenchanted public may otherwise sink into apathy or in the longer run, turn to an authoritarian, far-right figure such as Jair Bolsonaro playing the anti-politics card. Brazil&#8217;s politicians got the country into this mess: they should let the 143 million voters have a say in how to get out of it.<\/p>\n","protected":false},"excerpt":{"rendered":"<p>247 &#8211; O jornal ingl\u00eas The Guardian defende em editorial elei\u00e7\u00f5es diretas para presidente da Rep\u00fablica no Brasil. De acordo com o di\u00e1rio, a pol\u00edtica brasileira est\u00e1 completamente desacreditada. \u201cAs revela\u00e7\u00f5es que surgiram desde que Dilma Rousseff foi for\u00e7ada a sair no ano passado destacaram a hipocrisia daqueles que a derrubaram\u201d, aponta o jornal.<\/p>\n","protected":false},"author":1,"featured_media":0,"comment_status":"closed","ping_status":"open","sticky":false,"template":"","format":"standard","meta":{"_exactmetrics_skip_tracking":false,"_exactmetrics_sitenote_active":false,"_exactmetrics_sitenote_note":"","_exactmetrics_sitenote_category":0,"jetpack_post_was_ever_published":false,"_jetpack_newsletter_access":"","_jetpack_dont_email_post_to_subs":false,"_jetpack_newsletter_tier_id":0,"_jetpack_memberships_contains_paywalled_content":false,"_jetpack_memberships_contains_paid_content":false,"footnotes":"","jetpack_publicize_message":"","jetpack_publicize_feature_enabled":true,"jetpack_social_post_already_shared":true,"jetpack_social_options":{"image_generator_settings":{"template":"highway","enabled":false},"version":2}},"categories":[1],"tags":[],"class_list":["post-10937","post","type-post","status-publish","format-standard","hentry","category-notas"],"jetpack_publicize_connections":[],"jetpack_sharing_enabled":true,"jetpack_featured_media_url":"","jetpack_shortlink":"https:\/\/wp.me\/p7wKYW-2Qp","jetpack-related-posts":[],"_links":{"self":[{"href":"http:\/\/blogdalucianaoliveira.com.br\/blog\/wp-json\/wp\/v2\/posts\/10937","targetHints":{"allow":["GET"]}}],"collection":[{"href":"http:\/\/blogdalucianaoliveira.com.br\/blog\/wp-json\/wp\/v2\/posts"}],"about":[{"href":"http:\/\/blogdalucianaoliveira.com.br\/blog\/wp-json\/wp\/v2\/types\/post"}],"author":[{"embeddable":true,"href":"http:\/\/blogdalucianaoliveira.com.br\/blog\/wp-json\/wp\/v2\/users\/1"}],"replies":[{"embeddable":true,"href":"http:\/\/blogdalucianaoliveira.com.br\/blog\/wp-json\/wp\/v2\/comments?post=10937"}],"version-history":[{"count":2,"href":"http:\/\/blogdalucianaoliveira.com.br\/blog\/wp-json\/wp\/v2\/posts\/10937\/revisions"}],"predecessor-version":[{"id":10940,"href":"http:\/\/blogdalucianaoliveira.com.br\/blog\/wp-json\/wp\/v2\/posts\/10937\/revisions\/10940"}],"wp:attachment":[{"href":"http:\/\/blogdalucianaoliveira.com.br\/blog\/wp-json\/wp\/v2\/media?parent=10937"}],"wp:term":[{"taxonomy":"category","embeddable":true,"href":"http:\/\/blogdalucianaoliveira.com.br\/blog\/wp-json\/wp\/v2\/categories?post=10937"},{"taxonomy":"post_tag","embeddable":true,"href":"http:\/\/blogdalucianaoliveira.com.br\/blog\/wp-json\/wp\/v2\/tags?post=10937"}],"curies":[{"name":"wp","href":"https:\/\/api.w.org\/{rel}","templated":true}]}}