{"id":10941,"date":"2017-05-24T10:00:39","date_gmt":"2017-05-24T14:00:39","guid":{"rendered":"http:\/\/blogdalucianaoliveira.com.br\/blog\/?p=10941"},"modified":"2017-05-24T10:00:39","modified_gmt":"2017-05-24T14:00:39","slug":"caso-reinaldo-azevedo-solidariedade-com-puxao-de-orelhas","status":"publish","type":"post","link":"http:\/\/blogdalucianaoliveira.com.br\/blog\/2017\/05\/24\/caso-reinaldo-azevedo-solidariedade-com-puxao-de-orelhas\/","title":{"rendered":"Caso Reinaldo Azevedo: solidariedade com pux\u00e3o de orelhas"},"content":{"rendered":"<p><img data-recalc-dims=\"1\" loading=\"lazy\" decoding=\"async\" data-attachment-id=\"10942\" data-permalink=\"http:\/\/blogdalucianaoliveira.com.br\/blog\/2017\/05\/24\/caso-reinaldo-azevedo-solidariedade-com-puxao-de-orelhas\/azevedoabril-compressed\/\" data-orig-file=\"https:\/\/i0.wp.com\/blogdalucianaoliveira.com.br\/blog\/wp-content\/uploads\/2017\/05\/azevedoabril-compressed.jpg?fit=740%2C471\" data-orig-size=\"740,471\" data-comments-opened=\"0\" data-image-meta=\"{&quot;aperture&quot;:&quot;0&quot;,&quot;credit&quot;:&quot;&quot;,&quot;camera&quot;:&quot;&quot;,&quot;caption&quot;:&quot;&quot;,&quot;created_timestamp&quot;:&quot;0&quot;,&quot;copyright&quot;:&quot;&quot;,&quot;focal_length&quot;:&quot;0&quot;,&quot;iso&quot;:&quot;0&quot;,&quot;shutter_speed&quot;:&quot;0&quot;,&quot;title&quot;:&quot;&quot;,&quot;orientation&quot;:&quot;0&quot;}\" data-image-title=\"azevedoabril-compressed\" data-image-description=\"\" data-image-caption=\"\" data-medium-file=\"https:\/\/i0.wp.com\/blogdalucianaoliveira.com.br\/blog\/wp-content\/uploads\/2017\/05\/azevedoabril-compressed.jpg?fit=300%2C191\" data-large-file=\"https:\/\/i0.wp.com\/blogdalucianaoliveira.com.br\/blog\/wp-content\/uploads\/2017\/05\/azevedoabril-compressed.jpg?fit=600%2C382\" src=\"https:\/\/i0.wp.com\/blogdalucianaoliveira.com.br\/blog\/wp-content\/uploads\/2017\/05\/azevedoabril-compressed.jpg?resize=600%2C382\" alt=\"azevedoabril-compressed\" width=\"600\" height=\"382\" class=\"alignnone size-full wp-image-10942\" srcset=\"https:\/\/i0.wp.com\/blogdalucianaoliveira.com.br\/blog\/wp-content\/uploads\/2017\/05\/azevedoabril-compressed.jpg?w=740 740w, https:\/\/i0.wp.com\/blogdalucianaoliveira.com.br\/blog\/wp-content\/uploads\/2017\/05\/azevedoabril-compressed.jpg?resize=300%2C191 300w, https:\/\/i0.wp.com\/blogdalucianaoliveira.com.br\/blog\/wp-content\/uploads\/2017\/05\/azevedoabril-compressed.jpg?resize=471%2C300 471w\" sizes=\"auto, (max-width: 600px) 100vw, 600px\" \/><\/p>\n<p>Por Tadeu Porto<\/p>\n<p>Pablo Neruda descreve, muito bem, qual \u00e9 a situa\u00e7\u00e3o atual do blogueiro ex-Veja: \u201cVoc\u00ea \u00e9 livre para fazer suas escolhas, mas \u00e9 prisioneiro de suas consequ\u00eancias\u201d.<!--more--><\/p>\n<p>Liberdade \u00e9 uma palavra que Azevedo diz apreciar por demais, infelizmente mais para justificar uma postura desprez\u00edvel do que para buscar um sistema onde as pessoas possam, efetivamente, gozar de sua plena liberdade sem consequ\u00eancias desastrosas para seus pares.<\/p>\n<p>Livre, leve e solta esteve a Veja, hoje, para aceitar a demiss\u00e3o de um dos seus \u00edcones e, justi\u00e7a seja feita, pautada por uma tremenda injusti\u00e7a. N\u00e3o vou mentir, eu at\u00e9 abriria um vinho para comemorar a\u00e7\u00f5es que diminuam o alcance de algu\u00e9m que fale e escreva tanta bobagem, mas o m\u00e9todo que culminou na queda de Azevedo foi por demais nefasto ( mais repulsivo que seus textos medonhos), portanto, n\u00e3o h\u00e1 o que comemorar.<\/p>\n<p>Solidariedade ao Tio Rei, com justi\u00e7a, j\u00e1 li aos montes : desde Pablo Villa\u00e7a \u2013 que deixou Cannes de lado para escrever no Face \u2013 at\u00e9 Fernando Brito, no Tijola\u00e7o, passando, tamb\u00e9m, por Renato Rovai (Revista F\u00f3rum),  Kiko Nogueira (DCM), o Pulitzer Glenn Greenwald (The Intercept), o pessoal do Jornalistas Livres e [spoiler alert] meu amigo do peito e chefe, editor do Cafezinho Miguel do Ros\u00e1rio que deve soltar um texto daqui a pouco.<\/p>\n<p>Enfim, a blogosfera progressista \u00e9, com raz\u00e3o, un\u00e2nime na solidariedade \u00e0 Reinaldo contra o absurdo que o MP promoveu ao divulgar escutas que nada tem a ver com os autos do processo em quest\u00e3o.<\/p>\n<p>Contudo, n\u00e3o posso deixar escapar esse momento para, no m\u00ednimo, pedir uma reflex\u00e3o a Reinaldo e seus f\u00e3s, afinal,n\u00e3o adianta somente ser solid\u00e1rio sem tentar, efetivamente, melhorar o conjunto de consequ\u00eancias que levaram a pr\u00e1tica injusta. E, nesse sentido, a grande realidade \u00e9 que Azevedo e seus seguidores s\u00e3o fortemente respons\u00e1veis pela sistema injusto que os puniu.<\/p>\n<p>Em outras palavras, eles foram picados pela serpente que ajudaram a chocar  e aqui, objetivo como o BuzzFeed, est\u00e3o alguns motivos.<\/p>\n<p>1 \u2013 Defesa do grampo entre Lula e Dilma<\/p>\n<p>Em sua nota, Reinaldo reclama (com autoridade) sobre a divulga\u00e7\u00e3o ilegal do grampo o qual foi v\u00edtima, chegando a argumentar \u201cse estimulam que se grave ilegalmente o presidente, por que n\u00e3o fariam isso com um jornalista que \u00e9 cr\u00edtico ao trabalho da patota\u201d .Pois \u00e9, quando a grampeada foi a presidenta Dilma, e a divulga\u00e7\u00e3o (tamb\u00e9m ilegal) foi feita por Moro para barrar Lula, Azevedo defendeu com unhas e dentes.<\/p>\n<p>Hoje, Reinaldo \u00e9 v\u00edtima do m\u00e9todo que tanto utilizou para o seu desejado Golpe.<\/p>\n<p>2 \u2013 Ataque aos Movimentos Sociais<\/p>\n<p>Desde o come\u00e7o, a Lava-Jato tem sido denunciada por tentar promover o \u201cestado policial\u201d que Reinaldo se referiu em sua nota. Contudo, quando a opera\u00e7\u00e3o era de interesse do jornalista, ele n\u00e3o poupou palavras para atacar movimentos sociais, como a FUP e o MTST de Boulos, que, naquele momento, j\u00e1 denunciava o que Azevedo descobriu outro dia.<\/p>\n<p>Hoje, Reinaldo \u00e9 v\u00edtima do estado policialesco que o ajudou a construir.<\/p>\n<p>3 \u2013 Pedido de Impeachment no dia da vit\u00f3ria da Dilma<\/p>\n<p>Uma das virtudes cruciais de democratas \u00e9 saber perder, afinal, n\u00e3o h\u00e1 Rep\u00fablica que aguente atores pol\u00edticos que fazem da derrota uma vingan\u00e7a, pois a instabilidade gerada deixa o pa\u00eds ingovern\u00e1vel. Mesmo assim, Azevedo n\u00e3o poupou esfor\u00e7os para derrubar Dilma desde o primeiro dia de sua vit\u00f3ria (foi o coment\u00e1rio do blogueiro \u201ctem um Youssef no meio do caminho\u201d que descambou para a discuss\u00e3o do impeachment na TVeja, no dia da vit\u00f3ria petista).<\/p>\n<p>Hoje, Reinaldo \u00e9 v\u00edtima da instabilidade que ajudou a criar.<\/p>\n<p>4 \u2013 Capas da Veja \u201cnojentas\u201d j\u00e1 tiveram aos montes<\/p>\n<p>Nem precisa escrever muito aqui. A Veja quase decidiu o pleito de 2014 a favor do A\u00e9cio, com a capa mais criminosa da hist\u00f3ria \u2013 a tal \u201celes sabiam de tudo\u201d \u2013 sem o m\u00ednimo de verdade factual, servindo, apenas, de panfleto tucando pr\u00e9 vota\u00e7\u00e3o. Reinaldo defendeu a Veja e a  capa quando foi conveniente.<\/p>\n<p>Hoje Reinaldo \u00e9 v\u00edtima de uma m\u00eddia canalha que ele ajudou a criar.<\/p>\n<p>5 \u2013 Para barrar Lula como ministro, poderes ao Minist\u00e9rio P\u00fablico<\/p>\n<p>Quando Dilma tentou emplacar Lula como ministro, e recebeu uma forte interfer\u00eancia de sua prerrogativa como chefe do executivo, tanto do judici\u00e1rio ( com Mendes sempre ele), quanto do parecer de Janot, Reinaldo curtiu. O jornalista chegou a pedir que o MP interviesse \u201cclamando pela import\u00e2ncia das institui\u00e7\u00f5es\u201d. Pois \u00e9, Tio Rei, quem tem poder para barrar posse de um ministro, amigo, faz o que quer com um jornalista.<\/p>\n<p>Hoje, Reinaldo \u00e9 v\u00edtima dos \u201csuperpoderes\u201d institucionais que ele ajudou a fomentar  <\/p>\n<p>6 \u2013 Cr\u00edticas a Lula na Onu<\/p>\n<p>Que a Lava-Jato montou um estado de exce\u00e7\u00e3o n\u00f3s estamos cansados de saber. Tanto \u00e9 que Lula denunciou as pr\u00e1ticas de Moro a ONU, para ver se os olhos internacionais jogavam alguma luz para a obscuridade que havia tomado conta do nosso judici\u00e1rio. Naquela ocasi\u00e3o, Reinaldo preferiu defender as atitudes fascistas de Moro ao inv\u00e9s de dar raz\u00f5es \u00e0s preocupa\u00e7\u00f5es do ex-presidente. <\/p>\n<p>Hoje, Reinaldo \u00e9 v\u00edtima do estado de exce\u00e7\u00e3o que ajudou a proteger.<\/p>\n<p>7 \u2013 As mortes de Lula<\/p>\n<p>Reinaldo \u201cmatou\u201d Lula duas vezes, aqui e aqui. Lula, hoje, \u00e9 a principal v\u00edtima da Lava-Jato e, sobretudo, a \u00fanica esperan\u00e7a de curto prazo que o pa\u00eds tem de sair do caos institucional e barrar o avan\u00e7o da ditadura jur\u00eddica, afinal, o \u00fanico r\u00e9u que tem for\u00e7a e coragem para peitar a rep\u00fablica de curitiba \u00e9 o ex-presidente. <\/p>\n<p>Ou seja, hoje, Reinaldo precisa de Lula vivo para sobreviver. <\/p>\n<p>Nessa hist\u00f3ria do Azevedo, talvez, nem Neruda conseguiria ser t\u00e3o po\u00e9tico.<\/p>\n","protected":false},"excerpt":{"rendered":"<p>Por Tadeu Porto Pablo Neruda descreve, muito bem, qual \u00e9 a situa\u00e7\u00e3o atual do blogueiro ex-Veja: \u201cVoc\u00ea \u00e9 livre para fazer suas escolhas, mas \u00e9 prisioneiro de suas consequ\u00eancias\u201d.<\/p>\n","protected":false},"author":1,"featured_media":0,"comment_status":"closed","ping_status":"open","sticky":false,"template":"","format":"standard","meta":{"_exactmetrics_skip_tracking":false,"_exactmetrics_sitenote_active":false,"_exactmetrics_sitenote_note":"","_exactmetrics_sitenote_category":0,"jetpack_post_was_ever_published":false,"_jetpack_newsletter_access":"","_jetpack_dont_email_post_to_subs":false,"_jetpack_newsletter_tier_id":0,"_jetpack_memberships_contains_paywalled_content":false,"_jetpack_memberships_contains_paid_content":false,"footnotes":"","jetpack_publicize_message":"","jetpack_publicize_feature_enabled":true,"jetpack_social_post_already_shared":true,"jetpack_social_options":{"image_generator_settings":{"template":"highway","enabled":false},"version":2}},"categories":[1],"tags":[],"class_list":["post-10941","post","type-post","status-publish","format-standard","hentry","category-notas"],"jetpack_publicize_connections":[],"jetpack_sharing_enabled":true,"jetpack_featured_media_url":"","jetpack_shortlink":"https:\/\/wp.me\/p7wKYW-2Qt","jetpack-related-posts":[],"_links":{"self":[{"href":"http:\/\/blogdalucianaoliveira.com.br\/blog\/wp-json\/wp\/v2\/posts\/10941","targetHints":{"allow":["GET"]}}],"collection":[{"href":"http:\/\/blogdalucianaoliveira.com.br\/blog\/wp-json\/wp\/v2\/posts"}],"about":[{"href":"http:\/\/blogdalucianaoliveira.com.br\/blog\/wp-json\/wp\/v2\/types\/post"}],"author":[{"embeddable":true,"href":"http:\/\/blogdalucianaoliveira.com.br\/blog\/wp-json\/wp\/v2\/users\/1"}],"replies":[{"embeddable":true,"href":"http:\/\/blogdalucianaoliveira.com.br\/blog\/wp-json\/wp\/v2\/comments?post=10941"}],"version-history":[{"count":1,"href":"http:\/\/blogdalucianaoliveira.com.br\/blog\/wp-json\/wp\/v2\/posts\/10941\/revisions"}],"predecessor-version":[{"id":10943,"href":"http:\/\/blogdalucianaoliveira.com.br\/blog\/wp-json\/wp\/v2\/posts\/10941\/revisions\/10943"}],"wp:attachment":[{"href":"http:\/\/blogdalucianaoliveira.com.br\/blog\/wp-json\/wp\/v2\/media?parent=10941"}],"wp:term":[{"taxonomy":"category","embeddable":true,"href":"http:\/\/blogdalucianaoliveira.com.br\/blog\/wp-json\/wp\/v2\/categories?post=10941"},{"taxonomy":"post_tag","embeddable":true,"href":"http:\/\/blogdalucianaoliveira.com.br\/blog\/wp-json\/wp\/v2\/tags?post=10941"}],"curies":[{"name":"wp","href":"https:\/\/api.w.org\/{rel}","templated":true}]}}