{"id":10944,"date":"2017-05-24T10:07:32","date_gmt":"2017-05-24T14:07:32","guid":{"rendered":"http:\/\/blogdalucianaoliveira.com.br\/blog\/?p=10944"},"modified":"2017-05-24T10:07:32","modified_gmt":"2017-05-24T14:07:32","slug":"risco-lula-faz-aliados-de-temer-articularem-nomes-para-eleicoes-indiretas","status":"publish","type":"post","link":"http:\/\/blogdalucianaoliveira.com.br\/blog\/2017\/05\/24\/risco-lula-faz-aliados-de-temer-articularem-nomes-para-eleicoes-indiretas\/","title":{"rendered":"\u201cRISCO LULA\u201d FAZ ALIADOS DE TEMER ARTICULAREM NOMES PARA ELEI\u00c7\u00d5ES INDIRETAS"},"content":{"rendered":"<p><img data-recalc-dims=\"1\" loading=\"lazy\" decoding=\"async\" data-attachment-id=\"10946\" data-permalink=\"http:\/\/blogdalucianaoliveira.com.br\/blog\/2017\/05\/24\/risco-lula-faz-aliados-de-temer-articularem-nomes-para-eleicoes-indiretas\/mamai-2\/\" data-orig-file=\"https:\/\/i0.wp.com\/blogdalucianaoliveira.com.br\/blog\/wp-content\/uploads\/2017\/05\/mamai-1.jpg?fit=434%2C219\" data-orig-size=\"434,219\" data-comments-opened=\"0\" data-image-meta=\"{&quot;aperture&quot;:&quot;0&quot;,&quot;credit&quot;:&quot;&quot;,&quot;camera&quot;:&quot;&quot;,&quot;caption&quot;:&quot;&quot;,&quot;created_timestamp&quot;:&quot;0&quot;,&quot;copyright&quot;:&quot;&quot;,&quot;focal_length&quot;:&quot;0&quot;,&quot;iso&quot;:&quot;0&quot;,&quot;shutter_speed&quot;:&quot;0&quot;,&quot;title&quot;:&quot;&quot;,&quot;orientation&quot;:&quot;0&quot;}\" data-image-title=\"mamai\" data-image-description=\"\" data-image-caption=\"\" data-medium-file=\"https:\/\/i0.wp.com\/blogdalucianaoliveira.com.br\/blog\/wp-content\/uploads\/2017\/05\/mamai-1.jpg?fit=300%2C151\" data-large-file=\"https:\/\/i0.wp.com\/blogdalucianaoliveira.com.br\/blog\/wp-content\/uploads\/2017\/05\/mamai-1.jpg?fit=434%2C219\" src=\"https:\/\/i0.wp.com\/blogdalucianaoliveira.com.br\/blog\/wp-content\/uploads\/2017\/05\/mamai-1.jpg?resize=434%2C219\" alt=\"mamai\" width=\"434\" height=\"219\" class=\"alignnone size-full wp-image-10946\" srcset=\"https:\/\/i0.wp.com\/blogdalucianaoliveira.com.br\/blog\/wp-content\/uploads\/2017\/05\/mamai-1.jpg?w=434 434w, https:\/\/i0.wp.com\/blogdalucianaoliveira.com.br\/blog\/wp-content\/uploads\/2017\/05\/mamai-1.jpg?resize=300%2C151 300w\" sizes=\"auto, (max-width: 434px) 100vw, 434px\" \/><\/p>\n<p>Do Estad\u00e3o<\/p>\n<p>Nesta ter\u00e7a-feira, 23, a base aliada conseguiu adiar a vota\u00e7\u00e3o na Comiss\u00e3o de Constitui\u00e7\u00e3o e Justi\u00e7a (CCJ) da C\u00e2mara do relat\u00f3rio favor\u00e1vel \u00e0 Proposta de Emenda \u00e0 Constitui\u00e7\u00e3o (PEC) das elei\u00e7\u00f5es diretas para o caso de vac\u00e2ncia da Presid\u00eancia. O projeto, mais tarde, foi retirado da pauta.<!--more--><\/p>\n<p>Desde a divulga\u00e7\u00e3o das dela\u00e7\u00f5es da JBS, tucanos e outros aliados t\u00eam feito reuni\u00f5es quase que di\u00e1rias para discutir cen\u00e1rios de p\u00f3s-Temer. Um deles, defendido por dirigentes do PSDB, do DEM e de uma parte do pr\u00f3prio PMDB, seria a ren\u00fancia do presidente com escolha de um sucessor que passe pela concord\u00e2ncia do pr\u00f3prio Temer. O problema, nesse caso, \u00e9 que o peemedebista n\u00e3o aceita renunciar e ningu\u00e9m pretende pression\u00e1-lo para que fa\u00e7a isso, ao menos por enquanto.<\/p>\n<p>Ministros. At\u00e9 agora, a maior parte dos aliados concorda com a manuten\u00e7\u00e3o do ministro da Fazenda, Henrique Meirelles. Alguns tamb\u00e9m observam que seria conveniente propor a Temer que, caso a situa\u00e7\u00e3o fique insustent\u00e1vel, os ministros da Casa Civil, Eliseu Padilha, e da Secretaria-Geral da Presid\u00eancia, Moreira Franco, tamb\u00e9m sejam preservados, embora sejam investigados pela Lava Jato.<\/p>\n<p>Avalista do governo, o PSDB considera que o nome ideal para substituir Temer seria o do ex-presidente Fernando Henrique Cardoso, mas n\u00e3o h\u00e1 consenso.<\/p>\n<p>Na C\u00e2mara, muitos aliados querem que o presidente da Casa, Rodrigo Maia (DEM-RJ), ocupe a cadeira de Temer. Se o presidente renunciar, \u00e9 Maia que assume o cargo por 30 dias.<\/p>\n","protected":false},"excerpt":{"rendered":"<p>Do Estad\u00e3o Nesta ter\u00e7a-feira, 23, a base aliada conseguiu adiar a vota\u00e7\u00e3o na Comiss\u00e3o de Constitui\u00e7\u00e3o e Justi\u00e7a (CCJ) da C\u00e2mara do relat\u00f3rio favor\u00e1vel \u00e0 Proposta de Emenda \u00e0 Constitui\u00e7\u00e3o (PEC) das elei\u00e7\u00f5es diretas para o caso de vac\u00e2ncia da Presid\u00eancia. O projeto, mais tarde, foi retirado da pauta.<\/p>\n","protected":false},"author":1,"featured_media":0,"comment_status":"closed","ping_status":"open","sticky":false,"template":"","format":"standard","meta":{"_exactmetrics_skip_tracking":false,"_exactmetrics_sitenote_active":false,"_exactmetrics_sitenote_note":"","_exactmetrics_sitenote_category":0,"jetpack_post_was_ever_published":false,"_jetpack_newsletter_access":"","_jetpack_dont_email_post_to_subs":false,"_jetpack_newsletter_tier_id":0,"_jetpack_memberships_contains_paywalled_content":false,"_jetpack_memberships_contains_paid_content":false,"footnotes":"","jetpack_publicize_message":"","jetpack_publicize_feature_enabled":true,"jetpack_social_post_already_shared":true,"jetpack_social_options":{"image_generator_settings":{"template":"highway","enabled":false},"version":2}},"categories":[1],"tags":[],"class_list":["post-10944","post","type-post","status-publish","format-standard","hentry","category-notas"],"jetpack_publicize_connections":[],"jetpack_sharing_enabled":true,"jetpack_featured_media_url":"","jetpack_shortlink":"https:\/\/wp.me\/p7wKYW-2Qw","jetpack-related-posts":[],"_links":{"self":[{"href":"http:\/\/blogdalucianaoliveira.com.br\/blog\/wp-json\/wp\/v2\/posts\/10944","targetHints":{"allow":["GET"]}}],"collection":[{"href":"http:\/\/blogdalucianaoliveira.com.br\/blog\/wp-json\/wp\/v2\/posts"}],"about":[{"href":"http:\/\/blogdalucianaoliveira.com.br\/blog\/wp-json\/wp\/v2\/types\/post"}],"author":[{"embeddable":true,"href":"http:\/\/blogdalucianaoliveira.com.br\/blog\/wp-json\/wp\/v2\/users\/1"}],"replies":[{"embeddable":true,"href":"http:\/\/blogdalucianaoliveira.com.br\/blog\/wp-json\/wp\/v2\/comments?post=10944"}],"version-history":[{"count":1,"href":"http:\/\/blogdalucianaoliveira.com.br\/blog\/wp-json\/wp\/v2\/posts\/10944\/revisions"}],"predecessor-version":[{"id":10947,"href":"http:\/\/blogdalucianaoliveira.com.br\/blog\/wp-json\/wp\/v2\/posts\/10944\/revisions\/10947"}],"wp:attachment":[{"href":"http:\/\/blogdalucianaoliveira.com.br\/blog\/wp-json\/wp\/v2\/media?parent=10944"}],"wp:term":[{"taxonomy":"category","embeddable":true,"href":"http:\/\/blogdalucianaoliveira.com.br\/blog\/wp-json\/wp\/v2\/categories?post=10944"},{"taxonomy":"post_tag","embeddable":true,"href":"http:\/\/blogdalucianaoliveira.com.br\/blog\/wp-json\/wp\/v2\/tags?post=10944"}],"curies":[{"name":"wp","href":"https:\/\/api.w.org\/{rel}","templated":true}]}}