{"id":10957,"date":"2017-05-24T18:15:57","date_gmt":"2017-05-24T22:15:57","guid":{"rendered":"http:\/\/blogdalucianaoliveira.com.br\/blog\/?p=10957"},"modified":"2017-05-24T18:15:57","modified_gmt":"2017-05-24T22:15:57","slug":"temer-acionou-o-mesmo-dispositivo-que-permitiu-a-ditadura-militar","status":"publish","type":"post","link":"http:\/\/blogdalucianaoliveira.com.br\/blog\/2017\/05\/24\/temer-acionou-o-mesmo-dispositivo-que-permitiu-a-ditadura-militar\/","title":{"rendered":"TEMER ACIONOU O MESMO DISPOSITIVO QUE PERMITIU A DITADURA MILITAR"},"content":{"rendered":"<p><img data-recalc-dims=\"1\" loading=\"lazy\" decoding=\"async\" data-attachment-id=\"10958\" data-permalink=\"http:\/\/blogdalucianaoliveira.com.br\/blog\/2017\/05\/24\/temer-acionou-o-mesmo-dispositivo-que-permitiu-a-ditadura-militar\/au\/\" data-orig-file=\"https:\/\/i0.wp.com\/blogdalucianaoliveira.com.br\/blog\/wp-content\/uploads\/2017\/05\/au.jpg?fit=1000%2C357\" data-orig-size=\"1000,357\" data-comments-opened=\"0\" data-image-meta=\"{&quot;aperture&quot;:&quot;0&quot;,&quot;credit&quot;:&quot;&quot;,&quot;camera&quot;:&quot;&quot;,&quot;caption&quot;:&quot;&quot;,&quot;created_timestamp&quot;:&quot;0&quot;,&quot;copyright&quot;:&quot;&quot;,&quot;focal_length&quot;:&quot;0&quot;,&quot;iso&quot;:&quot;0&quot;,&quot;shutter_speed&quot;:&quot;0&quot;,&quot;title&quot;:&quot;&quot;,&quot;orientation&quot;:&quot;0&quot;}\" data-image-title=\"au\" data-image-description=\"\" data-image-caption=\"\" data-medium-file=\"https:\/\/i0.wp.com\/blogdalucianaoliveira.com.br\/blog\/wp-content\/uploads\/2017\/05\/au.jpg?fit=300%2C107\" data-large-file=\"https:\/\/i0.wp.com\/blogdalucianaoliveira.com.br\/blog\/wp-content\/uploads\/2017\/05\/au.jpg?fit=600%2C214\" src=\"https:\/\/i0.wp.com\/blogdalucianaoliveira.com.br\/blog\/wp-content\/uploads\/2017\/05\/au.jpg?resize=600%2C214\" alt=\"au\" width=\"600\" height=\"214\" class=\"alignnone size-full wp-image-10958\" srcset=\"https:\/\/i0.wp.com\/blogdalucianaoliveira.com.br\/blog\/wp-content\/uploads\/2017\/05\/au.jpg?w=1000 1000w, https:\/\/i0.wp.com\/blogdalucianaoliveira.com.br\/blog\/wp-content\/uploads\/2017\/05\/au.jpg?resize=300%2C107 300w, https:\/\/i0.wp.com\/blogdalucianaoliveira.com.br\/blog\/wp-content\/uploads\/2017\/05\/au.jpg?resize=768%2C274 768w, https:\/\/i0.wp.com\/blogdalucianaoliveira.com.br\/blog\/wp-content\/uploads\/2017\/05\/au.jpg?resize=800%2C286 800w\" sizes=\"auto, (max-width: 600px) 100vw, 600px\" \/><\/p>\n<p>247 \u2013 Ao convocar o ex\u00e9rcito por uma semana para garantir a lei e a ordem (leia mais aqui), Michel Temer, flagrado em atos de corrup\u00e7\u00e3o e com pedido de impeachment apresentado pela OAB, acionou o artigo 142 da Constitui\u00e7\u00e3o Federal.<!--more--><\/p>\n<p>\u00c9 um dos artigos cujo conte\u00fado os militares pressionaram para manter da Constitui\u00e7\u00e3o 1988. De acordo com o texto, os militares se julgam constitucionalmente autorizados a intervir nos poderes constitu\u00eddos do Pa\u00eds e na sociedade como um todo.<\/p>\n<p>Ou seja: Temer abriu as portas para uma nova ditadura no Brasil, assim como a de 1964, que durou 21 anos.<\/p>\n<p>O decreto foi assinado por ele e pelo general Sergio Etchegoyen.<\/p>\n<p>A diferen\u00e7a \u00e9 que, em 1964, a &#8220;revolu\u00e7\u00e3o&#8221; foi chamada de &#8220;redentora&#8221; porque visava limpar o Brasil da corrup\u00e7\u00e3o. Hoje, o Ex\u00e9rcito foi chamado para proteger um governo ileg\u00edtimo, que tem um presidente e nove ministros investigados por corrup\u00e7\u00e3o e caixa dois.<\/p>\n<p>Abaixo, a reda\u00e7\u00e3o do artigo 142:<\/p>\n<p>Art. 142. As For\u00e7as Armadas, constitu\u00eddas pela Marinha, pelo Ex\u00e9rcito e pela Aeron\u00e1utica, s\u00e3o institui\u00e7\u00f5es nacionais permanentes e regulares, organizadas com base na hierarquia e na disciplina, sob a autoridade suprema do Presidente da Rep\u00fablica, e destinam-se \u00e0 defesa da P\u00e1tria, \u00e0 garantia dos poderes constitucionais e, por iniciativa de qualquer destes, da lei e da ordem.<\/p>\n","protected":false},"excerpt":{"rendered":"<p>247 \u2013 Ao convocar o ex\u00e9rcito por uma semana para garantir a lei e a ordem (leia mais aqui), Michel Temer, flagrado em atos de corrup\u00e7\u00e3o e com pedido de impeachment apresentado pela OAB, acionou o artigo 142 da Constitui\u00e7\u00e3o Federal.<\/p>\n","protected":false},"author":1,"featured_media":0,"comment_status":"closed","ping_status":"open","sticky":false,"template":"","format":"standard","meta":{"_exactmetrics_skip_tracking":false,"_exactmetrics_sitenote_active":false,"_exactmetrics_sitenote_note":"","_exactmetrics_sitenote_category":0,"jetpack_post_was_ever_published":false,"_jetpack_newsletter_access":"","_jetpack_dont_email_post_to_subs":false,"_jetpack_newsletter_tier_id":0,"_jetpack_memberships_contains_paywalled_content":false,"_jetpack_memberships_contains_paid_content":false,"footnotes":"","jetpack_publicize_message":"","jetpack_publicize_feature_enabled":true,"jetpack_social_post_already_shared":true,"jetpack_social_options":{"image_generator_settings":{"template":"highway","enabled":false},"version":2}},"categories":[1],"tags":[],"class_list":["post-10957","post","type-post","status-publish","format-standard","hentry","category-notas"],"jetpack_publicize_connections":[],"jetpack_sharing_enabled":true,"jetpack_featured_media_url":"","jetpack_shortlink":"https:\/\/wp.me\/p7wKYW-2QJ","jetpack-related-posts":[],"_links":{"self":[{"href":"http:\/\/blogdalucianaoliveira.com.br\/blog\/wp-json\/wp\/v2\/posts\/10957","targetHints":{"allow":["GET"]}}],"collection":[{"href":"http:\/\/blogdalucianaoliveira.com.br\/blog\/wp-json\/wp\/v2\/posts"}],"about":[{"href":"http:\/\/blogdalucianaoliveira.com.br\/blog\/wp-json\/wp\/v2\/types\/post"}],"author":[{"embeddable":true,"href":"http:\/\/blogdalucianaoliveira.com.br\/blog\/wp-json\/wp\/v2\/users\/1"}],"replies":[{"embeddable":true,"href":"http:\/\/blogdalucianaoliveira.com.br\/blog\/wp-json\/wp\/v2\/comments?post=10957"}],"version-history":[{"count":1,"href":"http:\/\/blogdalucianaoliveira.com.br\/blog\/wp-json\/wp\/v2\/posts\/10957\/revisions"}],"predecessor-version":[{"id":10959,"href":"http:\/\/blogdalucianaoliveira.com.br\/blog\/wp-json\/wp\/v2\/posts\/10957\/revisions\/10959"}],"wp:attachment":[{"href":"http:\/\/blogdalucianaoliveira.com.br\/blog\/wp-json\/wp\/v2\/media?parent=10957"}],"wp:term":[{"taxonomy":"category","embeddable":true,"href":"http:\/\/blogdalucianaoliveira.com.br\/blog\/wp-json\/wp\/v2\/categories?post=10957"},{"taxonomy":"post_tag","embeddable":true,"href":"http:\/\/blogdalucianaoliveira.com.br\/blog\/wp-json\/wp\/v2\/tags?post=10957"}],"curies":[{"name":"wp","href":"https:\/\/api.w.org\/{rel}","templated":true}]}}