{"id":10960,"date":"2017-05-24T18:19:09","date_gmt":"2017-05-24T22:19:09","guid":{"rendered":"http:\/\/blogdalucianaoliveira.com.br\/blog\/?p=10960"},"modified":"2017-05-24T18:19:09","modified_gmt":"2017-05-24T22:19:09","slug":"frente-brasil-popular-rechaca-repressao-e-convocacao-do-exercito-por-temer","status":"publish","type":"post","link":"http:\/\/blogdalucianaoliveira.com.br\/blog\/2017\/05\/24\/frente-brasil-popular-rechaca-repressao-e-convocacao-do-exercito-por-temer\/","title":{"rendered":"FRENTE BRASIL POPULAR RECHA\u00c7A REPRESS\u00c3O E CONVOCA\u00c7\u00c3O DO EX\u00c9RCITO POR TEMER"},"content":{"rendered":"<p><img data-recalc-dims=\"1\" loading=\"lazy\" decoding=\"async\" data-attachment-id=\"10961\" data-permalink=\"http:\/\/blogdalucianaoliveira.com.br\/blog\/2017\/05\/24\/frente-brasil-popular-rechaca-repressao-e-convocacao-do-exercito-por-temer\/exe\/\" data-orig-file=\"https:\/\/i0.wp.com\/blogdalucianaoliveira.com.br\/blog\/wp-content\/uploads\/2017\/05\/exe.jpg?fit=1001%2C357\" data-orig-size=\"1001,357\" data-comments-opened=\"0\" data-image-meta=\"{&quot;aperture&quot;:&quot;0&quot;,&quot;credit&quot;:&quot;&quot;,&quot;camera&quot;:&quot;&quot;,&quot;caption&quot;:&quot;&quot;,&quot;created_timestamp&quot;:&quot;0&quot;,&quot;copyright&quot;:&quot;&quot;,&quot;focal_length&quot;:&quot;0&quot;,&quot;iso&quot;:&quot;0&quot;,&quot;shutter_speed&quot;:&quot;0&quot;,&quot;title&quot;:&quot;&quot;,&quot;orientation&quot;:&quot;0&quot;}\" data-image-title=\"exe\" data-image-description=\"\" data-image-caption=\"\" data-medium-file=\"https:\/\/i0.wp.com\/blogdalucianaoliveira.com.br\/blog\/wp-content\/uploads\/2017\/05\/exe.jpg?fit=300%2C107\" data-large-file=\"https:\/\/i0.wp.com\/blogdalucianaoliveira.com.br\/blog\/wp-content\/uploads\/2017\/05\/exe.jpg?fit=600%2C214\" src=\"https:\/\/i0.wp.com\/blogdalucianaoliveira.com.br\/blog\/wp-content\/uploads\/2017\/05\/exe.jpg?resize=600%2C214\" alt=\"exe\" width=\"600\" height=\"214\" class=\"alignnone size-full wp-image-10961\" srcset=\"https:\/\/i0.wp.com\/blogdalucianaoliveira.com.br\/blog\/wp-content\/uploads\/2017\/05\/exe.jpg?w=1001 1001w, https:\/\/i0.wp.com\/blogdalucianaoliveira.com.br\/blog\/wp-content\/uploads\/2017\/05\/exe.jpg?resize=300%2C107 300w, https:\/\/i0.wp.com\/blogdalucianaoliveira.com.br\/blog\/wp-content\/uploads\/2017\/05\/exe.jpg?resize=768%2C274 768w, https:\/\/i0.wp.com\/blogdalucianaoliveira.com.br\/blog\/wp-content\/uploads\/2017\/05\/exe.jpg?resize=800%2C285 800w\" sizes=\"auto, (max-width: 600px) 100vw, 600px\" \/><\/p>\n<p>247 \u2013 Leia, abaixo, nota da Frente Brasil Popular:<!--more--><\/p>\n<p>A Frente Brasil Popular repudia veementemente o uso de repress\u00e3o policial e das For\u00e7as Armadas que agrediu milhares de brasileiros e brasileiras dentre os 200 mil que participaram da Marcha da classe Trabalhadora, organizada com unidade de todas as centrais sindicais e com a participa\u00e7\u00e3o das Frentes Brasil Popular e Povo Sem Medo.<\/p>\n<p>O uso das For\u00e7as Armadas, de bombas de g\u00e1s lacrimog\u00eaneo e bala de borracha demonstra a atual fraqueza do governo de Michel Temer e seus aliados, ainda mais inst\u00e1vel ap\u00f3s as in\u00fameras den\u00fancias de corrup\u00e7\u00e3o que envolvem o pr\u00f3prio presidente.<\/p>\n<p>As For\u00e7as Armadas rebaixaram o seu papel ao servir instrumento pol\u00edtico de um governo moribundo. Atacou indiscriminadamente dezenas de milhares de brasileiros\/as, quando alguns poucos se infiltram em nosso movimento pac\u00edfico para promover o enfrentamento.<\/p>\n<p>Sem for\u00e7as, sem apoio popular e vendo sua base golpista pular do barco, Temer criminaliza e persegue os movimentos sociais.<\/p>\n<p>Fomos \u00e0s ruas hoje para exigir a sa\u00edda do presidente, elei\u00e7\u00f5es diretas e a retirada das reformas da previd\u00eancia e trabalhista e ser\u00e3o as ruas os nossos espa\u00e7os sociais de luta at\u00e9 a derrubada de Temer e sua pauta de retirada de direitos.<\/p>\n<p>#DiretasJ\u00e1 #ForaTemer<br \/>\n#ContraAsReformas #BrazilResists<\/p>\n","protected":false},"excerpt":{"rendered":"<p>247 \u2013 Leia, abaixo, nota da Frente Brasil Popular:<\/p>\n","protected":false},"author":1,"featured_media":0,"comment_status":"closed","ping_status":"open","sticky":false,"template":"","format":"standard","meta":{"_exactmetrics_skip_tracking":false,"_exactmetrics_sitenote_active":false,"_exactmetrics_sitenote_note":"","_exactmetrics_sitenote_category":0,"jetpack_post_was_ever_published":false,"_jetpack_newsletter_access":"","_jetpack_dont_email_post_to_subs":false,"_jetpack_newsletter_tier_id":0,"_jetpack_memberships_contains_paywalled_content":false,"_jetpack_memberships_contains_paid_content":false,"footnotes":"","jetpack_publicize_message":"","jetpack_publicize_feature_enabled":true,"jetpack_social_post_already_shared":true,"jetpack_social_options":{"image_generator_settings":{"template":"highway","enabled":false},"version":2}},"categories":[1],"tags":[],"class_list":["post-10960","post","type-post","status-publish","format-standard","hentry","category-notas"],"jetpack_publicize_connections":[],"jetpack_sharing_enabled":true,"jetpack_featured_media_url":"","jetpack_shortlink":"https:\/\/wp.me\/p7wKYW-2QM","jetpack-related-posts":[],"_links":{"self":[{"href":"http:\/\/blogdalucianaoliveira.com.br\/blog\/wp-json\/wp\/v2\/posts\/10960","targetHints":{"allow":["GET"]}}],"collection":[{"href":"http:\/\/blogdalucianaoliveira.com.br\/blog\/wp-json\/wp\/v2\/posts"}],"about":[{"href":"http:\/\/blogdalucianaoliveira.com.br\/blog\/wp-json\/wp\/v2\/types\/post"}],"author":[{"embeddable":true,"href":"http:\/\/blogdalucianaoliveira.com.br\/blog\/wp-json\/wp\/v2\/users\/1"}],"replies":[{"embeddable":true,"href":"http:\/\/blogdalucianaoliveira.com.br\/blog\/wp-json\/wp\/v2\/comments?post=10960"}],"version-history":[{"count":1,"href":"http:\/\/blogdalucianaoliveira.com.br\/blog\/wp-json\/wp\/v2\/posts\/10960\/revisions"}],"predecessor-version":[{"id":10962,"href":"http:\/\/blogdalucianaoliveira.com.br\/blog\/wp-json\/wp\/v2\/posts\/10960\/revisions\/10962"}],"wp:attachment":[{"href":"http:\/\/blogdalucianaoliveira.com.br\/blog\/wp-json\/wp\/v2\/media?parent=10960"}],"wp:term":[{"taxonomy":"category","embeddable":true,"href":"http:\/\/blogdalucianaoliveira.com.br\/blog\/wp-json\/wp\/v2\/categories?post=10960"},{"taxonomy":"post_tag","embeddable":true,"href":"http:\/\/blogdalucianaoliveira.com.br\/blog\/wp-json\/wp\/v2\/tags?post=10960"}],"curies":[{"name":"wp","href":"https:\/\/api.w.org\/{rel}","templated":true}]}}