{"id":10966,"date":"2017-05-24T18:36:22","date_gmt":"2017-05-24T22:36:22","guid":{"rendered":"http:\/\/blogdalucianaoliveira.com.br\/blog\/?p=10966"},"modified":"2017-05-24T18:36:22","modified_gmt":"2017-05-24T22:36:22","slug":"o-dia-em-que-temer-foi-cercado-em-brasilia-e-respondeu-com-tropas-e-balas","status":"publish","type":"post","link":"http:\/\/blogdalucianaoliveira.com.br\/blog\/2017\/05\/24\/o-dia-em-que-temer-foi-cercado-em-brasilia-e-respondeu-com-tropas-e-balas\/","title":{"rendered":"O dia em que Temer foi cercado em Bras\u00edlia e respondeu com tropas e balas"},"content":{"rendered":"<p><img data-recalc-dims=\"1\" loading=\"lazy\" decoding=\"async\" data-attachment-id=\"10967\" data-permalink=\"http:\/\/blogdalucianaoliveira.com.br\/blog\/2017\/05\/24\/o-dia-em-que-temer-foi-cercado-em-brasilia-e-respondeu-com-tropas-e-balas\/bala\/\" data-orig-file=\"https:\/\/i0.wp.com\/blogdalucianaoliveira.com.br\/blog\/wp-content\/uploads\/2017\/05\/BALA.jpg?fit=600%2C400\" data-orig-size=\"600,400\" data-comments-opened=\"0\" data-image-meta=\"{&quot;aperture&quot;:&quot;0&quot;,&quot;credit&quot;:&quot;&quot;,&quot;camera&quot;:&quot;&quot;,&quot;caption&quot;:&quot;&quot;,&quot;created_timestamp&quot;:&quot;0&quot;,&quot;copyright&quot;:&quot;&quot;,&quot;focal_length&quot;:&quot;0&quot;,&quot;iso&quot;:&quot;0&quot;,&quot;shutter_speed&quot;:&quot;0&quot;,&quot;title&quot;:&quot;&quot;,&quot;orientation&quot;:&quot;0&quot;}\" data-image-title=\"BALA\" data-image-description=\"\" data-image-caption=\"\" data-medium-file=\"https:\/\/i0.wp.com\/blogdalucianaoliveira.com.br\/blog\/wp-content\/uploads\/2017\/05\/BALA.jpg?fit=300%2C200\" data-large-file=\"https:\/\/i0.wp.com\/blogdalucianaoliveira.com.br\/blog\/wp-content\/uploads\/2017\/05\/BALA.jpg?fit=600%2C400\" src=\"https:\/\/i0.wp.com\/blogdalucianaoliveira.com.br\/blog\/wp-content\/uploads\/2017\/05\/BALA.jpg?resize=600%2C400\" alt=\"BALA\" width=\"600\" height=\"400\" class=\"alignnone size-full wp-image-10967\" srcset=\"https:\/\/i0.wp.com\/blogdalucianaoliveira.com.br\/blog\/wp-content\/uploads\/2017\/05\/BALA.jpg?w=600 600w, https:\/\/i0.wp.com\/blogdalucianaoliveira.com.br\/blog\/wp-content\/uploads\/2017\/05\/BALA.jpg?resize=300%2C200 300w, https:\/\/i0.wp.com\/blogdalucianaoliveira.com.br\/blog\/wp-content\/uploads\/2017\/05\/BALA.jpg?resize=450%2C300 450w\" sizes=\"auto, (max-width: 600px) 100vw, 600px\" \/><\/p>\n<p>POR OT\u00c1VIO ANTUNES, de Bras\u00edlia.<\/p>\n<p>Enquanto escrevo, no dia do maior ato organizado por movimentos sociais na esplanada dos minist\u00e9rios, o que se v\u00ea nas proximidades do acesso ao congresso \u00e9 o uso descontrolado do aparato policial.<!--more--><\/p>\n<p>Uma brutal repress\u00e3o.<\/p>\n<p>Desde a noite de ontem, milhares de pessoas se encontraram na capital do pa\u00eds para lutar contra o desmonte da previd\u00eancia, das leis trabalhistas e pedir o afastamento imediato do presidente Michel Temer.<\/p>\n<p>O dia come\u00e7ou com uma longa e pac\u00edfica caminhada em dire\u00e7\u00e3o \u00e0 Esplanada. Dentro do Congresso, a UNE e o Centro Acad\u00eamico 11 de agosto entregaram um abaixo assinado ao presidente DA C\u00e2mara Rodrigo Maia com mais de 800 mil assinaturas, colhidas em menos de uma semana.<\/p>\n<p>Por volta das 14h o clima come\u00e7ou a mudar.<\/p>\n<p>Um confronto pequeno e pontual, entre manifestantes e policiais, transformou-se em um festival de tiros e bombas, borrachadas e intimida\u00e7\u00e3o.<\/p>\n<p>Milhares de soldados da pol\u00edcia militar e da for\u00e7a nacional de seguran\u00e7a, al\u00e9m de outros das pr\u00f3prias for\u00e7as armadas, avan\u00e7aram sobre os manifestantes, provocando p\u00e2nico, correria, e deixando dezenas de feridos pelo caminho.<\/p>\n<p>Apenas ao nosso lado um jovem teve o olho atingido e um morador de rua teve a barriga alvejada por um tiro a queima roupa de bala de borracha. Os PMs, novamente, n\u00e3o seguiram os pr\u00f3prios manuais da corpora\u00e7\u00e3o e atiraram.<\/p>\n<p>Joelmo Jesus de Oliveira, morador de Bras\u00edlia, relatou, entre tantas outras agress\u00f5es, uma praticada pelo Ex\u00e9rcito. \u201cEles estavam dentro do pr\u00e9dio, que tem vidros espelhados, sa\u00edram de repente e agrediram uma jovem com chutes na cara e murros\u201d.<\/p>\n<p>Um senhor que filmava o ato teve seu celular destru\u00eddo, respirou uma enxurrada de g\u00e1s de pimenta e ainda apanhou. \u201cSe isso n\u00e3o \u00e9 estado de exce\u00e7\u00e3o, n\u00e3o sei o que \u00e9. Nunca vi tamanha viol\u00eancia\u201d, disse.<\/p>\n<p>O que justifica tamanha repress\u00e3o?<\/p>\n<p>O movimento no Pal\u00e1cio do Planalto foi inexistente durante todo o dia, acompanhamos por mais de uma hora a entrada principal, e o que deveria ser um \u201centra e sai\u201d era, na verdade, um verdadeiro deserto. Apenas um carro no estacionamento.<\/p>\n<p>Temer est\u00e1 absolutamente isolado e sua base no Congresso desmoralizada para levar a cabo outras reformas.<\/p>\n<p>A sa\u00edda por ren\u00fancia foi descartada pelo presidente, o que faz com que lhe reste apenas a for\u00e7a repressora.<\/p>\n<p>Resta aos movimentos resistir em Bras\u00edlia e em todo Brasil. Ser\u00e3o dias duros e decisivos para barrar o desmonte e derrotar o governo Temer.<\/p>\n<p>Michel Temer assinou um decreto que foi publicado em uma edi\u00e7\u00e3o extra do \u201cDi\u00e1rio Oficial da Uni\u00e3o\u201d e prev\u00ea o emprego das For\u00e7as Armadas entre 24 e 31 de maio.<\/p>\n<p><img data-recalc-dims=\"1\" loading=\"lazy\" decoding=\"async\" data-attachment-id=\"10968\" data-permalink=\"http:\/\/blogdalucianaoliveira.com.br\/blog\/2017\/05\/24\/o-dia-em-que-temer-foi-cercado-em-brasilia-e-respondeu-com-tropas-e-balas\/sec\/\" data-orig-file=\"https:\/\/i0.wp.com\/blogdalucianaoliveira.com.br\/blog\/wp-content\/uploads\/2017\/05\/SEC.jpg?fit=338%2C600\" data-orig-size=\"338,600\" data-comments-opened=\"0\" data-image-meta=\"{&quot;aperture&quot;:&quot;0&quot;,&quot;credit&quot;:&quot;&quot;,&quot;camera&quot;:&quot;&quot;,&quot;caption&quot;:&quot;&quot;,&quot;created_timestamp&quot;:&quot;0&quot;,&quot;copyright&quot;:&quot;&quot;,&quot;focal_length&quot;:&quot;0&quot;,&quot;iso&quot;:&quot;0&quot;,&quot;shutter_speed&quot;:&quot;0&quot;,&quot;title&quot;:&quot;&quot;,&quot;orientation&quot;:&quot;0&quot;}\" data-image-title=\"SEC\" data-image-description=\"\" data-image-caption=\"\" data-medium-file=\"https:\/\/i0.wp.com\/blogdalucianaoliveira.com.br\/blog\/wp-content\/uploads\/2017\/05\/SEC.jpg?fit=169%2C300\" data-large-file=\"https:\/\/i0.wp.com\/blogdalucianaoliveira.com.br\/blog\/wp-content\/uploads\/2017\/05\/SEC.jpg?fit=338%2C600\" src=\"https:\/\/i0.wp.com\/blogdalucianaoliveira.com.br\/blog\/wp-content\/uploads\/2017\/05\/SEC.jpg?resize=338%2C600\" alt=\"SEC\" width=\"338\" height=\"600\" class=\"alignnone size-full wp-image-10968\" srcset=\"https:\/\/i0.wp.com\/blogdalucianaoliveira.com.br\/blog\/wp-content\/uploads\/2017\/05\/SEC.jpg?w=338 338w, https:\/\/i0.wp.com\/blogdalucianaoliveira.com.br\/blog\/wp-content\/uploads\/2017\/05\/SEC.jpg?resize=169%2C300 169w\" sizes=\"auto, (max-width: 338px) 100vw, 338px\" \/><\/p>\n","protected":false},"excerpt":{"rendered":"<p>POR OT\u00c1VIO ANTUNES, de Bras\u00edlia. Enquanto escrevo, no dia do maior ato organizado por movimentos sociais na esplanada dos minist\u00e9rios, o que se v\u00ea nas proximidades do acesso ao congresso \u00e9 o uso descontrolado do aparato policial.<\/p>\n","protected":false},"author":1,"featured_media":0,"comment_status":"closed","ping_status":"open","sticky":false,"template":"","format":"standard","meta":{"_exactmetrics_skip_tracking":false,"_exactmetrics_sitenote_active":false,"_exactmetrics_sitenote_note":"","_exactmetrics_sitenote_category":0,"jetpack_post_was_ever_published":false,"_jetpack_newsletter_access":"","_jetpack_dont_email_post_to_subs":false,"_jetpack_newsletter_tier_id":0,"_jetpack_memberships_contains_paywalled_content":false,"_jetpack_memberships_contains_paid_content":false,"footnotes":"","jetpack_publicize_message":"","jetpack_publicize_feature_enabled":true,"jetpack_social_post_already_shared":true,"jetpack_social_options":{"image_generator_settings":{"template":"highway","enabled":false},"version":2}},"categories":[1],"tags":[],"class_list":["post-10966","post","type-post","status-publish","format-standard","hentry","category-notas"],"jetpack_publicize_connections":[],"jetpack_sharing_enabled":true,"jetpack_featured_media_url":"","jetpack_shortlink":"https:\/\/wp.me\/p7wKYW-2QS","jetpack-related-posts":[],"_links":{"self":[{"href":"http:\/\/blogdalucianaoliveira.com.br\/blog\/wp-json\/wp\/v2\/posts\/10966","targetHints":{"allow":["GET"]}}],"collection":[{"href":"http:\/\/blogdalucianaoliveira.com.br\/blog\/wp-json\/wp\/v2\/posts"}],"about":[{"href":"http:\/\/blogdalucianaoliveira.com.br\/blog\/wp-json\/wp\/v2\/types\/post"}],"author":[{"embeddable":true,"href":"http:\/\/blogdalucianaoliveira.com.br\/blog\/wp-json\/wp\/v2\/users\/1"}],"replies":[{"embeddable":true,"href":"http:\/\/blogdalucianaoliveira.com.br\/blog\/wp-json\/wp\/v2\/comments?post=10966"}],"version-history":[{"count":1,"href":"http:\/\/blogdalucianaoliveira.com.br\/blog\/wp-json\/wp\/v2\/posts\/10966\/revisions"}],"predecessor-version":[{"id":10969,"href":"http:\/\/blogdalucianaoliveira.com.br\/blog\/wp-json\/wp\/v2\/posts\/10966\/revisions\/10969"}],"wp:attachment":[{"href":"http:\/\/blogdalucianaoliveira.com.br\/blog\/wp-json\/wp\/v2\/media?parent=10966"}],"wp:term":[{"taxonomy":"category","embeddable":true,"href":"http:\/\/blogdalucianaoliveira.com.br\/blog\/wp-json\/wp\/v2\/categories?post=10966"},{"taxonomy":"post_tag","embeddable":true,"href":"http:\/\/blogdalucianaoliveira.com.br\/blog\/wp-json\/wp\/v2\/tags?post=10966"}],"curies":[{"name":"wp","href":"https:\/\/api.w.org\/{rel}","templated":true}]}}