{"id":10970,"date":"2017-05-24T19:22:23","date_gmt":"2017-05-24T23:22:23","guid":{"rendered":"http:\/\/blogdalucianaoliveira.com.br\/blog\/?p=10970"},"modified":"2017-05-24T19:22:23","modified_gmt":"2017-05-24T23:22:23","slug":"temer-se-assume-ditador-e-diz-que-ira-exercer-a-autoridade-do-cargo","status":"publish","type":"post","link":"http:\/\/blogdalucianaoliveira.com.br\/blog\/2017\/05\/24\/temer-se-assume-ditador-e-diz-que-ira-exercer-a-autoridade-do-cargo\/","title":{"rendered":"TEMER SE ASSUME DITADOR E DIZ QUE IR\u00c1 EXERCER A AUTORIDADE DO CARGO"},"content":{"rendered":"<p><img data-recalc-dims=\"1\" loading=\"lazy\" decoding=\"async\" data-attachment-id=\"10971\" data-permalink=\"http:\/\/blogdalucianaoliveira.com.br\/blog\/2017\/05\/24\/temer-se-assume-ditador-e-diz-que-ira-exercer-a-autoridade-do-cargo\/dita-2\/\" data-orig-file=\"https:\/\/i0.wp.com\/blogdalucianaoliveira.com.br\/blog\/wp-content\/uploads\/2017\/05\/dita.jpg?fit=1003%2C357\" data-orig-size=\"1003,357\" data-comments-opened=\"0\" data-image-meta=\"{&quot;aperture&quot;:&quot;0&quot;,&quot;credit&quot;:&quot;&quot;,&quot;camera&quot;:&quot;&quot;,&quot;caption&quot;:&quot;&quot;,&quot;created_timestamp&quot;:&quot;0&quot;,&quot;copyright&quot;:&quot;&quot;,&quot;focal_length&quot;:&quot;0&quot;,&quot;iso&quot;:&quot;0&quot;,&quot;shutter_speed&quot;:&quot;0&quot;,&quot;title&quot;:&quot;&quot;,&quot;orientation&quot;:&quot;0&quot;}\" data-image-title=\"dita\" data-image-description=\"\" data-image-caption=\"\" data-medium-file=\"https:\/\/i0.wp.com\/blogdalucianaoliveira.com.br\/blog\/wp-content\/uploads\/2017\/05\/dita.jpg?fit=300%2C107\" data-large-file=\"https:\/\/i0.wp.com\/blogdalucianaoliveira.com.br\/blog\/wp-content\/uploads\/2017\/05\/dita.jpg?fit=600%2C214\" src=\"https:\/\/i0.wp.com\/blogdalucianaoliveira.com.br\/blog\/wp-content\/uploads\/2017\/05\/dita.jpg?resize=600%2C214\" alt=\"dita\" width=\"600\" height=\"214\" class=\"alignnone size-full wp-image-10971\" srcset=\"https:\/\/i0.wp.com\/blogdalucianaoliveira.com.br\/blog\/wp-content\/uploads\/2017\/05\/dita.jpg?w=1003 1003w, https:\/\/i0.wp.com\/blogdalucianaoliveira.com.br\/blog\/wp-content\/uploads\/2017\/05\/dita.jpg?resize=300%2C107 300w, https:\/\/i0.wp.com\/blogdalucianaoliveira.com.br\/blog\/wp-content\/uploads\/2017\/05\/dita.jpg?resize=768%2C273 768w, https:\/\/i0.wp.com\/blogdalucianaoliveira.com.br\/blog\/wp-content\/uploads\/2017\/05\/dita.jpg?resize=800%2C285 800w\" sizes=\"auto, (max-width: 600px) 100vw, 600px\" \/><\/p>\n<p>247 \u2013 Primeiro &#8220;presidente&#8221; da hist\u00f3ria do Brasil a ser investigado por corrup\u00e7\u00e3o, organiza\u00e7\u00e3o criminosa e obstru\u00e7\u00e3o judicial, Michel Temer, que conquistou o poder por meio de um golpe parlamentar e \u00e9 rejeitado por 92% dos brasileiros, divulgou nota nesta noite para justificar a convoca\u00e7\u00e3o das For\u00e7as Armadas no Distrito Federal.<!--more--><\/p>\n<p>Na nota, ele afirmou que &#8220;n\u00e3o hesitar\u00e1 em exercer a autoridade que o cargo lhe confere sempre que for considerado necess\u00e1rio&#8221;.<\/p>\n<p>Segundo diversos juristas, ele cometeu mais um crime de responsabilidade ao usurpar o papel das For\u00e7as Armadas.<\/p>\n<p>Para a OAB, Temer \u00e9 um criminoso.<\/p>\n<p>Segundo a Confedera\u00e7\u00e3o Nacional dos Bispos do Brasil, ele n\u00e3o tem condi\u00e7\u00f5es \u00e9ticas de seguir \u00e0 frente do Pa\u00eds.<\/p>\n<p>Sujeito \u00e0 disciplina e \u00e0 hierarquia, o Ex\u00e9rcito foi convocado a proteger um governo onde o &#8220;presidente&#8221; e nove ministros s\u00e3o investigados.<\/p>\n<p>O Brasil pede socorro.<\/p>\n<p>Abaixo, reportagem do Valor sobre a nota de Temer:<\/p>\n<p>O presidente Michel Temer afirmou por meio de sua assessoria que &#8220;n\u00e3o hesitar\u00e1 em exercer a autoridade que o cargo lhe confere sempre que for considerado necess\u00e1rio&#8221;. A manifesta\u00e7\u00e3o do Pal\u00e1cio do Planalto, em nota \u00e0 imprensa, decorre da rea\u00e7\u00e3o \u00e0 iniciativa de autorizar o emprego das For\u00e7as Armadas no Distrito Federal para a Garantia da Lei e da Ordem em meio a protestos em Bras\u00edlia. O Pal\u00e1cio do Planalto destacou que, restabelecendo-se a ordem, o documento ser\u00e1 revogado &#8211; o prazo programado no decreto \u00e9 31 de maio.<\/p>\n<p>\u201cAp\u00f3s confirmada a insufici\u00eancia dos meios policiais solicitados pelo presidente da C\u00e2mara dos Deputados, [o presidente Temer] decidiu empregar, com base no artigo 142 da Constitui\u00e7\u00e3o Federal, efetivos das For\u00e7as Armadas com o objetivo de garantir a integridade f\u00edsica das pessoas, proporcionar evacua\u00e7\u00e3o segura dos pr\u00e9dios da esplanada e proteger o patrim\u00f4nio p\u00fablico, tal como foi feito anteriormente em v\u00e1rios Estados brasileiros\u201d, afirma a nota.<\/p>\n<p>O Pal\u00e1cio do Planalto destacou ainda que as manifesta\u00e7\u00f5es ocorridas em Bras\u00edlia nesta quarta-feira, \u201ccomo largamente apresentado aos meios de comunica\u00e7\u00e3o\u201d, &#8220;produziram atos de viol\u00eancia e vandalismo que, lamentavelmente, colocaram em risco a vida e a incolumidade de servidores que trabalham na Esplanada dos Minist\u00e9rios.&#8221;<\/p>\n<p>Congresso<\/p>\n<p>Mais cedo, o Pal\u00e1cio do Planalto encaminhou comunicado ao Congresso Nacional diante da divis\u00e3o de opini\u00f5es entre parlamentares em rela\u00e7\u00e3o ao uso das For\u00e7as Armadas nas ruas.<\/p>\n<p>A nota destacou que o decreto autoriza o emprego das For\u00e7as Armadas com &#8220;a \u00fanica inten\u00e7\u00e3o de garantir uma manifesta\u00e7\u00e3o pac\u00edfica e n\u00e3o destrutiva, buscando preservar a ordem p\u00fablica e a seguran\u00e7a das pessoas&#8221;.<\/p>\n<p>\u201cImportante mencionar que a medida encontra amparo na Constitui\u00e7\u00e3o Federal e j\u00e1 foi utilizada por diversas vezes em diversos Estados da Federa\u00e7\u00e3o, atendendo pleitos dos senhores governadores\u201d, diz o comunicado, mencionando a atua\u00e7\u00e3o das For\u00e7as Armadas a partir de decreto presidencial em Rio de Janeiro, Espirito Santo, Pernambuco, Amazonas e Rio Grande do Norte.<\/p>\n","protected":false},"excerpt":{"rendered":"<p>247 \u2013 Primeiro &#8220;presidente&#8221; da hist\u00f3ria do Brasil a ser investigado por corrup\u00e7\u00e3o, organiza\u00e7\u00e3o criminosa e obstru\u00e7\u00e3o judicial, Michel Temer, que conquistou o poder por meio de um golpe parlamentar e \u00e9 rejeitado por 92% dos brasileiros, divulgou nota nesta noite para justificar a convoca\u00e7\u00e3o das For\u00e7as Armadas no Distrito Federal.<\/p>\n","protected":false},"author":1,"featured_media":0,"comment_status":"closed","ping_status":"open","sticky":false,"template":"","format":"standard","meta":{"_exactmetrics_skip_tracking":false,"_exactmetrics_sitenote_active":false,"_exactmetrics_sitenote_note":"","_exactmetrics_sitenote_category":0,"jetpack_post_was_ever_published":false,"_jetpack_newsletter_access":"","_jetpack_dont_email_post_to_subs":false,"_jetpack_newsletter_tier_id":0,"_jetpack_memberships_contains_paywalled_content":false,"_jetpack_memberships_contains_paid_content":false,"footnotes":"","jetpack_publicize_message":"","jetpack_publicize_feature_enabled":true,"jetpack_social_post_already_shared":true,"jetpack_social_options":{"image_generator_settings":{"template":"highway","enabled":false},"version":2}},"categories":[1],"tags":[],"class_list":["post-10970","post","type-post","status-publish","format-standard","hentry","category-notas"],"jetpack_publicize_connections":[],"jetpack_sharing_enabled":true,"jetpack_featured_media_url":"","jetpack_shortlink":"https:\/\/wp.me\/p7wKYW-2QW","jetpack-related-posts":[],"_links":{"self":[{"href":"http:\/\/blogdalucianaoliveira.com.br\/blog\/wp-json\/wp\/v2\/posts\/10970","targetHints":{"allow":["GET"]}}],"collection":[{"href":"http:\/\/blogdalucianaoliveira.com.br\/blog\/wp-json\/wp\/v2\/posts"}],"about":[{"href":"http:\/\/blogdalucianaoliveira.com.br\/blog\/wp-json\/wp\/v2\/types\/post"}],"author":[{"embeddable":true,"href":"http:\/\/blogdalucianaoliveira.com.br\/blog\/wp-json\/wp\/v2\/users\/1"}],"replies":[{"embeddable":true,"href":"http:\/\/blogdalucianaoliveira.com.br\/blog\/wp-json\/wp\/v2\/comments?post=10970"}],"version-history":[{"count":1,"href":"http:\/\/blogdalucianaoliveira.com.br\/blog\/wp-json\/wp\/v2\/posts\/10970\/revisions"}],"predecessor-version":[{"id":10972,"href":"http:\/\/blogdalucianaoliveira.com.br\/blog\/wp-json\/wp\/v2\/posts\/10970\/revisions\/10972"}],"wp:attachment":[{"href":"http:\/\/blogdalucianaoliveira.com.br\/blog\/wp-json\/wp\/v2\/media?parent=10970"}],"wp:term":[{"taxonomy":"category","embeddable":true,"href":"http:\/\/blogdalucianaoliveira.com.br\/blog\/wp-json\/wp\/v2\/categories?post=10970"},{"taxonomy":"post_tag","embeddable":true,"href":"http:\/\/blogdalucianaoliveira.com.br\/blog\/wp-json\/wp\/v2\/tags?post=10970"}],"curies":[{"name":"wp","href":"https:\/\/api.w.org\/{rel}","templated":true}]}}