{"id":10973,"date":"2017-05-24T19:44:31","date_gmt":"2017-05-24T23:44:31","guid":{"rendered":"http:\/\/blogdalucianaoliveira.com.br\/blog\/?p=10973"},"modified":"2017-05-24T19:44:31","modified_gmt":"2017-05-24T23:44:31","slug":"a-barbarie-do-golpe-escombros-mortos-exercito-na-rua-chegamos-a-1968-sem-ai-5","status":"publish","type":"post","link":"http:\/\/blogdalucianaoliveira.com.br\/blog\/2017\/05\/24\/a-barbarie-do-golpe-escombros-mortos-exercito-na-rua-chegamos-a-1968-sem-ai-5\/","title":{"rendered":"A barb\u00e1rie do golpe: escombros, mortos, ex\u00e9rcito na rua \u2013 chegamos a 1968, sem AI-5"},"content":{"rendered":"<p><img data-recalc-dims=\"1\" loading=\"lazy\" decoding=\"async\" data-attachment-id=\"10974\" data-permalink=\"http:\/\/blogdalucianaoliveira.com.br\/blog\/2017\/05\/24\/a-barbarie-do-golpe-escombros-mortos-exercito-na-rua-chegamos-a-1968-sem-ai-5\/heli\/\" data-orig-file=\"https:\/\/i0.wp.com\/blogdalucianaoliveira.com.br\/blog\/wp-content\/uploads\/2017\/05\/heli.jpg?fit=640%2C426\" data-orig-size=\"640,426\" data-comments-opened=\"0\" data-image-meta=\"{&quot;aperture&quot;:&quot;0&quot;,&quot;credit&quot;:&quot;&quot;,&quot;camera&quot;:&quot;&quot;,&quot;caption&quot;:&quot;&quot;,&quot;created_timestamp&quot;:&quot;0&quot;,&quot;copyright&quot;:&quot;&quot;,&quot;focal_length&quot;:&quot;0&quot;,&quot;iso&quot;:&quot;0&quot;,&quot;shutter_speed&quot;:&quot;0&quot;,&quot;title&quot;:&quot;&quot;,&quot;orientation&quot;:&quot;0&quot;}\" data-image-title=\"heli\" data-image-description=\"\" data-image-caption=\"\" data-medium-file=\"https:\/\/i0.wp.com\/blogdalucianaoliveira.com.br\/blog\/wp-content\/uploads\/2017\/05\/heli.jpg?fit=300%2C200\" data-large-file=\"https:\/\/i0.wp.com\/blogdalucianaoliveira.com.br\/blog\/wp-content\/uploads\/2017\/05\/heli.jpg?fit=600%2C399\" src=\"https:\/\/i0.wp.com\/blogdalucianaoliveira.com.br\/blog\/wp-content\/uploads\/2017\/05\/heli.jpg?resize=600%2C399\" alt=\"heli\" width=\"600\" height=\"399\" class=\"alignnone size-full wp-image-10974\" srcset=\"https:\/\/i0.wp.com\/blogdalucianaoliveira.com.br\/blog\/wp-content\/uploads\/2017\/05\/heli.jpg?w=640 640w, https:\/\/i0.wp.com\/blogdalucianaoliveira.com.br\/blog\/wp-content\/uploads\/2017\/05\/heli.jpg?resize=300%2C200 300w, https:\/\/i0.wp.com\/blogdalucianaoliveira.com.br\/blog\/wp-content\/uploads\/2017\/05\/heli.jpg?resize=451%2C300 451w\" sizes=\"auto, (max-width: 600px) 100vw, 600px\" \/><\/p>\n<p>A barb\u00e1rie se completa com o decreto de Temer: um Estado de s\u00edtio disfar\u00e7ado, covarde, que leva o pa\u00eds para o abismo<!--more--><\/p>\n<p>Rodrigo Vianna<br \/>\nRevista F\u00f3rum, 24 de Maio de 2017 \u00e0s 18:44<\/p>\n<p>O prefeito da maior cidade do pa\u00eds caminha em meio aos escombros. Tinha acabado de mandar demolir um pr\u00e9dio na crackol\u00e2ndia, com moradores dentro.<\/p>\n<p>Do outro lado do Brasil, dez corpos se amontoam, em meio a mais um massacre de trabalhadores rurais no Par\u00e1. A pol\u00edcia paraense teria promovido a matan\u00e7a. O uso da for\u00e7a, sem disfarces, sempre foi a linguagem da elite brasileira: escravocrata, ardilosa, antipopular.<\/p>\n<p>Trabalhadores em marcha contra as \u201creformas\u201d de Temer s\u00e3o atacados brutalmente pela pol\u00edcia em Bras\u00edlia. Bombas, porrada, tiros.<\/p>\n<p>Pr\u00e9dios ministeriais incendiados. Bras\u00edlia arde. A direita de facebook diz que h\u00e1 \u201cv\u00e2ndalos\u201d nas ruas.<\/p>\n<p>V\u00e2ndalos<\/p>\n<p>Derrubar direitos trabalhistas e mudar a Previd\u00eancia, impondo um programa econ\u00f4mico derrotado nas urnas: esse o verdadeiro vandalismo que amea\u00e7a o pa\u00eds desde que um golpe derrubou a presidenta eleita.<\/p>\n<p>A Globo e os bancos querem uma semi-democracia sem povo. O mercado j\u00e1 decidiu: as urnas n\u00e3o valem, o que valem s\u00e3o as decis\u00f5es nas mesas das corretoras e dos operadores das bolsas.<\/p>\n<p>Queimaram votos, vandalizaram a democracia, colocaram meganhas pra lan\u00e7ar bombas contra com o povo. E o vandalismo \u00e9 de quem?<\/p>\n<p>A barb\u00e1rie se completa com o decreto de Temer: um estado de s\u00edtio molambo, disfar\u00e7ado, covarde, t\u00edpico de um velhaco que pode levar o Brasil ao abismo.<\/p>\n<p>O Ex\u00e9rcito est\u00e1 nas ruas em nome da lei e da ordem.<\/p>\n<p>A Lava-Jato e a Pol\u00edcia Federal podem tudo.<\/p>\n<p>Enquanto isso, tucanos pisam nos pobres da crackol\u00e2ndia e os mortos se amontoam no Par\u00e1 (tamb\u00e9m, sob governo do PSDB).<\/p>\n<p>A Democracia agoniza. Parecemos \u00e0s v\u00e9speras de um momento decisivo. Ou as garantias civis retornam. Ou o Brasil escravocrata, de sempre, vai impor a ordem, a morte e o terror.<\/p>\n<p>Em 1 ano de golpe, caminhamos de 64 a 68. J\u00e1 \u00e9 poss\u00edvel ver o abismo que a Globo, os bancos e os tucanos cavaram com seus p\u00e9s. Uma parte dos golpistas j\u00e1 foi tragada pelo abismo. Mas amea\u00e7am lan\u00e7ar o pa\u00eds inteiro no buraco.<\/p>\n<p>Sete dias de Ex\u00e9rcito nas ruas de Bras\u00edlia, segundo o decreto criminoso de Temer. Sete dias em que o lado de c\u00e1 pode virar o jogo, ou assistir ao enterro definitivo da Democracia.<\/p>\n","protected":false},"excerpt":{"rendered":"<p>A barb\u00e1rie se completa com o decreto de Temer: um Estado de s\u00edtio disfar\u00e7ado, covarde, que leva o pa\u00eds para o abismo<\/p>\n","protected":false},"author":1,"featured_media":0,"comment_status":"closed","ping_status":"open","sticky":false,"template":"","format":"standard","meta":{"_exactmetrics_skip_tracking":false,"_exactmetrics_sitenote_active":false,"_exactmetrics_sitenote_note":"","_exactmetrics_sitenote_category":0,"jetpack_post_was_ever_published":false,"_jetpack_newsletter_access":"","_jetpack_dont_email_post_to_subs":false,"_jetpack_newsletter_tier_id":0,"_jetpack_memberships_contains_paywalled_content":false,"_jetpack_memberships_contains_paid_content":false,"footnotes":"","jetpack_publicize_message":"","jetpack_publicize_feature_enabled":true,"jetpack_social_post_already_shared":true,"jetpack_social_options":{"image_generator_settings":{"template":"highway","enabled":false},"version":2}},"categories":[1],"tags":[],"class_list":["post-10973","post","type-post","status-publish","format-standard","hentry","category-notas"],"jetpack_publicize_connections":[],"jetpack_sharing_enabled":true,"jetpack_featured_media_url":"","jetpack_shortlink":"https:\/\/wp.me\/p7wKYW-2QZ","jetpack-related-posts":[],"_links":{"self":[{"href":"http:\/\/blogdalucianaoliveira.com.br\/blog\/wp-json\/wp\/v2\/posts\/10973","targetHints":{"allow":["GET"]}}],"collection":[{"href":"http:\/\/blogdalucianaoliveira.com.br\/blog\/wp-json\/wp\/v2\/posts"}],"about":[{"href":"http:\/\/blogdalucianaoliveira.com.br\/blog\/wp-json\/wp\/v2\/types\/post"}],"author":[{"embeddable":true,"href":"http:\/\/blogdalucianaoliveira.com.br\/blog\/wp-json\/wp\/v2\/users\/1"}],"replies":[{"embeddable":true,"href":"http:\/\/blogdalucianaoliveira.com.br\/blog\/wp-json\/wp\/v2\/comments?post=10973"}],"version-history":[{"count":1,"href":"http:\/\/blogdalucianaoliveira.com.br\/blog\/wp-json\/wp\/v2\/posts\/10973\/revisions"}],"predecessor-version":[{"id":10975,"href":"http:\/\/blogdalucianaoliveira.com.br\/blog\/wp-json\/wp\/v2\/posts\/10973\/revisions\/10975"}],"wp:attachment":[{"href":"http:\/\/blogdalucianaoliveira.com.br\/blog\/wp-json\/wp\/v2\/media?parent=10973"}],"wp:term":[{"taxonomy":"category","embeddable":true,"href":"http:\/\/blogdalucianaoliveira.com.br\/blog\/wp-json\/wp\/v2\/categories?post=10973"},{"taxonomy":"post_tag","embeddable":true,"href":"http:\/\/blogdalucianaoliveira.com.br\/blog\/wp-json\/wp\/v2\/tags?post=10973"}],"curies":[{"name":"wp","href":"https:\/\/api.w.org\/{rel}","templated":true}]}}