{"id":10976,"date":"2017-05-25T10:31:52","date_gmt":"2017-05-25T14:31:52","guid":{"rendered":"http:\/\/blogdalucianaoliveira.com.br\/blog\/?p=10976"},"modified":"2017-05-25T10:58:51","modified_gmt":"2017-05-25T14:58:51","slug":"fora-todos-os-brasileiros-covardes-e-hipocritas","status":"publish","type":"post","link":"http:\/\/blogdalucianaoliveira.com.br\/blog\/2017\/05\/25\/fora-todos-os-brasileiros-covardes-e-hipocritas\/","title":{"rendered":"FORA TODOS OS BRASILEIROS COVARDES E HIP\u00d3CRITAS"},"content":{"rendered":"<figure id=\"attachment_10977\" aria-describedby=\"caption-attachment-10977\" style=\"width: 1080px\" class=\"wp-caption alignnone\"><img data-recalc-dims=\"1\" loading=\"lazy\" decoding=\"async\" data-attachment-id=\"10977\" data-permalink=\"http:\/\/blogdalucianaoliveira.com.br\/blog\/2017\/05\/25\/fora-todos-os-brasileiros-covardes-e-hipocritas\/bsb2\/\" data-orig-file=\"https:\/\/i0.wp.com\/blogdalucianaoliveira.com.br\/blog\/wp-content\/uploads\/2017\/05\/bsb2.jpg?fit=1080%2C720\" data-orig-size=\"1080,720\" data-comments-opened=\"0\" data-image-meta=\"{&quot;aperture&quot;:&quot;13&quot;,&quot;credit&quot;:&quot;Fabio Rodrigues Pozzebom\\\/Ag\\u00eancia Brasil&quot;,&quot;camera&quot;:&quot;Canon EOS-1D X&quot;,&quot;caption&quot;:&quot;Bras\\u00edlia - Pol\\u00edcia e manifestantes entram em confronto na Esplanada dos Minist\\u00e9rios durante protesto contra o governo do presidente Temer e reformas trabalhista e da Previd\\u00eancia (Fabio Rodrigues Pozzebom\\\/Ag\\u00eancia Brasil)&quot;,&quot;created_timestamp&quot;:&quot;1495637376&quot;,&quot;copyright&quot;:&quot;Agencia Brasil\\\/EBC&quot;,&quot;focal_length&quot;:&quot;200&quot;,&quot;iso&quot;:&quot;400&quot;,&quot;shutter_speed&quot;:&quot;0.003125&quot;,&quot;title&quot;:&quot;&quot;,&quot;orientation&quot;:&quot;0&quot;}\" data-image-title=\"bsb2\" data-image-description=\"\" data-image-caption=\"&lt;p&gt;Bras\u00edlia &amp;#8211; Pol\u00edcia e manifestantes entram em confronto na Esplanada dos Minist\u00e9rios durante protesto contra o governo do presidente Temer e reformas trabalhista e da Previd\u00eancia (Fabio Rodrigues Pozzebom\/Ag\u00eancia Brasil)&lt;\/p&gt;\n\" data-medium-file=\"https:\/\/i0.wp.com\/blogdalucianaoliveira.com.br\/blog\/wp-content\/uploads\/2017\/05\/bsb2.jpg?fit=300%2C200\" data-large-file=\"https:\/\/i0.wp.com\/blogdalucianaoliveira.com.br\/blog\/wp-content\/uploads\/2017\/05\/bsb2.jpg?fit=600%2C400\" src=\"https:\/\/i0.wp.com\/blogdalucianaoliveira.com.br\/blog\/wp-content\/uploads\/2017\/05\/bsb2.jpg?resize=600%2C400\" alt=\"Bras\u00edlia - Pol\u00edcia e manifestantes entram em confronto na Esplanada dos Minist\u00e9rios durante protesto contra o governo do presidente Temer e reformas trabalhista e da Previd\u00eancia (Fabio Rodrigues Pozzebom\/Ag\u00eancia Brasil)\" width=\"600\" height=\"400\" class=\"size-full wp-image-10977\" srcset=\"https:\/\/i0.wp.com\/blogdalucianaoliveira.com.br\/blog\/wp-content\/uploads\/2017\/05\/bsb2.jpg?w=1080 1080w, https:\/\/i0.wp.com\/blogdalucianaoliveira.com.br\/blog\/wp-content\/uploads\/2017\/05\/bsb2.jpg?resize=300%2C200 300w, https:\/\/i0.wp.com\/blogdalucianaoliveira.com.br\/blog\/wp-content\/uploads\/2017\/05\/bsb2.jpg?resize=768%2C512 768w, https:\/\/i0.wp.com\/blogdalucianaoliveira.com.br\/blog\/wp-content\/uploads\/2017\/05\/bsb2.jpg?resize=1024%2C683 1024w, https:\/\/i0.wp.com\/blogdalucianaoliveira.com.br\/blog\/wp-content\/uploads\/2017\/05\/bsb2.jpg?resize=450%2C300 450w\" sizes=\"auto, (max-width: 600px) 100vw, 600px\" \/><figcaption id=\"caption-attachment-10977\" class=\"wp-caption-text\">Bras\u00edlia &#8211; Pol\u00edcia e manifestantes entram em confronto na Esplanada dos Minist\u00e9rios durante protesto contra o governo do presidente Temer e reformas trabalhista e da Previd\u00eancia (Fabio Rodrigues Pozzebom\/Ag\u00eancia Brasil)<\/figcaption><\/figure>\n<p>H\u00e1 pouco mais de um ano Michel Temer assumia de forma ileg\u00edtima a presid\u00eancia da rep\u00fablica, tendo como prioridade a pacifica\u00e7\u00e3o pra garantir tranquilidade e crescimento ao pa\u00eds. Entrou e sair\u00e1 pela porta dos fundos deixando o pa\u00eds de pernas pro ar e a sociedade ainda mais em atrito.<!--more--><\/p>\n<p>A prova do fracasso de Temer como bombeiro foi o comando que deu para inibir o protesto que acabou em viol\u00eancia e depreda\u00e7\u00e3o do patrim\u00f4nio p\u00fablico na capital federal. O ileg\u00edtimo jogou gasolina na fogueira em que arde desde que foi flagrado autorizando a compra de sil\u00eancio do deputado Eduardo Cunha pela bagatela de 500 mil reais semanais.<\/p>\n<p>Temer desenterrou um recurso extremo utilizado no golpe militar de 64 n\u00e3o para garantir a ordem p\u00fablica, mas o pr\u00f3prio sossego, rompido por 12 pedidos de impeachment. <\/p>\n<p>A convoca\u00e7\u00e3o das For\u00e7as Armadas para garantir seguran\u00e7a na esplanada dos minist\u00e9rios foi t\u00e3o estapaf\u00fardia que n\u00e3o durou 24 horas. O presidente mais impopular da hist\u00f3ria voltou atr\u00e1s, mas n\u00e3o pode apagar o ato que colocou sua nuca \u00e0 mira do golpe de miseric\u00f3rdia.<\/p>\n<p>O fim da agonia de Temer encerra um ciclo de sofrimento de milh\u00f5es de brasileiros. O Brasil n\u00e3o esteve t\u00e3o desmoralizado desde a redemocratiza\u00e7\u00e3o como agora, estagnado por uma monumental crise econ\u00f4mica e pol\u00edtica p\u00f3s-golpe.<\/p>\n<p>Mas, h\u00e1 uma parcela da popula\u00e7\u00e3o que agora diz querer todos os corruptos na cadeia, que protege o covarde, corrupto e inequivocamente ileg\u00edtimo comandante da na\u00e7\u00e3o em frangalhos.<\/p>\n<p>\u00c9 uma parcela de hip\u00f3critas in\u00fateis que se incomoda mais com depreda\u00e7\u00e3o resultante de confrontos entre manifestantes e a pol\u00edcia repressiva, do que com a destrui\u00e7\u00e3o de direitos e da imagem do pa\u00eds.<\/p>\n<p>\u00c9 uma gente que sonha com o Brasil no primeiro mundo, mas condena luta social intensa como vimos ocorrer recentemente nos EUA e na Fran\u00e7a.<\/p>\n<p><img data-recalc-dims=\"1\" loading=\"lazy\" decoding=\"async\" data-attachment-id=\"10985\" data-permalink=\"http:\/\/blogdalucianaoliveira.com.br\/blog\/2017\/05\/25\/fora-todos-os-brasileiros-covardes-e-hipocritas\/fran\/\" data-orig-file=\"https:\/\/i0.wp.com\/blogdalucianaoliveira.com.br\/blog\/wp-content\/uploads\/2017\/05\/fran.jpg?fit=620%2C465\" data-orig-size=\"620,465\" data-comments-opened=\"0\" data-image-meta=\"{&quot;aperture&quot;:&quot;0&quot;,&quot;credit&quot;:&quot;&quot;,&quot;camera&quot;:&quot;&quot;,&quot;caption&quot;:&quot;&quot;,&quot;created_timestamp&quot;:&quot;0&quot;,&quot;copyright&quot;:&quot;&quot;,&quot;focal_length&quot;:&quot;0&quot;,&quot;iso&quot;:&quot;0&quot;,&quot;shutter_speed&quot;:&quot;0&quot;,&quot;title&quot;:&quot;&quot;,&quot;orientation&quot;:&quot;0&quot;}\" data-image-title=\"fran\" data-image-description=\"\" data-image-caption=\"\" data-medium-file=\"https:\/\/i0.wp.com\/blogdalucianaoliveira.com.br\/blog\/wp-content\/uploads\/2017\/05\/fran.jpg?fit=300%2C225\" data-large-file=\"https:\/\/i0.wp.com\/blogdalucianaoliveira.com.br\/blog\/wp-content\/uploads\/2017\/05\/fran.jpg?fit=600%2C450\" src=\"https:\/\/i0.wp.com\/blogdalucianaoliveira.com.br\/blog\/wp-content\/uploads\/2017\/05\/fran.jpg?resize=600%2C450\" alt=\"fran\" width=\"600\" height=\"450\" class=\"alignnone size-full wp-image-10985\" srcset=\"https:\/\/i0.wp.com\/blogdalucianaoliveira.com.br\/blog\/wp-content\/uploads\/2017\/05\/fran.jpg?w=620 620w, https:\/\/i0.wp.com\/blogdalucianaoliveira.com.br\/blog\/wp-content\/uploads\/2017\/05\/fran.jpg?resize=300%2C225 300w, https:\/\/i0.wp.com\/blogdalucianaoliveira.com.br\/blog\/wp-content\/uploads\/2017\/05\/fran.jpg?resize=400%2C300 400w\" sizes=\"auto, (max-width: 600px) 100vw, 600px\" \/><\/p>\n<p>O maior preju\u00edzo do golpe a democracia foi a destrui\u00e7\u00e3o de consci\u00eancias com a relativiza\u00e7\u00e3o de valores \u00e9ticos e morais. O que causava histeria contra os governos de esquerda, n\u00e3o passa de um entulho de indiferen\u00e7a.<\/p>\n<p>A presidente eleita foi deposta por manobras no or\u00e7amento que  seus antecessores praticaram, gra\u00e7as a compra de votos de parlamentares investigados por corrup\u00e7\u00e3o. <\/p>\n<p>O golpista que a sucedeu se sustenta no cargo com acusa\u00e7\u00f5es de obstru\u00e7\u00e3o de justi\u00e7a, corrup\u00e7\u00e3o e organiza\u00e7\u00e3o criminosa. <\/p>\n<p>Por que, afinal, quem pede Fora Todos, n\u00e3o pede Fora Temer?<\/p>\n<p>Talvez, porque esteja evidente que a hipocrisia unifica essa parcela de covardes mais preocupados com estilha\u00e7os de janelas que de direitos.<\/p>\n<p>A mesma parcela que desprezou a soberania do voto apoiando um golpe travestido de impeachment, agora embarca no golpe das elei\u00e7\u00f5es indiretas.<\/p>\n<p>A esquerda mais uma vez se une em torno de ideias. \u00c9 a cor do sangue que novamente \u00e9 derramado nas ruas que se destaca na luta pelos direitos de todos. N\u00e3o haver\u00e1 arrego, sossego pra Temer.<\/p>\n<p>\u00c9 por elei\u00e7\u00f5es diretas e pra impedir a vota\u00e7\u00e3o de reformas que retribuem o apoio do mercado ao golpe sacrificando a justi\u00e7a social, que tem gente perdendo a m\u00e3o em protesto.<\/p>\n<figure id=\"attachment_10980\" aria-describedby=\"caption-attachment-10980\" style=\"width: 1080px\" class=\"wp-caption alignnone\"><img data-recalc-dims=\"1\" loading=\"lazy\" decoding=\"async\" data-attachment-id=\"10980\" data-permalink=\"http:\/\/blogdalucianaoliveira.com.br\/blog\/2017\/05\/25\/fora-todos-os-brasileiros-covardes-e-hipocritas\/bsb1\/\" data-orig-file=\"https:\/\/i0.wp.com\/blogdalucianaoliveira.com.br\/blog\/wp-content\/uploads\/2017\/05\/bsb1.jpg?fit=1080%2C720\" data-orig-size=\"1080,720\" data-comments-opened=\"0\" data-image-meta=\"{&quot;aperture&quot;:&quot;3.5&quot;,&quot;credit&quot;:&quot;Marcelo Camargo\\\/Ag\\u00eancia Brasil&quot;,&quot;camera&quot;:&quot;Canon EOS-1D X&quot;,&quot;caption&quot;:&quot;Bras\\u00edlia - Pol\\u00edcia Militar e manifestantes entram em confronto na Esplanada dos Minist\\u00e9rios durante protesto contra o governo do presidente Temer e reformas trabalhista e da Previd\\u00eancia (Marcelo Camargo\\\/Ag\\u00eancia Brasil)&quot;,&quot;created_timestamp&quot;:&quot;1495634850&quot;,&quot;copyright&quot;:&quot;Agencia Brasil&quot;,&quot;focal_length&quot;:&quot;70&quot;,&quot;iso&quot;:&quot;250&quot;,&quot;shutter_speed&quot;:&quot;0.00025&quot;,&quot;title&quot;:&quot;&quot;,&quot;orientation&quot;:&quot;0&quot;}\" data-image-title=\"bsb1\" data-image-description=\"\" data-image-caption=\"&lt;p&gt;Bras\u00edlia &amp;#8211; Pol\u00edcia Militar e manifestantes entram em confronto na Esplanada dos Minist\u00e9rios durante protesto contra o governo do presidente Temer e reformas trabalhista e da Previd\u00eancia (Marcelo Camargo\/Ag\u00eancia Brasil)&lt;\/p&gt;\n\" data-medium-file=\"https:\/\/i0.wp.com\/blogdalucianaoliveira.com.br\/blog\/wp-content\/uploads\/2017\/05\/bsb1.jpg?fit=300%2C200\" data-large-file=\"https:\/\/i0.wp.com\/blogdalucianaoliveira.com.br\/blog\/wp-content\/uploads\/2017\/05\/bsb1.jpg?fit=600%2C400\" src=\"https:\/\/i0.wp.com\/blogdalucianaoliveira.com.br\/blog\/wp-content\/uploads\/2017\/05\/bsb1.jpg?resize=600%2C400\" alt=\"Bras\u00edlia - Pol\u00edcia Militar e manifestantes entram em confronto na Esplanada dos Minist\u00e9rios durante protesto contra o governo do presidente Temer e reformas trabalhista e da Previd\u00eancia (Marcelo Camargo\/Ag\u00eancia Brasil)\" width=\"600\" height=\"400\" class=\"size-full wp-image-10980\" srcset=\"https:\/\/i0.wp.com\/blogdalucianaoliveira.com.br\/blog\/wp-content\/uploads\/2017\/05\/bsb1.jpg?w=1080 1080w, https:\/\/i0.wp.com\/blogdalucianaoliveira.com.br\/blog\/wp-content\/uploads\/2017\/05\/bsb1.jpg?resize=300%2C200 300w, https:\/\/i0.wp.com\/blogdalucianaoliveira.com.br\/blog\/wp-content\/uploads\/2017\/05\/bsb1.jpg?resize=768%2C512 768w, https:\/\/i0.wp.com\/blogdalucianaoliveira.com.br\/blog\/wp-content\/uploads\/2017\/05\/bsb1.jpg?resize=1024%2C683 1024w, https:\/\/i0.wp.com\/blogdalucianaoliveira.com.br\/blog\/wp-content\/uploads\/2017\/05\/bsb1.jpg?resize=450%2C300 450w\" sizes=\"auto, (max-width: 600px) 100vw, 600px\" \/><figcaption id=\"caption-attachment-10980\" class=\"wp-caption-text\">Bras\u00edlia &#8211; Pol\u00edcia Militar e manifestantes entram em confronto na Esplanada dos Minist\u00e9rios durante protesto contra o governo do presidente Temer e reformas trabalhista e da Previd\u00eancia (Marcelo Camargo\/Ag\u00eancia Brasil)<\/figcaption><\/figure>\n<p>Os que n\u00e3o aderem \u00e0s mobiliza\u00e7\u00f5es para expulsar Temer e seus comparsas corruptos do poder, alegam que a resist\u00eancia favorece poss\u00edvel candidatura do ex-presidente Lula. <\/p>\n<p>Deixam claro, portanto, a aus\u00eancia de racionalidade e desprezo \u00e0 democracia.<\/p>\n<p>Um Congresso Nacional com mais de 200 investigados por corrup\u00e7\u00e3o pode escolher o novo presidente? Os covardes e hip\u00f3critas repetem a l\u00f3gica de Temer com o empres\u00e1rio corrupto: \u201cTem que manter isso. T\u00e1 \u00f3timo, t\u00e1 \u00f3timo.\u201d<\/p>\n<p>Fosse s\u00f3 covardia, n\u00e3o seria t\u00e3o tr\u00e1gico.<\/p>\n<p>Diferentemente dos corajosos, que experimentam a morte uma s\u00f3 vez, \u201cos covardes morrem v\u00e1rias vezes antes da sua morte\u201d, segundo a l\u00f3gica shakespeariana.<\/p>\n<p>Ao que parece, esse povo do movimento virtual Fora Todos n\u00e3o cansa de morrer.<\/p>\n","protected":false},"excerpt":{"rendered":"<p>H\u00e1 pouco mais de um ano Michel Temer assumia de forma ileg\u00edtima a presid\u00eancia da rep\u00fablica, tendo como prioridade a pacifica\u00e7\u00e3o pra garantir tranquilidade e crescimento ao pa\u00eds. Entrou e sair\u00e1 pela porta dos fundos deixando o pa\u00eds de pernas pro ar e a sociedade ainda mais em atrito.<\/p>\n","protected":false},"author":1,"featured_media":0,"comment_status":"closed","ping_status":"open","sticky":false,"template":"","format":"standard","meta":{"_exactmetrics_skip_tracking":false,"_exactmetrics_sitenote_active":false,"_exactmetrics_sitenote_note":"","_exactmetrics_sitenote_category":0,"jetpack_post_was_ever_published":false,"_jetpack_newsletter_access":"","_jetpack_dont_email_post_to_subs":false,"_jetpack_newsletter_tier_id":0,"_jetpack_memberships_contains_paywalled_content":false,"_jetpack_memberships_contains_paid_content":false,"footnotes":"","jetpack_publicize_message":"","jetpack_publicize_feature_enabled":true,"jetpack_social_post_already_shared":true,"jetpack_social_options":{"image_generator_settings":{"template":"highway","enabled":false},"version":2}},"categories":[1],"tags":[],"class_list":["post-10976","post","type-post","status-publish","format-standard","hentry","category-notas"],"jetpack_publicize_connections":[],"jetpack_sharing_enabled":true,"jetpack_featured_media_url":"","jetpack_shortlink":"https:\/\/wp.me\/p7wKYW-2R2","jetpack-related-posts":[],"_links":{"self":[{"href":"http:\/\/blogdalucianaoliveira.com.br\/blog\/wp-json\/wp\/v2\/posts\/10976","targetHints":{"allow":["GET"]}}],"collection":[{"href":"http:\/\/blogdalucianaoliveira.com.br\/blog\/wp-json\/wp\/v2\/posts"}],"about":[{"href":"http:\/\/blogdalucianaoliveira.com.br\/blog\/wp-json\/wp\/v2\/types\/post"}],"author":[{"embeddable":true,"href":"http:\/\/blogdalucianaoliveira.com.br\/blog\/wp-json\/wp\/v2\/users\/1"}],"replies":[{"embeddable":true,"href":"http:\/\/blogdalucianaoliveira.com.br\/blog\/wp-json\/wp\/v2\/comments?post=10976"}],"version-history":[{"count":8,"href":"http:\/\/blogdalucianaoliveira.com.br\/blog\/wp-json\/wp\/v2\/posts\/10976\/revisions"}],"predecessor-version":[{"id":10979,"href":"http:\/\/blogdalucianaoliveira.com.br\/blog\/wp-json\/wp\/v2\/posts\/10976\/revisions\/10979"}],"wp:attachment":[{"href":"http:\/\/blogdalucianaoliveira.com.br\/blog\/wp-json\/wp\/v2\/media?parent=10976"}],"wp:term":[{"taxonomy":"category","embeddable":true,"href":"http:\/\/blogdalucianaoliveira.com.br\/blog\/wp-json\/wp\/v2\/categories?post=10976"},{"taxonomy":"post_tag","embeddable":true,"href":"http:\/\/blogdalucianaoliveira.com.br\/blog\/wp-json\/wp\/v2\/tags?post=10976"}],"curies":[{"name":"wp","href":"https:\/\/api.w.org\/{rel}","templated":true}]}}