{"id":10988,"date":"2017-05-25T11:09:11","date_gmt":"2017-05-25T15:09:11","guid":{"rendered":"http:\/\/blogdalucianaoliveira.com.br\/blog\/?p=10988"},"modified":"2017-05-25T11:09:11","modified_gmt":"2017-05-25T15:09:11","slug":"congresso-quer-um-presidente-indireto-saido-de-suas-fileiras","status":"publish","type":"post","link":"http:\/\/blogdalucianaoliveira.com.br\/blog\/2017\/05\/25\/congresso-quer-um-presidente-indireto-saido-de-suas-fileiras\/","title":{"rendered":"Congresso quer um \u2018presidente indireto\u2019 sa\u00eddo de suas fileiras"},"content":{"rendered":"<p><img data-recalc-dims=\"1\" loading=\"lazy\" decoding=\"async\" data-attachment-id=\"10989\" data-permalink=\"http:\/\/blogdalucianaoliveira.com.br\/blog\/2017\/05\/25\/congresso-quer-um-presidente-indireto-saido-de-suas-fileiras\/indir\/\" data-orig-file=\"https:\/\/i0.wp.com\/blogdalucianaoliveira.com.br\/blog\/wp-content\/uploads\/2017\/05\/indir.jpg?fit=490%2C280\" data-orig-size=\"490,280\" data-comments-opened=\"0\" data-image-meta=\"{&quot;aperture&quot;:&quot;0&quot;,&quot;credit&quot;:&quot;&quot;,&quot;camera&quot;:&quot;&quot;,&quot;caption&quot;:&quot;&quot;,&quot;created_timestamp&quot;:&quot;0&quot;,&quot;copyright&quot;:&quot;&quot;,&quot;focal_length&quot;:&quot;0&quot;,&quot;iso&quot;:&quot;0&quot;,&quot;shutter_speed&quot;:&quot;0&quot;,&quot;title&quot;:&quot;&quot;,&quot;orientation&quot;:&quot;0&quot;}\" data-image-title=\"indir\" data-image-description=\"\" data-image-caption=\"\" data-medium-file=\"https:\/\/i0.wp.com\/blogdalucianaoliveira.com.br\/blog\/wp-content\/uploads\/2017\/05\/indir.jpg?fit=300%2C171\" data-large-file=\"https:\/\/i0.wp.com\/blogdalucianaoliveira.com.br\/blog\/wp-content\/uploads\/2017\/05\/indir.jpg?fit=490%2C280\" src=\"https:\/\/i0.wp.com\/blogdalucianaoliveira.com.br\/blog\/wp-content\/uploads\/2017\/05\/indir.jpg?resize=490%2C280\" alt=\"indir\" width=\"490\" height=\"280\" class=\"alignnone size-full wp-image-10989\" srcset=\"https:\/\/i0.wp.com\/blogdalucianaoliveira.com.br\/blog\/wp-content\/uploads\/2017\/05\/indir.jpg?w=490 490w, https:\/\/i0.wp.com\/blogdalucianaoliveira.com.br\/blog\/wp-content\/uploads\/2017\/05\/indir.jpg?resize=300%2C171 300w\" sizes=\"auto, (max-width: 490px) 100vw, 490px\" \/><\/p>\n<p>No 247<br \/>\nTereza Cruvinel<\/p>\n<p>O governo ainda tem base e ela continua aprovando mat\u00e9rias do interesse de Temer. Ontem mesmo a C\u00e2mara aprovou 6 MPs, com a ajuda da oposi\u00e7\u00e3o, que saiu do plen\u00e1rio em protesto contra a repress\u00e3o e o emprego das For\u00e7as Armadas. Mas esta \u00e9 uma falsa \u201cnormalidade\u201d. Nos bastidores, todos os partidos admitem que est\u00e3o \u201ccumprindo tabela\u201d para n\u00e3o agravar ainda mais a situa\u00e7\u00e3o nacional: at\u00e9 que o TSE julgue a chapa Dilma-Temer e afaste Temer do cargo,  os governistas seguir\u00e3o fingindo apoio e a oposi\u00e7\u00e3o, estrilando. Nos bastidores, entretanto,  todas as conversas convergem para o mesmo tema, a busca do nome ideal a ser eleito presidente indiretamente pelo Congresso.<!--more--><\/p>\n<p>Nesta busca do \u201cindireto\u201d, uma premissa j\u00e1 foi tacitamente estabelecida: desmoralizado como anda, com boa parte de seus integrantes nas listas da Lava Jato, se o Congresso admitir a elei\u00e7\u00e3o de um n\u00e3o-parlamentar estar\u00e1 ajudando a decretar a morte da pol\u00edtica e da cren\u00e7a na representa\u00e7\u00e3o popular. Se esta preliminar prevalecer, j\u00e1 est\u00e3o descartados alguns dos nomes \u201cde fora\u201d cogitados para a elei\u00e7\u00e3o indireta, como o do ex-ministro Nelson Jobim, o da presidente do STF, ministra C\u00e1rmem L\u00facia, o do ministro e presidente do TSE Gilmar Mendes, e o do ministro da Fazenda, Henrique Meirelles. FHC seria um caso \u00e0 parte porque foi parlamentar mas ele mesmo est\u00e1 sendo duro na desqualifica\u00e7\u00e3o de seu nome: \u201colhe para minha cara, olhe para minha idade\u201d, disse ele ao negar mais uma vez que v\u00e1 ser candidato aos 85 anos de idade.<\/p>\n<p>Ent\u00e3o sobra quem? Se integrar o Congresso \u00e9 um pr\u00e9-requisito, est\u00e3o restando o presidente da C\u00e2mara, Rodrigo Maia, do DEM, e o o senador e presidente interino do PSDB, Tasso Jereissati.  Ontem, come\u00e7ou a circular tamb\u00e9m,  nestas conversas subterr\u00e2neas e cada vez mais ostensivas,  o nome do senador e ex-ministro Armando Monteiro Filho, que \u00e9 do PTB, detalhe que pode fazer diferen\u00e7a.<\/p>\n<p>Isso porque, nestas prospec\u00e7\u00f5es, vai ganhando for\u00e7a a ideia de que o nome do \u201cindireto\u201d, a ser chancelado por meio de um grande acordo partid\u00e1rio, n\u00e3o pode ser nem do PMDB, nem do PT e nem do PSDB.  Para ser um presidente de transi\u00e7\u00e3o e uni\u00e3o, que conduza o barco at\u00e9 2018 com uma razo\u00e1vel redu\u00e7\u00e3o dos conflitos, o candidato n\u00e3o deveria ser parte do contencioso que levou o pais \u00e0 crise atual. O PMDB n\u00e3o tem nomes mesmo  mas, de todo modo,  \u00e9 o partido de Temer, que ser\u00e1 afastado, espera-se, pelo TSE.  Contra ele volta-se o ressentimento do PT e o rep\u00fadio de toda a esquerda. O PT \u00e9 o partido da presidente deposta pelo golpe,  a quem o PSDB, atrav\u00e9s de A\u00e9cio Neves,  depois de ter perdido a elei\u00e7\u00e3o de  2014, fez cerrada oposi\u00e7\u00e3o, ap\u00f3s jurar que n\u00e3o  a deixaria governar. Realmente, entre estes tr\u00eas n\u00e3o h\u00e1 nome que seja de pacifica\u00e7\u00e3o.<\/p>\n<p>Por este crit\u00e9rio, Tasso Jereissati estaria rifado. Ontem em reuni\u00e3o com a bancada da C\u00e2mara, a primeira desde que assumiu a dire\u00e7\u00e3o do partido, ele foi muito enf\u00e1tico ao descartar seu pr\u00f3prio nome. A suposi\u00e7\u00e3o de que os tucanos est\u00e3o tramando a elei\u00e7\u00e3o de um dos seus tem deixado os peemedebistas irritados e raivosos, ao ponto de lavarem roupa suja com t\u00e3o pouca cerim\u00f4nia, como fizeram ontem na tribuna do Senado os senadores Renan e Juc\u00e1. Renan praticamente queimou os navios na rela\u00e7\u00e3o com o governo e est\u00e1 cada vez mais pr\u00f3ximo dos tucanos.<\/p>\n<p>Na busca de um nome que n\u00e3o seja tucano, peemedebista ou petista \u00e9 que se chegou ao nome de Armando Monteiro Filho, a favor de quem um colega senador enumera as seguintes vantagens: Ele \u00e9 do PTB, partido neutro na rela\u00e7\u00e3o com os tr\u00eas grandes contendores. \u00c9 empres\u00e1rio, ex-presidente da CNI, com largo tr\u00e2nsito e apoio no mundo empresarial.  Foi ministro de Dilma Rousseff, a quem foi fiel no curso do impeachment, e isso lhe rende simpatias do PT. Dialoga com Lula e com FHC.<\/p>\n<p>Contra Armando Monteiro ou contra Tasso Jereissati, entretanto, pesa uma outra quest\u00e3o.  Ambos s\u00e3o senadores, e na C\u00e2mara tem gente dizendo que o \u201cindireto\u201d tem que sair da Casa. S\u00e3o 513 deputados e apenas 81 senadores. O detalhe \u00e9 que para ser eleito o sujeito ter\u00e1 que ter a maioria absoluta dos votos, metade mais um, em cada casa do Congresso. Assim como ocorre na aprecia\u00e7\u00e3o de vetos, a vit\u00f3ria em uma Casa nada vale se houver derrota na outra. Ent\u00e3o, n\u00e3o adianta a C\u00e2mara impor o nome de um deputado. Se ele n\u00e3o passar pelo Senado, nada feito.<\/p>\n<p>O nome da C\u00e2mara todo mundo sabe qual. \u00c9 Rodrigo Maia, que segundo a Constitui\u00e7\u00e3o, como segundo na linha sucess\u00f3ria atual, assumir\u00e1 a Presid\u00eancia quando Temer cair e convocar\u00e1 o pleito indireto para dentro de no m\u00e1ximo 30 dias. Mais tem a seu favor o bom tr\u00e2nsito com as correntes partid\u00e1rias, inclusive na oposi\u00e7\u00e3o. Tem contra si a cita\u00e7\u00e3o em uma lista da Lava Jato. Um de seus aliados destaca outro aspecto: como ele j\u00e1 ser\u00e1 presidente interino, se eleito, seu mandato ser\u00e1 de continuidade. O pais ser\u00e1 poupado de uma presid\u00eancia faz-de-conta por 30 dias, que n\u00e3o se ocupar\u00e1 de nada sen\u00e3o da elei\u00e7\u00e3o. Pode ser,  mas ser\u00e1 preciso saber tamb\u00e9m isso, se o interino pode concorrer.<\/p>\n<p>Este \u00e9 o quadro na discuss\u00e3o sobre nomes. Enquanto Temer n\u00e3o cai, os partidos aliados seguir\u00e3o lhe garantindo o oxig\u00eanio b\u00e1sico, e ao mesmo tempo, buscando o acordo em torno de um nome e preparando as regras do pleito. A Constitui\u00e7\u00e3o prev\u00ea mesmo o pleito indireto quando a vac\u00e2ncia ocorre no segundo bi\u00eanio do mandato mas n\u00e3o h\u00e1 lei complementar regulamentando o assunto. Na segunda-feira passada o deputado Silvio Costa (PT do B-PE) apresentou consulta ao TSE sobre as quest\u00f5es eleitorais centrais neste caso: o candidato tem que ser parlamentar ou n\u00e3o? Tem que ser filiado a partido pol\u00edtico e com que anteced\u00eancia? Deve se desincompatibilizar de cargo p\u00fablico que ocupe? E assim por diante.<\/p>\n<p>A elei\u00e7\u00e3o do \u201cindireto\u201d ser\u00e1 a continuidade do golpe sem Temer. A agenda do governo ser\u00e1 a mesma, encabe\u00e7ada pelas reformas que est\u00e3o no Congresso. As reformas n\u00e3o s\u00e3o de Temer, s\u00e3o das classes hegem\u00f4nicas, que agora resolveram descartar Temer, crivado por denuncias de corrup\u00e7\u00e3o, e nomear outro gestor. Para retirar direitos ou reduzir o Estado, a Constitui\u00e7\u00e3o pode ser mudada. Para garantir o voto popular, n\u00e3o. Tem gente na direita que diz que isso seria um \u201cgolpe\u201d. A n\u00e3o ser que o povo brasileiro derrube este plano com um colossal movimento pr\u00f3-diretas j\u00e1, ele vai se realizar. <\/p>\n","protected":false},"excerpt":{"rendered":"<p>No 247 Tereza Cruvinel O governo ainda tem base e ela continua aprovando mat\u00e9rias do interesse de Temer. Ontem mesmo a C\u00e2mara aprovou 6 MPs, com a ajuda da oposi\u00e7\u00e3o, que saiu do plen\u00e1rio em protesto contra a repress\u00e3o e o emprego das For\u00e7as Armadas. Mas esta \u00e9 uma falsa \u201cnormalidade\u201d. Nos bastidores, todos os&#8230;<a class=\"more-link\" href=\"http:\/\/blogdalucianaoliveira.com.br\/blog\/2017\/05\/25\/congresso-quer-um-presidente-indireto-saido-de-suas-fileiras\/\">Continue a leitura <span class=\"meta-nav\">&raquo;<\/span><\/a><\/p>\n","protected":false},"author":1,"featured_media":0,"comment_status":"closed","ping_status":"open","sticky":false,"template":"","format":"standard","meta":{"_exactmetrics_skip_tracking":false,"_exactmetrics_sitenote_active":false,"_exactmetrics_sitenote_note":"","_exactmetrics_sitenote_category":0,"jetpack_post_was_ever_published":false,"_jetpack_newsletter_access":"","_jetpack_dont_email_post_to_subs":false,"_jetpack_newsletter_tier_id":0,"_jetpack_memberships_contains_paywalled_content":false,"_jetpack_memberships_contains_paid_content":false,"footnotes":"","jetpack_publicize_message":"","jetpack_publicize_feature_enabled":true,"jetpack_social_post_already_shared":true,"jetpack_social_options":{"image_generator_settings":{"template":"highway","enabled":false},"version":2}},"categories":[1],"tags":[],"class_list":["post-10988","post","type-post","status-publish","format-standard","hentry","category-notas"],"jetpack_publicize_connections":[],"jetpack_sharing_enabled":true,"jetpack_featured_media_url":"","jetpack_shortlink":"https:\/\/wp.me\/p7wKYW-2Re","jetpack-related-posts":[],"_links":{"self":[{"href":"http:\/\/blogdalucianaoliveira.com.br\/blog\/wp-json\/wp\/v2\/posts\/10988","targetHints":{"allow":["GET"]}}],"collection":[{"href":"http:\/\/blogdalucianaoliveira.com.br\/blog\/wp-json\/wp\/v2\/posts"}],"about":[{"href":"http:\/\/blogdalucianaoliveira.com.br\/blog\/wp-json\/wp\/v2\/types\/post"}],"author":[{"embeddable":true,"href":"http:\/\/blogdalucianaoliveira.com.br\/blog\/wp-json\/wp\/v2\/users\/1"}],"replies":[{"embeddable":true,"href":"http:\/\/blogdalucianaoliveira.com.br\/blog\/wp-json\/wp\/v2\/comments?post=10988"}],"version-history":[{"count":1,"href":"http:\/\/blogdalucianaoliveira.com.br\/blog\/wp-json\/wp\/v2\/posts\/10988\/revisions"}],"predecessor-version":[{"id":10990,"href":"http:\/\/blogdalucianaoliveira.com.br\/blog\/wp-json\/wp\/v2\/posts\/10988\/revisions\/10990"}],"wp:attachment":[{"href":"http:\/\/blogdalucianaoliveira.com.br\/blog\/wp-json\/wp\/v2\/media?parent=10988"}],"wp:term":[{"taxonomy":"category","embeddable":true,"href":"http:\/\/blogdalucianaoliveira.com.br\/blog\/wp-json\/wp\/v2\/categories?post=10988"},{"taxonomy":"post_tag","embeddable":true,"href":"http:\/\/blogdalucianaoliveira.com.br\/blog\/wp-json\/wp\/v2\/tags?post=10988"}],"curies":[{"name":"wp","href":"https:\/\/api.w.org\/{rel}","templated":true}]}}