{"id":10991,"date":"2017-05-25T11:11:42","date_gmt":"2017-05-25T15:11:42","guid":{"rendered":"http:\/\/blogdalucianaoliveira.com.br\/blog\/?p=10991"},"modified":"2017-05-25T11:11:42","modified_gmt":"2017-05-25T15:11:42","slug":"aragao-temer-cometeu-caso-tipico-de-crime-de-responsabilidade","status":"publish","type":"post","link":"http:\/\/blogdalucianaoliveira.com.br\/blog\/2017\/05\/25\/aragao-temer-cometeu-caso-tipico-de-crime-de-responsabilidade\/","title":{"rendered":"ARAG\u00c3O: TEMER COMETEU CASO T\u00cdPICO DE CRIME DE RESPONSABILIDADE"},"content":{"rendered":"<p><img data-recalc-dims=\"1\" loading=\"lazy\" decoding=\"async\" data-attachment-id=\"10992\" data-permalink=\"http:\/\/blogdalucianaoliveira.com.br\/blog\/2017\/05\/25\/aragao-temer-cometeu-caso-tipico-de-crime-de-responsabilidade\/ara\/\" data-orig-file=\"https:\/\/i0.wp.com\/blogdalucianaoliveira.com.br\/blog\/wp-content\/uploads\/2017\/05\/ara.jpg?fit=1000%2C357\" data-orig-size=\"1000,357\" data-comments-opened=\"0\" data-image-meta=\"{&quot;aperture&quot;:&quot;0&quot;,&quot;credit&quot;:&quot;&quot;,&quot;camera&quot;:&quot;&quot;,&quot;caption&quot;:&quot;&quot;,&quot;created_timestamp&quot;:&quot;0&quot;,&quot;copyright&quot;:&quot;&quot;,&quot;focal_length&quot;:&quot;0&quot;,&quot;iso&quot;:&quot;0&quot;,&quot;shutter_speed&quot;:&quot;0&quot;,&quot;title&quot;:&quot;&quot;,&quot;orientation&quot;:&quot;0&quot;}\" data-image-title=\"ara\" data-image-description=\"\" data-image-caption=\"\" data-medium-file=\"https:\/\/i0.wp.com\/blogdalucianaoliveira.com.br\/blog\/wp-content\/uploads\/2017\/05\/ara.jpg?fit=300%2C107\" data-large-file=\"https:\/\/i0.wp.com\/blogdalucianaoliveira.com.br\/blog\/wp-content\/uploads\/2017\/05\/ara.jpg?fit=600%2C214\" src=\"https:\/\/i0.wp.com\/blogdalucianaoliveira.com.br\/blog\/wp-content\/uploads\/2017\/05\/ara.jpg?resize=600%2C214\" alt=\"ara\" width=\"600\" height=\"214\" class=\"alignnone size-full wp-image-10992\" srcset=\"https:\/\/i0.wp.com\/blogdalucianaoliveira.com.br\/blog\/wp-content\/uploads\/2017\/05\/ara.jpg?w=1000 1000w, https:\/\/i0.wp.com\/blogdalucianaoliveira.com.br\/blog\/wp-content\/uploads\/2017\/05\/ara.jpg?resize=300%2C107 300w, https:\/\/i0.wp.com\/blogdalucianaoliveira.com.br\/blog\/wp-content\/uploads\/2017\/05\/ara.jpg?resize=768%2C274 768w, https:\/\/i0.wp.com\/blogdalucianaoliveira.com.br\/blog\/wp-content\/uploads\/2017\/05\/ara.jpg?resize=800%2C286 800w\" sizes=\"auto, (max-width: 600px) 100vw, 600px\" \/><\/p>\n<p>Por Gisele Federicce, 247 \u2013 O ex-ministro da Justi\u00e7a Eug\u00eanio Arag\u00e3o considerou que a decis\u00e3o do presidente Michel Temer de assinar um decreto que autoriza o emprego das For\u00e7as Armadas para garantir a lei e a ordem no Distrito Federal \u00e9 um caso &#8220;t\u00edpico de crime de responsabilidade&#8221;. &#8220;Ele est\u00e1 deturpando contra a lei e a ordem&#8221;, disse ao 247.<!--more--><\/p>\n<p>Arag\u00e3o destacou que o governo atuou nesta quarta-feira 24 para &#8220;reprimir a livre manifesta\u00e7\u00e3o&#8221; que acontecia em Bras\u00edlia contra as reformas do governo e em defesa de elei\u00e7\u00f5es diretas para presidente. &#8220;Elas seguiam de forma absolutamente pac\u00edfica&#8221;, avalia. &#8220;At\u00e9 que em determinado momento um grupo de mascarados se dirigiu a um grupo de policiais e come\u00e7ou a atac\u00e1-los&#8221;, afirmou.<\/p>\n<p>O ex-ministro relatou que os policiais &#8220;resolveram responder&#8221; esse grupo, definido por ele como de &#8220;agentes provocadores colocados por esse governo&#8221; no protesto das centrais sindicais e dos movimentos sociais, que segundo a CUT levou 200 mil pessoas \u00e0 capital federal.<\/p>\n<p>&#8220;\u00c9 uma quest\u00e3o muito grave, vale uma CPI (Comiss\u00e3o Parlamentar de Inqu\u00e9rito) para saber o que aconteceu nesse dia 24 de maio, quando havia uma manifesta\u00e7\u00e3o pac\u00edfica ocorrendo em Bras\u00edlia e acabou sendo assinado esse decreto&#8221;, disse Arag\u00e3o. O decreto foi assinado, al\u00e9m de Temer, pelo ministro da Defesa, Raul Jungmann, e pelo general Sergio Etchegoyen, do Gabinete de Seguran\u00e7a Institucional.<\/p>\n<p>O ex-ministro n\u00e3o concorda com a an\u00e1lise de o decreto \u00e9 o mesmo de 1964, quando teve in\u00edcio a ditadura militar. Pelo texto, os militares se julgam constitucionalmente autorizados a intervir nos poderes constitu\u00eddos do Pa\u00eds e na sociedade como um todo.<\/p>\n<p>O decreto assinado por Temer, explicou Eug\u00eanio Arag\u00e3o, \u00e9 acionado quando o uso das for\u00e7as de seguran\u00e7a p\u00fablica for esgotado. &#8220;A\u00ed pode entrar as For\u00e7as Armadas&#8221;, disse. &#8220;O problema \u00e9 que n\u00e3o se tinha esgotado o uso das for\u00e7as de seguran\u00e7a, a pol\u00edcia estava ali provocando os manifestantes&#8221;, declarou.<\/p>\n<p>Ele disse ainda que o pedido feito pelo presidente da C\u00e2mara, Rodrigo Maia (DEM-RJ), n\u00e3o \u00e9 nada mais do que o uso das For\u00e7as Armadas como seguran\u00e7a quando da realiza\u00e7\u00e3o de grandes eventos. &#8220;A legisla\u00e7\u00e3o \u00e9 muito complexa, s\u00e3o figuras distintas. Algum incompetente l\u00e1 no Pal\u00e1cio do Planalto pode ter usado um pelo outro&#8221;, criticou.<\/p>\n<p>Para ele, &#8220;trata-se de uma atitude extremamente grave&#8221;. &#8220;A meu ver merece uma CPI, uma representa\u00e7\u00e3o contra o presidente da Rep\u00fablica por crime de responsabilidade e que seja instaurado pela PGR um inqu\u00e9rito por abuso de autoridade. Se a moda pega, as For\u00e7as Armadas viram guarda de esquina&#8221;, disse.<\/p>\n","protected":false},"excerpt":{"rendered":"<p>Por Gisele Federicce, 247 \u2013 O ex-ministro da Justi\u00e7a Eug\u00eanio Arag\u00e3o considerou que a decis\u00e3o do presidente Michel Temer de assinar um decreto que autoriza o emprego das For\u00e7as Armadas para garantir a lei e a ordem no Distrito Federal \u00e9 um caso &#8220;t\u00edpico de crime de responsabilidade&#8221;. &#8220;Ele est\u00e1 deturpando contra a lei e&#8230;<a class=\"more-link\" href=\"http:\/\/blogdalucianaoliveira.com.br\/blog\/2017\/05\/25\/aragao-temer-cometeu-caso-tipico-de-crime-de-responsabilidade\/\">Continue a leitura <span class=\"meta-nav\">&raquo;<\/span><\/a><\/p>\n","protected":false},"author":1,"featured_media":0,"comment_status":"closed","ping_status":"open","sticky":false,"template":"","format":"standard","meta":{"_exactmetrics_skip_tracking":false,"_exactmetrics_sitenote_active":false,"_exactmetrics_sitenote_note":"","_exactmetrics_sitenote_category":0,"jetpack_post_was_ever_published":false,"_jetpack_newsletter_access":"","_jetpack_dont_email_post_to_subs":false,"_jetpack_newsletter_tier_id":0,"_jetpack_memberships_contains_paywalled_content":false,"_jetpack_memberships_contains_paid_content":false,"footnotes":"","jetpack_publicize_message":"","jetpack_publicize_feature_enabled":true,"jetpack_social_post_already_shared":true,"jetpack_social_options":{"image_generator_settings":{"template":"highway","enabled":false},"version":2}},"categories":[1],"tags":[],"class_list":["post-10991","post","type-post","status-publish","format-standard","hentry","category-notas"],"jetpack_publicize_connections":[],"jetpack_sharing_enabled":true,"jetpack_featured_media_url":"","jetpack_shortlink":"https:\/\/wp.me\/p7wKYW-2Rh","jetpack-related-posts":[],"_links":{"self":[{"href":"http:\/\/blogdalucianaoliveira.com.br\/blog\/wp-json\/wp\/v2\/posts\/10991","targetHints":{"allow":["GET"]}}],"collection":[{"href":"http:\/\/blogdalucianaoliveira.com.br\/blog\/wp-json\/wp\/v2\/posts"}],"about":[{"href":"http:\/\/blogdalucianaoliveira.com.br\/blog\/wp-json\/wp\/v2\/types\/post"}],"author":[{"embeddable":true,"href":"http:\/\/blogdalucianaoliveira.com.br\/blog\/wp-json\/wp\/v2\/users\/1"}],"replies":[{"embeddable":true,"href":"http:\/\/blogdalucianaoliveira.com.br\/blog\/wp-json\/wp\/v2\/comments?post=10991"}],"version-history":[{"count":1,"href":"http:\/\/blogdalucianaoliveira.com.br\/blog\/wp-json\/wp\/v2\/posts\/10991\/revisions"}],"predecessor-version":[{"id":10993,"href":"http:\/\/blogdalucianaoliveira.com.br\/blog\/wp-json\/wp\/v2\/posts\/10991\/revisions\/10993"}],"wp:attachment":[{"href":"http:\/\/blogdalucianaoliveira.com.br\/blog\/wp-json\/wp\/v2\/media?parent=10991"}],"wp:term":[{"taxonomy":"category","embeddable":true,"href":"http:\/\/blogdalucianaoliveira.com.br\/blog\/wp-json\/wp\/v2\/categories?post=10991"},{"taxonomy":"post_tag","embeddable":true,"href":"http:\/\/blogdalucianaoliveira.com.br\/blog\/wp-json\/wp\/v2\/tags?post=10991"}],"curies":[{"name":"wp","href":"https:\/\/api.w.org\/{rel}","templated":true}]}}