{"id":10994,"date":"2017-05-25T11:31:46","date_gmt":"2017-05-25T15:31:46","guid":{"rendered":"http:\/\/blogdalucianaoliveira.com.br\/blog\/?p=10994"},"modified":"2017-05-25T11:31:46","modified_gmt":"2017-05-25T15:31:46","slug":"time-elege-temer-um-dos-5-lideres-mais-impopulares-do-mund","status":"publish","type":"post","link":"http:\/\/blogdalucianaoliveira.com.br\/blog\/2017\/05\/25\/time-elege-temer-um-dos-5-lideres-mais-impopulares-do-mund\/","title":{"rendered":"TIME ELEGE TEMER UM DOS 5 L\u00cdDERES MAIS IMPOPULARES DO MUND"},"content":{"rendered":"<p><img data-recalc-dims=\"1\" loading=\"lazy\" decoding=\"async\" data-attachment-id=\"10995\" data-permalink=\"http:\/\/blogdalucianaoliveira.com.br\/blog\/2017\/05\/25\/time-elege-temer-um-dos-5-lideres-mais-impopulares-do-mund\/puta-3\/\" data-orig-file=\"https:\/\/i0.wp.com\/blogdalucianaoliveira.com.br\/blog\/wp-content\/uploads\/2017\/05\/puta.jpg?fit=1000%2C357\" data-orig-size=\"1000,357\" data-comments-opened=\"0\" data-image-meta=\"{&quot;aperture&quot;:&quot;0&quot;,&quot;credit&quot;:&quot;&quot;,&quot;camera&quot;:&quot;&quot;,&quot;caption&quot;:&quot;&quot;,&quot;created_timestamp&quot;:&quot;0&quot;,&quot;copyright&quot;:&quot;&quot;,&quot;focal_length&quot;:&quot;0&quot;,&quot;iso&quot;:&quot;0&quot;,&quot;shutter_speed&quot;:&quot;0&quot;,&quot;title&quot;:&quot;&quot;,&quot;orientation&quot;:&quot;0&quot;}\" data-image-title=\"puta\" data-image-description=\"\" data-image-caption=\"\" data-medium-file=\"https:\/\/i0.wp.com\/blogdalucianaoliveira.com.br\/blog\/wp-content\/uploads\/2017\/05\/puta.jpg?fit=300%2C107\" data-large-file=\"https:\/\/i0.wp.com\/blogdalucianaoliveira.com.br\/blog\/wp-content\/uploads\/2017\/05\/puta.jpg?fit=600%2C214\" src=\"https:\/\/i0.wp.com\/blogdalucianaoliveira.com.br\/blog\/wp-content\/uploads\/2017\/05\/puta.jpg?resize=600%2C214\" alt=\"puta\" width=\"600\" height=\"214\" class=\"alignnone size-full wp-image-10995\" srcset=\"https:\/\/i0.wp.com\/blogdalucianaoliveira.com.br\/blog\/wp-content\/uploads\/2017\/05\/puta.jpg?w=1000 1000w, https:\/\/i0.wp.com\/blogdalucianaoliveira.com.br\/blog\/wp-content\/uploads\/2017\/05\/puta.jpg?resize=300%2C107 300w, https:\/\/i0.wp.com\/blogdalucianaoliveira.com.br\/blog\/wp-content\/uploads\/2017\/05\/puta.jpg?resize=768%2C274 768w, https:\/\/i0.wp.com\/blogdalucianaoliveira.com.br\/blog\/wp-content\/uploads\/2017\/05\/puta.jpg?resize=800%2C286 800w\" sizes=\"auto, (max-width: 600px) 100vw, 600px\" \/><\/p>\n<p>247 &#8211; A vers\u00e3o online da revista norte-americana Time traz Michel Temer como um dos cinco presidentes mais impopulares do mundo. A Time ironizou a situa\u00e7\u00e3o ao afirmar que o presidente dos Estados Unidos, Donald Trump, est\u00e1 &#8220;bem na fita&#8221; ao figurar ao lado de l\u00edderes mundiais impopulares como Temer, o presidente da Venezuela, Nicol\u00e1s Maduro, do primeiro-ministro da Gr\u00e9cio, Alexis Tsipras, e do primeiro-ministro da Mal\u00e1sia, Najib Razak.<!--more--><\/p>\n<p>Apesar dos esc\u00e2ndalos de seu governo, Trump mant\u00e9m uma popularidade de 40% junto ao eleitorado dos EUA.<\/p>\n<p>&#8220;Seguir uma presidente que sofreu impeachment deveria ser f\u00e1cil; o n\u00edvel de exig\u00eancia estava baixo. Mas o presidente brasileiro, cuja aprova\u00e7\u00e3o est\u00e1 em um d\u00edgito, descobriu que suceder Dilma Rousseff n\u00e3o foi um passeio no parque&#8221;, ironiza a Time ao falar da impopularidade de Temer, que \u00e9 rejeitado por 95% dos brasileiros.<\/p>\n<p>&#8220;O pol\u00edtico veterano agora se agarra ao cargo depois que grava\u00e7\u00f5es mostraram ele aparentemente negociando pagamento de suborno para silenciar um colega pol\u00edtico corrupto. Ele pode em breve ser o segundo presidente brasileiro consecutivo que sofre um impeachment, gra\u00e7as a liga\u00e7\u00f5es com o esc\u00e2ndalo da Lava Jato&#8221;, destaca a mat\u00e9ria.<\/p>\n<p>Leia a \u00edntegra da mat\u00e9ria:<\/p>\n<p>http:\/\/time.com\/4785127\/michael-temer-nicolas-maduro-donald-trump\/<\/p>\n","protected":false},"excerpt":{"rendered":"<p>247 &#8211; A vers\u00e3o online da revista norte-americana Time traz Michel Temer como um dos cinco presidentes mais impopulares do mundo. A Time ironizou a situa\u00e7\u00e3o ao afirmar que o presidente dos Estados Unidos, Donald Trump, est\u00e1 &#8220;bem na fita&#8221; ao figurar ao lado de l\u00edderes mundiais impopulares como Temer, o presidente da Venezuela, Nicol\u00e1s&#8230;<a class=\"more-link\" href=\"http:\/\/blogdalucianaoliveira.com.br\/blog\/2017\/05\/25\/time-elege-temer-um-dos-5-lideres-mais-impopulares-do-mund\/\">Continue a leitura <span class=\"meta-nav\">&raquo;<\/span><\/a><\/p>\n","protected":false},"author":1,"featured_media":0,"comment_status":"closed","ping_status":"open","sticky":false,"template":"","format":"standard","meta":{"_exactmetrics_skip_tracking":false,"_exactmetrics_sitenote_active":false,"_exactmetrics_sitenote_note":"","_exactmetrics_sitenote_category":0,"jetpack_post_was_ever_published":false,"_jetpack_newsletter_access":"","_jetpack_dont_email_post_to_subs":false,"_jetpack_newsletter_tier_id":0,"_jetpack_memberships_contains_paywalled_content":false,"_jetpack_memberships_contains_paid_content":false,"footnotes":"","jetpack_publicize_message":"","jetpack_publicize_feature_enabled":true,"jetpack_social_post_already_shared":true,"jetpack_social_options":{"image_generator_settings":{"template":"highway","enabled":false},"version":2}},"categories":[1],"tags":[],"class_list":["post-10994","post","type-post","status-publish","format-standard","hentry","category-notas"],"jetpack_publicize_connections":[],"jetpack_sharing_enabled":true,"jetpack_featured_media_url":"","jetpack_shortlink":"https:\/\/wp.me\/p7wKYW-2Rk","jetpack-related-posts":[],"_links":{"self":[{"href":"http:\/\/blogdalucianaoliveira.com.br\/blog\/wp-json\/wp\/v2\/posts\/10994","targetHints":{"allow":["GET"]}}],"collection":[{"href":"http:\/\/blogdalucianaoliveira.com.br\/blog\/wp-json\/wp\/v2\/posts"}],"about":[{"href":"http:\/\/blogdalucianaoliveira.com.br\/blog\/wp-json\/wp\/v2\/types\/post"}],"author":[{"embeddable":true,"href":"http:\/\/blogdalucianaoliveira.com.br\/blog\/wp-json\/wp\/v2\/users\/1"}],"replies":[{"embeddable":true,"href":"http:\/\/blogdalucianaoliveira.com.br\/blog\/wp-json\/wp\/v2\/comments?post=10994"}],"version-history":[{"count":1,"href":"http:\/\/blogdalucianaoliveira.com.br\/blog\/wp-json\/wp\/v2\/posts\/10994\/revisions"}],"predecessor-version":[{"id":10996,"href":"http:\/\/blogdalucianaoliveira.com.br\/blog\/wp-json\/wp\/v2\/posts\/10994\/revisions\/10996"}],"wp:attachment":[{"href":"http:\/\/blogdalucianaoliveira.com.br\/blog\/wp-json\/wp\/v2\/media?parent=10994"}],"wp:term":[{"taxonomy":"category","embeddable":true,"href":"http:\/\/blogdalucianaoliveira.com.br\/blog\/wp-json\/wp\/v2\/categories?post=10994"},{"taxonomy":"post_tag","embeddable":true,"href":"http:\/\/blogdalucianaoliveira.com.br\/blog\/wp-json\/wp\/v2\/tags?post=10994"}],"curies":[{"name":"wp","href":"https:\/\/api.w.org\/{rel}","templated":true}]}}