{"id":11002,"date":"2017-05-25T17:55:30","date_gmt":"2017-05-25T21:55:30","guid":{"rendered":"http:\/\/blogdalucianaoliveira.com.br\/blog\/?p=11002"},"modified":"2017-05-25T17:55:30","modified_gmt":"2017-05-25T21:55:30","slug":"pimenta-so-agora-oab-descobriu-que-temer-e-corrupto","status":"publish","type":"post","link":"http:\/\/blogdalucianaoliveira.com.br\/blog\/2017\/05\/25\/pimenta-so-agora-oab-descobriu-que-temer-e-corrupto\/","title":{"rendered":"PIMENTA: S\u00d3 AGORA OAB DESCOBRIU QUE TEMER \u00c9 CORRUPTO?"},"content":{"rendered":"<p><img data-recalc-dims=\"1\" loading=\"lazy\" decoding=\"async\" data-attachment-id=\"11003\" data-permalink=\"http:\/\/blogdalucianaoliveira.com.br\/blog\/2017\/05\/25\/pimenta-so-agora-oab-descobriu-que-temer-e-corrupto\/oab-3\/\" data-orig-file=\"https:\/\/i0.wp.com\/blogdalucianaoliveira.com.br\/blog\/wp-content\/uploads\/2017\/05\/oab.jpg?fit=1000%2C357\" data-orig-size=\"1000,357\" data-comments-opened=\"0\" data-image-meta=\"{&quot;aperture&quot;:&quot;0&quot;,&quot;credit&quot;:&quot;&quot;,&quot;camera&quot;:&quot;&quot;,&quot;caption&quot;:&quot;&quot;,&quot;created_timestamp&quot;:&quot;0&quot;,&quot;copyright&quot;:&quot;&quot;,&quot;focal_length&quot;:&quot;0&quot;,&quot;iso&quot;:&quot;0&quot;,&quot;shutter_speed&quot;:&quot;0&quot;,&quot;title&quot;:&quot;&quot;,&quot;orientation&quot;:&quot;0&quot;}\" data-image-title=\"oab\" data-image-description=\"\" data-image-caption=\"\" data-medium-file=\"https:\/\/i0.wp.com\/blogdalucianaoliveira.com.br\/blog\/wp-content\/uploads\/2017\/05\/oab.jpg?fit=300%2C107\" data-large-file=\"https:\/\/i0.wp.com\/blogdalucianaoliveira.com.br\/blog\/wp-content\/uploads\/2017\/05\/oab.jpg?fit=600%2C214\" src=\"https:\/\/i0.wp.com\/blogdalucianaoliveira.com.br\/blog\/wp-content\/uploads\/2017\/05\/oab.jpg?resize=600%2C214\" alt=\"oab\" width=\"600\" height=\"214\" class=\"alignnone size-full wp-image-11003\" srcset=\"https:\/\/i0.wp.com\/blogdalucianaoliveira.com.br\/blog\/wp-content\/uploads\/2017\/05\/oab.jpg?w=1000 1000w, https:\/\/i0.wp.com\/blogdalucianaoliveira.com.br\/blog\/wp-content\/uploads\/2017\/05\/oab.jpg?resize=300%2C107 300w, https:\/\/i0.wp.com\/blogdalucianaoliveira.com.br\/blog\/wp-content\/uploads\/2017\/05\/oab.jpg?resize=768%2C274 768w, https:\/\/i0.wp.com\/blogdalucianaoliveira.com.br\/blog\/wp-content\/uploads\/2017\/05\/oab.jpg?resize=800%2C286 800w\" sizes=\"auto, (max-width: 600px) 100vw, 600px\" \/><\/p>\n<p>Rio Grande do Sul 247 &#8211; O deputado federal Paulo Pimenta (PT-RS) criticou a Ordem dos Advogados do Brasil (OAB), que protocolou nesta quinta-feira, 25, pedido de impeachment contra Michel Temer. <!--more--><\/p>\n<p>Para o deputado, a Ordem descobiu muito tarde que Temer \u00e9 corrupto. &#8220;Me nego a acompanhar golpistas da OAB que agora descobriram que #ForaTemer \u00e9 corrupto.Repetem 64 querendo limpar biografias manchadas #EuFora Apoiaram Eduardo Cunha, A\u00e9cio Neves e Michel Temer para afastar uma Presidenta honesta&#8221;, diz o parlamentar em sua conta no Facebook.<\/p>\n<p>&#8220;S\u00f3 falta pedir desculpas como fizeram por apoiar a ditadura militar! Eu n\u00e3o recebo, n\u00e3o acompanho e n\u00e3o acredito nesta &#8216;pureza&#8217; em defesa do Brasil&#8221;, acrescentou.<\/p>\n<p>Leia reportagem da Ag\u00eancia Brasil sobre o pedido de impeachment de Michel Temer:<\/p>\n<p>OAB protocola na C\u00e2mara pedido de impeachment do presidente Temer<\/p>\n<p>A Ordem dos Advogados do Brasil (OAB) protocolou hoje (25) na C\u00e2mara dos Deputados pedido de impeachment do presidente Michel Temer.<\/p>\n<p>No documento, a entidade argumenta que o presidente cometeu crime de responsabilidade e faltou com o decoro ao receber no Pal\u00e1cio do Jaburu o empres\u00e1rio Joesley Batista, dono da JBS, um dos investigados na Opera\u00e7\u00e3o Lava Jato.<\/p>\n<p>O documento foi entregue pessoalmente pelo presidente da OAB, Cl\u00e1udio Lamachia, que chegou \u00e0 C\u00e2mara acompanhado por outros advogados integrantes do Conselho da Ordem.<\/p>\n<p>Lamachia disse que, mesmo sem a comprova\u00e7\u00e3o da legitimidade dos \u00e1udios gravados por Joesley, o presidente n\u00e3o negou a ocorr\u00eancia do encontro.<\/p>\n<p>&#8220;A fita, o \u00e1udio da conversa pode at\u00e9 mesmo ter sofrido alguma adapta\u00e7\u00e3o ou alguma interfer\u00eancia, mas o fato de o presidente da Rep\u00fablica, em seus dois pronunciamentos e em entrevista para um jornal de ampla circula\u00e7\u00e3o nacional, n\u00e3o ter negado que houve os di\u00e1logos, torna estes fatos absolutamente incontroversos. E, portanto, na vis\u00e3o da OAB, n\u00f3s temos aqui presente o crime de responsabilidade do senhor presidente da Rep\u00fablica.&#8221;, disse Lamachia ao chegar \u00e0 C\u00e2mara.<\/p>\n<p>Os \u00e1udios gravados por Joesley foram entregues \u00e0 Procuradoria-Geral da Rep\u00fablica (PGR ), com a qual o empres\u00e1rio firmou acordo de dela\u00e7\u00e3o premiada. As conversas est\u00e3o sendo periciadas pela Pol\u00edcia Federal por determina\u00e7\u00e3o do Supremo Tribunal Federal (STF). A per\u00edcia ir\u00e1 apontar se o \u00e1udio sofreu edi\u00e7\u00e3o ou adultera\u00e7\u00e3o.<\/p>\n<p>Na peti\u00e7\u00e3o, a OAB afirma que o resultado da per\u00edcia n\u00e3o interfere na decis\u00e3o da entidade.<\/p>\n<p>&#8220;Este voto n\u00e3o se pauta \u00fanica e exclusivamente no conte\u00fado dos mencionados \u00e1udios, mas tamb\u00e9m nos depoimentos constantes dos inqu\u00e9ritos e, em especial, nos pronunciamentos oficiais e manifesta\u00e7\u00f5es do Excelent\u00edssimo Senhor Presidente da Rep\u00fablica Federativa do Brasil que confirmam seu conte\u00fado, bem como a realiza\u00e7\u00e3o do encontro com o colaborador&#8221;, diz trecho do documento.<\/p>\n<p>Para Lamachia, um processo de impeachment n\u00e3o traria desestabiliza\u00e7\u00e3o ao pa\u00eds.<\/p>\n<p>A OAB destaca ainda que, na conversa, Temer n\u00e3o repreendeu Joesley, quando o empres\u00e1rio relatou que estaria obstruindo o trabalho da Justi\u00e7a, ao pagar propina a dois ju\u00edzes e receber informa\u00e7\u00f5es privilegiadas de um procurador. A Ordem argumenta que o presidente deveria ter comunicado o fato \u00e0s autoridades competentes.<\/p>\n<p>Al\u00e9m do da OAB, 13 pedidos de impeachment j\u00e1 foram protocolados na C\u00e2mara desde o \u00faltimo dia 17.<\/p>\n<p>A decis\u00e3o da OAB pelo pedido de impeachment foi tomada pelo conselho pleno da entidade no \u00faltimo fim de semana, por 25 votos a 1. Este \u00e9 o terceiro pedido de afastamento de presidentes da Rep\u00fablica apresentado pela entidade. O primeiro, em conjunto com a Associa\u00e7\u00e3o Brasileira de Imprensa (ABI), ocorreu em 1992, foi pelo impedimento de Fernando Collor. O mais recente, no ano passado, envolveu a ent\u00e3o presidenta Dilma Rousseff.<\/p>\n<p>Decis\u00e3o da presid\u00eancia da C\u00e2mara<\/p>\n<p>A decis\u00e3o de acatar, ou n\u00e3o, os pedidos e abrir um processo de afastamento de Temer \u00e9 do presidente da C\u00e2mara, Rodrigo Maia (DEM-RJ).<\/p>\n<p>L\u00edderes da oposi\u00e7\u00e3o disseram que, na pr\u00f3xima semana, v\u00e3o cobrar de Maia o acatamento do pedido e a instala\u00e7\u00e3o de uma comiss\u00e3o para analis\u00e1-lo. &#8220;N\u00e3o \u00e9 razo\u00e1vel que o presidente Rodrigo Maia, para proteger seu aliado Michel Temer, estenda a perman\u00eancia dele [no governo] contra tudo e contra todos. O Brasil pede que a comiss\u00e3o de impeachment seja instalada&#8221;, disse o l\u00edder da Rede, Alessandro Molon (RJ).<\/p>\n<p>O l\u00edder do DEM na C\u00e2mara, Efraim Filho (PB), disse que a presid\u00eancia da C\u00e2mara n\u00e3o est\u00e1 fazendo &#8220;blindagem&#8221; do governo Temer e ressaltou que n\u00e3o se pode &#8220;desprezar nenhum argumento&#8221; apresentado no contexto da crise pol\u00edtica. &#8220;N\u00e3o tenho d\u00favida de que, por parte do presidente Rodrigo Maia, [o pedido da OAB] merecer\u00e1 uma an\u00e1lise t\u00e9cnica, jur\u00eddica e pol\u00edtica como pede uma peti\u00e7\u00e3o desta forma. A OAB \u00e9 uma entidade respeitada e n\u00e3o tenho d\u00favida de que seu pedido receber\u00e1 desta Casa a devida an\u00e1lise t\u00e9cnica, pol\u00edtica e jur\u00eddica que merece enfrentar&#8221;, afirmou o l\u00edder da base aliada.<\/p>\n","protected":false},"excerpt":{"rendered":"<p>Rio Grande do Sul 247 &#8211; O deputado federal Paulo Pimenta (PT-RS) criticou a Ordem dos Advogados do Brasil (OAB), que protocolou nesta quinta-feira, 25, pedido de impeachment contra Michel Temer.<\/p>\n","protected":false},"author":1,"featured_media":0,"comment_status":"closed","ping_status":"open","sticky":false,"template":"","format":"standard","meta":{"_exactmetrics_skip_tracking":false,"_exactmetrics_sitenote_active":false,"_exactmetrics_sitenote_note":"","_exactmetrics_sitenote_category":0,"jetpack_post_was_ever_published":false,"_jetpack_newsletter_access":"","_jetpack_dont_email_post_to_subs":false,"_jetpack_newsletter_tier_id":0,"_jetpack_memberships_contains_paywalled_content":false,"_jetpack_memberships_contains_paid_content":false,"footnotes":"","jetpack_publicize_message":"","jetpack_publicize_feature_enabled":true,"jetpack_social_post_already_shared":true,"jetpack_social_options":{"image_generator_settings":{"template":"highway","enabled":false},"version":2}},"categories":[1],"tags":[],"class_list":["post-11002","post","type-post","status-publish","format-standard","hentry","category-notas"],"jetpack_publicize_connections":[],"jetpack_sharing_enabled":true,"jetpack_featured_media_url":"","jetpack_shortlink":"https:\/\/wp.me\/p7wKYW-2Rs","jetpack-related-posts":[],"_links":{"self":[{"href":"http:\/\/blogdalucianaoliveira.com.br\/blog\/wp-json\/wp\/v2\/posts\/11002","targetHints":{"allow":["GET"]}}],"collection":[{"href":"http:\/\/blogdalucianaoliveira.com.br\/blog\/wp-json\/wp\/v2\/posts"}],"about":[{"href":"http:\/\/blogdalucianaoliveira.com.br\/blog\/wp-json\/wp\/v2\/types\/post"}],"author":[{"embeddable":true,"href":"http:\/\/blogdalucianaoliveira.com.br\/blog\/wp-json\/wp\/v2\/users\/1"}],"replies":[{"embeddable":true,"href":"http:\/\/blogdalucianaoliveira.com.br\/blog\/wp-json\/wp\/v2\/comments?post=11002"}],"version-history":[{"count":1,"href":"http:\/\/blogdalucianaoliveira.com.br\/blog\/wp-json\/wp\/v2\/posts\/11002\/revisions"}],"predecessor-version":[{"id":11004,"href":"http:\/\/blogdalucianaoliveira.com.br\/blog\/wp-json\/wp\/v2\/posts\/11002\/revisions\/11004"}],"wp:attachment":[{"href":"http:\/\/blogdalucianaoliveira.com.br\/blog\/wp-json\/wp\/v2\/media?parent=11002"}],"wp:term":[{"taxonomy":"category","embeddable":true,"href":"http:\/\/blogdalucianaoliveira.com.br\/blog\/wp-json\/wp\/v2\/categories?post=11002"},{"taxonomy":"post_tag","embeddable":true,"href":"http:\/\/blogdalucianaoliveira.com.br\/blog\/wp-json\/wp\/v2\/tags?post=11002"}],"curies":[{"name":"wp","href":"https:\/\/api.w.org\/{rel}","templated":true}]}}