{"id":11015,"date":"2017-05-26T09:59:44","date_gmt":"2017-05-26T13:59:44","guid":{"rendered":"http:\/\/blogdalucianaoliveira.com.br\/blog\/?p=11015"},"modified":"2017-05-26T09:59:44","modified_gmt":"2017-05-26T13:59:44","slug":"caetano-mano-brown-criolo-e-outros-artistas-se-apresentam-em-ato-no-rio-por-diretas","status":"publish","type":"post","link":"http:\/\/blogdalucianaoliveira.com.br\/blog\/2017\/05\/26\/caetano-mano-brown-criolo-e-outros-artistas-se-apresentam-em-ato-no-rio-por-diretas\/","title":{"rendered":"Caetano, Mano Brown, Criolo e outros artistas se apresentam em ato no Rio por diretas"},"content":{"rendered":"<p><img data-recalc-dims=\"1\" loading=\"lazy\" decoding=\"async\" data-attachment-id=\"11016\" data-permalink=\"http:\/\/blogdalucianaoliveira.com.br\/blog\/2017\/05\/26\/caetano-mano-brown-criolo-e-outros-artistas-se-apresentam-em-ato-no-rio-por-diretas\/show\/\" data-orig-file=\"https:\/\/i0.wp.com\/blogdalucianaoliveira.com.br\/blog\/wp-content\/uploads\/2017\/05\/show.jpg?fit=640%2C402\" data-orig-size=\"640,402\" data-comments-opened=\"0\" data-image-meta=\"{&quot;aperture&quot;:&quot;0&quot;,&quot;credit&quot;:&quot;&quot;,&quot;camera&quot;:&quot;&quot;,&quot;caption&quot;:&quot;&quot;,&quot;created_timestamp&quot;:&quot;0&quot;,&quot;copyright&quot;:&quot;&quot;,&quot;focal_length&quot;:&quot;0&quot;,&quot;iso&quot;:&quot;0&quot;,&quot;shutter_speed&quot;:&quot;0&quot;,&quot;title&quot;:&quot;&quot;,&quot;orientation&quot;:&quot;0&quot;}\" data-image-title=\"show\" data-image-description=\"\" data-image-caption=\"\" data-medium-file=\"https:\/\/i0.wp.com\/blogdalucianaoliveira.com.br\/blog\/wp-content\/uploads\/2017\/05\/show.jpg?fit=300%2C188\" data-large-file=\"https:\/\/i0.wp.com\/blogdalucianaoliveira.com.br\/blog\/wp-content\/uploads\/2017\/05\/show.jpg?fit=600%2C377\" src=\"https:\/\/i0.wp.com\/blogdalucianaoliveira.com.br\/blog\/wp-content\/uploads\/2017\/05\/show.jpg?resize=600%2C377\" alt=\"show\" width=\"600\" height=\"377\" class=\"alignnone size-full wp-image-11016\" srcset=\"https:\/\/i0.wp.com\/blogdalucianaoliveira.com.br\/blog\/wp-content\/uploads\/2017\/05\/show.jpg?w=640 640w, https:\/\/i0.wp.com\/blogdalucianaoliveira.com.br\/blog\/wp-content\/uploads\/2017\/05\/show.jpg?resize=300%2C188 300w, https:\/\/i0.wp.com\/blogdalucianaoliveira.com.br\/blog\/wp-content\/uploads\/2017\/05\/show.jpg?resize=478%2C300 478w\" sizes=\"auto, (max-width: 600px) 100vw, 600px\" \/><\/p>\n<p>Grandes nomes da m\u00fasica brasileira marcam presen\u00e7a neste domingo (28), na praia de Copacabana<!--more--><\/p>\n<p>RBA<\/p>\n<p>S\u00e3o Paulo \u2013 \u201cVamos para as ruas em um evento gigantesco, com grandes artistas, pelas diretas j\u00e1. Pelo direito do povo votar. Nossa crise \u00e9 de legitimidade\u201d, afirma em v\u00eddeo o ator Wagner Moura, sobre o evento &#8220;O Rio pelas Diretas J\u00e1&#8221;, que ser\u00e1 realizado na praia de Copacabana, a partir das 11h, no pr\u00f3ximo domingo (28). Al\u00e9m de pedir a sa\u00edda do presidente Michel Temer (PMDB) e a realiza\u00e7\u00e3o de elei\u00e7\u00f5es diretas, os presentes poder\u00e3o assistir a shows de grandes nomes da m\u00fasica nacional.<\/p>\n<p>\u201cIsso n\u00e3o \u00e9 um movimento de esquerda nem de direita. Isso \u00e9 pela democracia. Vamos pressionar para tirar esse Temer de onde ele nunca deveria ter chegado. Temos o direito de escolher o pr\u00f3ximo presidente\u201d, completa o ator. O ato conta com a organiza\u00e7\u00e3o das frentes Povo sem Medo e Brasil Popular. \u201c\u00c9 um fato: Temer n\u00e3o se sustenta mais na presid\u00eancia. Agora \u00e9 hora de escolhermos o nosso caminho\u201d, afirmam os organizadores.<\/p>\n<p>Caetano Veloso, Mano Brown, Criolo, Maria Gad\u00fa, Teresa Cristina, Mart\u00b4n\u00e1lia, Mosquito, Cord\u00e3o da Bola Preta e BNeg\u00e3o s\u00e3o alguns dos nomes que estar\u00e3o presentes. \u201cEsse movimento \u00e9 super importante e necess\u00e1rio para o pa\u00eds\u201d, afirma a cantora e atriz Emanuelle Ara\u00fajo. \u201cVamos para a rua lutar por nosso direito de mudar essa bagun\u00e7a em que foi transformado o governo do nosso pa\u00eds. Ser\u00e3o v\u00e1rios artistas maravilhosos e voc\u00ea n\u00e3o pode perder\u201d, completa.<\/p>\n<p>A organiza\u00e7\u00e3o do evento remete ao movimento das Diretas J\u00e1, que defendia o direito de a popula\u00e7\u00e3o votar para presidente, em 1984. \u201cMais de 30 anos se passaram desde o hist\u00f3rico movimento das Diretas J\u00e1. N\u00e3o h\u00e1 sa\u00edda que n\u00e3o seja a democracia (\u2026) N\u00e3o podemos abrir m\u00e3o dessa escolha e deixar que a C\u00e2mara formada por parlamentares t\u00e3o corruptos quanto Temer e seus aliados decidam por n\u00f3s\u201d, diz o texto da convoca\u00e7\u00e3o no Facebook.<\/p>\n<p>O ator Vladimir Brichta gravou um v\u00eddeo em seu perfil no Facebook convocando para o ato. \u201cVamos todos para as ruas pedir nosso direito de escolher o novo presidente. N\u00e3o vamos deixar nas m\u00e3o do Congresso. Novo presidente porque todos sabem que Temer vai cair, isso n\u00e3o se discute mais. Mas n\u00e3o se engane, esse Congresso n\u00e3o representa a gente. S\u00e3o mais de 200 pessoas sendo investigadas\u201d, afirma.<\/p>\n","protected":false},"excerpt":{"rendered":"<p>Grandes nomes da m\u00fasica brasileira marcam presen\u00e7a neste domingo (28), na praia de Copacabana<\/p>\n","protected":false},"author":1,"featured_media":0,"comment_status":"closed","ping_status":"open","sticky":false,"template":"","format":"standard","meta":{"_exactmetrics_skip_tracking":false,"_exactmetrics_sitenote_active":false,"_exactmetrics_sitenote_note":"","_exactmetrics_sitenote_category":0,"jetpack_post_was_ever_published":false,"_jetpack_newsletter_access":"","_jetpack_dont_email_post_to_subs":false,"_jetpack_newsletter_tier_id":0,"_jetpack_memberships_contains_paywalled_content":false,"_jetpack_memberships_contains_paid_content":false,"footnotes":"","jetpack_publicize_message":"","jetpack_publicize_feature_enabled":true,"jetpack_social_post_already_shared":true,"jetpack_social_options":{"image_generator_settings":{"template":"highway","enabled":false},"version":2}},"categories":[1],"tags":[],"class_list":["post-11015","post","type-post","status-publish","format-standard","hentry","category-notas"],"jetpack_publicize_connections":[],"jetpack_sharing_enabled":true,"jetpack_featured_media_url":"","jetpack_shortlink":"https:\/\/wp.me\/p7wKYW-2RF","jetpack-related-posts":[],"_links":{"self":[{"href":"http:\/\/blogdalucianaoliveira.com.br\/blog\/wp-json\/wp\/v2\/posts\/11015","targetHints":{"allow":["GET"]}}],"collection":[{"href":"http:\/\/blogdalucianaoliveira.com.br\/blog\/wp-json\/wp\/v2\/posts"}],"about":[{"href":"http:\/\/blogdalucianaoliveira.com.br\/blog\/wp-json\/wp\/v2\/types\/post"}],"author":[{"embeddable":true,"href":"http:\/\/blogdalucianaoliveira.com.br\/blog\/wp-json\/wp\/v2\/users\/1"}],"replies":[{"embeddable":true,"href":"http:\/\/blogdalucianaoliveira.com.br\/blog\/wp-json\/wp\/v2\/comments?post=11015"}],"version-history":[{"count":1,"href":"http:\/\/blogdalucianaoliveira.com.br\/blog\/wp-json\/wp\/v2\/posts\/11015\/revisions"}],"predecessor-version":[{"id":11017,"href":"http:\/\/blogdalucianaoliveira.com.br\/blog\/wp-json\/wp\/v2\/posts\/11015\/revisions\/11017"}],"wp:attachment":[{"href":"http:\/\/blogdalucianaoliveira.com.br\/blog\/wp-json\/wp\/v2\/media?parent=11015"}],"wp:term":[{"taxonomy":"category","embeddable":true,"href":"http:\/\/blogdalucianaoliveira.com.br\/blog\/wp-json\/wp\/v2\/categories?post=11015"},{"taxonomy":"post_tag","embeddable":true,"href":"http:\/\/blogdalucianaoliveira.com.br\/blog\/wp-json\/wp\/v2\/tags?post=11015"}],"curies":[{"name":"wp","href":"https:\/\/api.w.org\/{rel}","templated":true}]}}