{"id":11018,"date":"2017-05-26T10:21:28","date_gmt":"2017-05-26T14:21:28","guid":{"rendered":"http:\/\/blogdalucianaoliveira.com.br\/blog\/?p=11018"},"modified":"2017-05-26T10:21:28","modified_gmt":"2017-05-26T14:21:28","slug":"tratamento-obrigatorio-para-viciados-em-crack-e-acao-ridicula-diz-neurocientista-americano","status":"publish","type":"post","link":"http:\/\/blogdalucianaoliveira.com.br\/blog\/2017\/05\/26\/tratamento-obrigatorio-para-viciados-em-crack-e-acao-ridicula-diz-neurocientista-americano\/","title":{"rendered":"Tratamento obrigat\u00f3rio para viciados em crack \u00e9 a\u00e7\u00e3o &#8216;rid\u00edcula&#8217;, diz neurocientista americano"},"content":{"rendered":"<p><img data-recalc-dims=\"1\" loading=\"lazy\" decoding=\"async\" data-attachment-id=\"11019\" data-permalink=\"http:\/\/blogdalucianaoliveira.com.br\/blog\/2017\/05\/26\/tratamento-obrigatorio-para-viciados-em-crack-e-acao-ridicula-diz-neurocientista-americano\/dro\/\" data-orig-file=\"https:\/\/i0.wp.com\/blogdalucianaoliveira.com.br\/blog\/wp-content\/uploads\/2017\/05\/dro.jpg?fit=660%2C371\" data-orig-size=\"660,371\" data-comments-opened=\"0\" data-image-meta=\"{&quot;aperture&quot;:&quot;0&quot;,&quot;credit&quot;:&quot;&quot;,&quot;camera&quot;:&quot;&quot;,&quot;caption&quot;:&quot;&quot;,&quot;created_timestamp&quot;:&quot;0&quot;,&quot;copyright&quot;:&quot;&quot;,&quot;focal_length&quot;:&quot;0&quot;,&quot;iso&quot;:&quot;0&quot;,&quot;shutter_speed&quot;:&quot;0&quot;,&quot;title&quot;:&quot;&quot;,&quot;orientation&quot;:&quot;0&quot;}\" data-image-title=\"dro\" data-image-description=\"\" data-image-caption=\"\" data-medium-file=\"https:\/\/i0.wp.com\/blogdalucianaoliveira.com.br\/blog\/wp-content\/uploads\/2017\/05\/dro.jpg?fit=300%2C169\" data-large-file=\"https:\/\/i0.wp.com\/blogdalucianaoliveira.com.br\/blog\/wp-content\/uploads\/2017\/05\/dro.jpg?fit=600%2C337\" src=\"https:\/\/i0.wp.com\/blogdalucianaoliveira.com.br\/blog\/wp-content\/uploads\/2017\/05\/dro.jpg?resize=600%2C337\" alt=\"dro\" width=\"600\" height=\"337\" class=\"alignnone size-full wp-image-11019\" srcset=\"https:\/\/i0.wp.com\/blogdalucianaoliveira.com.br\/blog\/wp-content\/uploads\/2017\/05\/dro.jpg?w=660 660w, https:\/\/i0.wp.com\/blogdalucianaoliveira.com.br\/blog\/wp-content\/uploads\/2017\/05\/dro.jpg?resize=300%2C169 300w, https:\/\/i0.wp.com\/blogdalucianaoliveira.com.br\/blog\/wp-content\/uploads\/2017\/05\/dro.jpg?resize=534%2C300 534w\" sizes=\"auto, (max-width: 600px) 100vw, 600px\" \/><\/p>\n<p>Internar usu\u00e1rios de drogas \u00e0 for\u00e7a, como a gest\u00e3o Jo\u00e3o Doria (PSDB) solicitou \u00e0 Justi\u00e7a, \u00e9 uma a\u00e7\u00e3o &#8220;rid\u00edcula&#8221; que n\u00e3o resolver\u00e1 o problema da cracol\u00e2ndia em S\u00e3o Paulo, avalia o neurocientista Carl Hart, professor titular da Universidade de Columbia, em Nova York (EUA).<!--more--><\/p>\n<p>Da BBC<\/p>\n<p>Para Hart, que estuda drogas h\u00e1 mais de 20 anos, \u00e9 preciso descobrir quem de fato \u00e9 viciado entre frequentadores desses espa\u00e7os e, depois, desenvolver tratamentos individuais para os dependentes qu\u00edmicos.<br \/>\n&#8220;Embora usem crack, muitas pessoas n\u00e3o s\u00e3o viciadas e t\u00eam outros problemas: psiqui\u00e1tricos, relacionados \u00e0 pobreza. Precisamos descobrir exatamente o problema de cada pessoa, e isso demandaria grande comprometimento e mais intelig\u00eancia na abordagem&#8221;, afirmou Hart \u00e0 BBC Brasil.<\/p>\n<p>&#8216;Fiquei seis anos sem ver meu pai e o reencontrei&#8230; na cracol\u00e2ndia&#8217;<br \/>\nProcurada pela reportagem, a Prefeitura de S\u00e3o Paulo n\u00e3o comentou as considera\u00e7\u00f5es do professor.<br \/>\nAs pesquisas de Hart, autor de Um Pre\u00e7o Muito Alto &#8211; A Jornada de Um Neurocientista Que Desafia Nossa Vis\u00e3o Sobre Drogas (editora Zahar), inspiraram programas como o Bra\u00e7os Abertos, programa da gest\u00e3o Fernando Haddad (PT) extinto pelo governo Doria.<\/p>\n<p>No programa anticrack da gest\u00e3o petista, dependentes qu\u00edmicos ganhavam moradia em hot\u00e9is da cracol\u00e2ndia e R$ 15 por dia se trabalhassem em atividades como varri\u00e7\u00e3o e jardinagem.<br \/>\nNo \u00faltimo domingo, uma grande opera\u00e7\u00e3o policial dispersou \u00e0 for\u00e7a dependentes qu\u00edmicos que se reuniam na cracol\u00e2ndia, fechou com\u00e9rcios e hot\u00e9is usados no Bra\u00e7os Abertos. Na ter\u00e7a, tr\u00eas pessoas se feriram durante a demoli\u00e7\u00e3o de uma pens\u00e3o pela prefeitura.<\/p>\n<p><img data-recalc-dims=\"1\" loading=\"lazy\" decoding=\"async\" data-attachment-id=\"11020\" data-permalink=\"http:\/\/blogdalucianaoliveira.com.br\/blog\/2017\/05\/26\/tratamento-obrigatorio-para-viciados-em-crack-e-acao-ridicula-diz-neurocientista-americano\/hart\/\" data-orig-file=\"https:\/\/i0.wp.com\/blogdalucianaoliveira.com.br\/blog\/wp-content\/uploads\/2017\/05\/hart.jpg?fit=624%2C351\" data-orig-size=\"624,351\" data-comments-opened=\"0\" data-image-meta=\"{&quot;aperture&quot;:&quot;0&quot;,&quot;credit&quot;:&quot;&quot;,&quot;camera&quot;:&quot;&quot;,&quot;caption&quot;:&quot;&quot;,&quot;created_timestamp&quot;:&quot;0&quot;,&quot;copyright&quot;:&quot;&quot;,&quot;focal_length&quot;:&quot;0&quot;,&quot;iso&quot;:&quot;0&quot;,&quot;shutter_speed&quot;:&quot;0&quot;,&quot;title&quot;:&quot;&quot;,&quot;orientation&quot;:&quot;0&quot;}\" data-image-title=\"hart\" data-image-description=\"\" data-image-caption=\"\" data-medium-file=\"https:\/\/i0.wp.com\/blogdalucianaoliveira.com.br\/blog\/wp-content\/uploads\/2017\/05\/hart.jpg?fit=300%2C169\" data-large-file=\"https:\/\/i0.wp.com\/blogdalucianaoliveira.com.br\/blog\/wp-content\/uploads\/2017\/05\/hart.jpg?fit=600%2C338\" src=\"https:\/\/i0.wp.com\/blogdalucianaoliveira.com.br\/blog\/wp-content\/uploads\/2017\/05\/hart.jpg?resize=600%2C338\" alt=\"hart\" width=\"600\" height=\"338\" class=\"alignnone size-full wp-image-11020\" srcset=\"https:\/\/i0.wp.com\/blogdalucianaoliveira.com.br\/blog\/wp-content\/uploads\/2017\/05\/hart.jpg?w=624 624w, https:\/\/i0.wp.com\/blogdalucianaoliveira.com.br\/blog\/wp-content\/uploads\/2017\/05\/hart.jpg?resize=300%2C169 300w, https:\/\/i0.wp.com\/blogdalucianaoliveira.com.br\/blog\/wp-content\/uploads\/2017\/05\/hart.jpg?resize=533%2C300 533w\" sizes=\"auto, (max-width: 600px) 100vw, 600px\" \/><\/p>\n<p>A gest\u00e3o Doria tamb\u00e9m pediu \u00e0 Justi\u00e7a autoriza\u00e7\u00e3o para realizar interna\u00e7\u00f5es compuls\u00f3rias de dependentes de crack, desde que o usu\u00e1rio passe por an\u00e1lise m\u00e9dica e psicol\u00f3gica. Hoje, esse tipo de encaminhamento cabe \u00e0 Justi\u00e7a. A prefeitura solicitou ainda autoriza\u00e7\u00e3o para retirar dependentes da cracol\u00e2ndia e envi\u00e1-los para avalia\u00e7\u00e3o m\u00e9dica contra sua vontade, o que seria uma &#8220;\u00faltima alternativa&#8221; para casos graves.<br \/>\n&#8220;Minha primeira impress\u00e3o \u00e9 que o novo prefeito est\u00e1 colocando a politica \u00e0 frente das pessoas. Se o objetivo \u00e9 ajudar outras pessoas da sociedade, \u00e9 preciso descobrir um modo de inclu\u00ed-las nessa sociedade&#8221;, disse Hart.<\/p>\n<p>Comportamento racional<br \/>\nProfessor de Psicologia e Psiquiatria, Hart questiona a vis\u00e3o de que as drogas tenham alto poder viciante e sejam a causa de diferentes mazelas sociais. Ele diz reconhece que h\u00e1 quem abuse delas e sofra efeitos graves no cotidiano, mas diz que concluir que as subst\u00e2ncias sejam o problema &#8211; e declarar &#8220;guerra&#8221; a elas &#8211; \u00e9 um erro.<br \/>\nCriado em um bairro pobre de Miami e traficante de maconha na adolesc\u00eancia, Hart diz que come\u00e7ou a estudar neuroci\u00eancia porque queria ajudar a resolver o problema do v\u00edcio em drogas. Ele afirma que acreditava na vis\u00e3o predominante nos EUA na segunda metade dos anos 1980, que explicava o crime e a pobreza em certas regi\u00f5es pela dissemina\u00e7\u00e3o do crack.<br \/>\nUm primeiro passo em suas pesquisas foi a descoberta, segundo ele, de que drogas como crack n\u00e3o s\u00e3o t\u00e3o viciantes como se pensa. &#8220;N\u00e3o h\u00e1 droga que vicie em uma dose. Dados mostram claramente que 80%, 90% das pessoas que usam drogas n\u00e3o possuem um &#8216;problema com drogas&#8221;, afirmou Hart em confer\u00eancia em 2014.<\/p>\n<p><img data-recalc-dims=\"1\" loading=\"lazy\" decoding=\"async\" data-attachment-id=\"11021\" data-permalink=\"http:\/\/blogdalucianaoliveira.com.br\/blog\/2017\/05\/26\/tratamento-obrigatorio-para-viciados-em-crack-e-acao-ridicula-diz-neurocientista-americano\/attachment\/20\/\" data-orig-file=\"https:\/\/i0.wp.com\/blogdalucianaoliveira.com.br\/blog\/wp-content\/uploads\/2017\/05\/20.jpg?fit=624%2C351\" data-orig-size=\"624,351\" data-comments-opened=\"0\" data-image-meta=\"{&quot;aperture&quot;:&quot;0&quot;,&quot;credit&quot;:&quot;&quot;,&quot;camera&quot;:&quot;&quot;,&quot;caption&quot;:&quot;&quot;,&quot;created_timestamp&quot;:&quot;0&quot;,&quot;copyright&quot;:&quot;&quot;,&quot;focal_length&quot;:&quot;0&quot;,&quot;iso&quot;:&quot;0&quot;,&quot;shutter_speed&quot;:&quot;0&quot;,&quot;title&quot;:&quot;&quot;,&quot;orientation&quot;:&quot;0&quot;}\" data-image-title=\"20\" data-image-description=\"\" data-image-caption=\"\" data-medium-file=\"https:\/\/i0.wp.com\/blogdalucianaoliveira.com.br\/blog\/wp-content\/uploads\/2017\/05\/20.jpg?fit=300%2C169\" data-large-file=\"https:\/\/i0.wp.com\/blogdalucianaoliveira.com.br\/blog\/wp-content\/uploads\/2017\/05\/20.jpg?fit=600%2C338\" src=\"https:\/\/i0.wp.com\/blogdalucianaoliveira.com.br\/blog\/wp-content\/uploads\/2017\/05\/20.jpg?resize=600%2C338\" alt=\"20\" width=\"600\" height=\"338\" class=\"alignnone size-full wp-image-11021\" srcset=\"https:\/\/i0.wp.com\/blogdalucianaoliveira.com.br\/blog\/wp-content\/uploads\/2017\/05\/20.jpg?w=624 624w, https:\/\/i0.wp.com\/blogdalucianaoliveira.com.br\/blog\/wp-content\/uploads\/2017\/05\/20.jpg?resize=300%2C169 300w, https:\/\/i0.wp.com\/blogdalucianaoliveira.com.br\/blog\/wp-content\/uploads\/2017\/05\/20.jpg?resize=533%2C300 533w\" sizes=\"auto, (max-width: 600px) 100vw, 600px\" \/><\/p>\n<p>O pesquisador costuma citar o tabaco como a droga mais viciante (33% dos fumantes, ou um em cada tr\u00eas, ficar\u00e1 dependente, diz), seguida por hero\u00edna (25%), coca\u00edna e crack (15% a 20%), \u00e1lcool (15%) e maconha (10%).<br \/>\n&#8220;Eu mesmo achava que o problema eram as drogas, mas n\u00e3o \u00e9. H\u00e1 pessoas em S\u00e3o Paulo que t\u00eam dinheiro e bens, usam drogas e est\u00e3o bem. Mas elas tem oportunidades, empregos, todas as coisas. Muitas das pessoas na cracol\u00e2ndia tiveram educa\u00e7\u00e3o prec\u00e1ria, n\u00e3o t\u00eam emprego, vem de fam\u00edlias exclu\u00eddas da sociedade. H\u00e1 todos esses problemas sociais, mas \u00e9 f\u00e1cil para um pol\u00edtico dizer &#8216;vamos livrar a comunidade dessa droga&#8217; e n\u00e3o lidar com os problemas dessas pessoas pobres&#8221;, disse \u00e0 BBC.<\/p>\n<p>Para estudar o comportamento dos dependentes, ele publicou an\u00fancio em revista \u00e0 procura de viciados nas ruas de Nova York. Oferecia US$ 950 para que fumassem crack produzido a partir de coca\u00edna de padr\u00e3o farmac\u00eautico, desde que permanecessem vivendo em um hospital por tr\u00eas semanas durante o experimento.<br \/>\nNo come\u00e7o de cada dia, uma enfermeira colocava uma dose de crack em um cachimbo e oferecia ao usu\u00e1rio &#8211; vendado, o dependente n\u00e3o tinha como saber o tamanho da dose. Depois, cada participante recebia novas ofertas para fumar aquela mesma dose, mas tamb\u00e9m poderiam optar por uma recompensa, que \u00e0s vezes eram US$ 5 ou um vale-compra do mesmo valor.<\/p>\n<p>Quando a primeira dose era alta, os dependentes normalmente optavam por uma nova dose. Mas, se a primeira havia sido reduzida, era mais prov\u00e1vel que abrissem m\u00e3o da segunda rodada.<\/p>\n<p>O neurocientista chegou aos mesmos resultados ao repetir o experimento com usu\u00e1rios de metanfetamina. E quando elevava a recompensa alternativa para US$ 20, todos os viciados, de crack e metanfetamina, optavam pelo dinheiro, mesmo sabendo que levariam semanas para embolsar os valores.<\/p>\n<p>Para Hart, isso mostrou que dependentes qu\u00edmicos s\u00e3o capazes de tomar decis\u00f5es racionais, desmontando a &#8220;caricatura&#8221; do viciado que n\u00e3o consegue resistir a uma dose.<\/p>\n<p>Da\u00ed a \u00eanfase do pesquisador na investiga\u00e7\u00e3o das causas do v\u00edcio de cada pessoa antes da &#8220;difus\u00e3o de mitos sobre as explica\u00e7\u00f5es&#8221; e da &#8220;interven\u00e7\u00e3o com solu\u00e7\u00f5es prontas&#8221;. Se algu\u00e9m est\u00e1 abusando do \u00e1lcool ou do crack para lidar com algum trauma ou ansiedade, o tratamento efetivo, afirma, deveria se focar no transtorno psicol\u00f3gico.<\/p>\n<p>Empatia e compaix\u00e3o<br \/>\nHart afirma que, embora &#8220;n\u00e3o fosse perfeito&#8221;, o programa Bra\u00e7os Abertos era &#8220;um passo na dire\u00e7\u00e3o certa&#8221; porque demonstrava, diz ele, &#8220;compaix\u00e3o&#8221; com os dependentes.<br \/>\n&#8220;Certamente isso n\u00e3o \u00e9 o que o atual prefeito est\u00e1 fazendo ao chamar a pol\u00edcia e limpar a \u00e1rea. Isso mostra \u00e0s pessoas que ele n\u00e3o tem compaix\u00e3o e que est\u00e1 fazendo politica com pessoas&#8221;, disse o professor, que v\u00ea o Brasil hoje na mesma situa\u00e7\u00e3o dos EUA nos anos 1980 em rela\u00e7\u00e3o ao crack, pelo foco que v\u00ea como excessivo na repress\u00e3o.<\/p>\n<p>Ele cita os programas para dependentes de hero\u00edna na Su\u00ed\u00e7a, onde o governo fornece duas doses di\u00e1rias aos inscritos e uma renda b\u00e1sica aos cidad\u00e3os, como exemplo de pol\u00edtica de drogas de sucesso e &#8220;n\u00e3o moralista&#8221;.<br \/>\n&#8220;Claro que a Su\u00ed\u00e7a \u00e9 uma sociedade homog\u00eanea (social e economicamente), praticamente toda branca. \u00c9 mais f\u00e1cil para essas pessoas ver esses usu\u00e1rios de drogas como irm\u00e3os e irm\u00e3s. O Brasil \u00e9 como os EUA, muito diverso racialmente. Pessoas em lugares como a cracol\u00e2ndia s\u00e3o basicamente afro-brasileiras, negras. As pessoas em sua sociedade n\u00e3o as veem como irm\u00e3s, como na Su\u00ed\u00e7a&#8221;, avalia Hart, que foi o primeiro neurocientista negro a se tornar professor titular em Columbia.<br \/>\nA empatia, diz Hart, \u00e9 um recurso fundamental para enfrentar a quest\u00e3o da depend\u00eancia. &#8220;Se n\u00e3o lidarmos com essa quest\u00e3o, n\u00e3o resolveremos esse problema. Se isso n\u00e3o \u00e9 tratado de forma clara, estamos apenas fingindo tratar do problema.&#8221;<\/p>\n","protected":false},"excerpt":{"rendered":"<p>Internar usu\u00e1rios de drogas \u00e0 for\u00e7a, como a gest\u00e3o Jo\u00e3o Doria (PSDB) solicitou \u00e0 Justi\u00e7a, \u00e9 uma a\u00e7\u00e3o &#8220;rid\u00edcula&#8221; que n\u00e3o resolver\u00e1 o problema da cracol\u00e2ndia em S\u00e3o Paulo, avalia o neurocientista Carl Hart, professor titular da Universidade de Columbia, em Nova York (EUA).<\/p>\n","protected":false},"author":1,"featured_media":0,"comment_status":"closed","ping_status":"open","sticky":false,"template":"","format":"standard","meta":{"_exactmetrics_skip_tracking":false,"_exactmetrics_sitenote_active":false,"_exactmetrics_sitenote_note":"","_exactmetrics_sitenote_category":0,"jetpack_post_was_ever_published":false,"_jetpack_newsletter_access":"","_jetpack_dont_email_post_to_subs":false,"_jetpack_newsletter_tier_id":0,"_jetpack_memberships_contains_paywalled_content":false,"_jetpack_memberships_contains_paid_content":false,"footnotes":"","jetpack_publicize_message":"","jetpack_publicize_feature_enabled":true,"jetpack_social_post_already_shared":true,"jetpack_social_options":{"image_generator_settings":{"template":"highway","enabled":false},"version":2}},"categories":[1],"tags":[],"class_list":["post-11018","post","type-post","status-publish","format-standard","hentry","category-notas"],"jetpack_publicize_connections":[],"jetpack_sharing_enabled":true,"jetpack_featured_media_url":"","jetpack_shortlink":"https:\/\/wp.me\/p7wKYW-2RI","jetpack-related-posts":[],"_links":{"self":[{"href":"http:\/\/blogdalucianaoliveira.com.br\/blog\/wp-json\/wp\/v2\/posts\/11018","targetHints":{"allow":["GET"]}}],"collection":[{"href":"http:\/\/blogdalucianaoliveira.com.br\/blog\/wp-json\/wp\/v2\/posts"}],"about":[{"href":"http:\/\/blogdalucianaoliveira.com.br\/blog\/wp-json\/wp\/v2\/types\/post"}],"author":[{"embeddable":true,"href":"http:\/\/blogdalucianaoliveira.com.br\/blog\/wp-json\/wp\/v2\/users\/1"}],"replies":[{"embeddable":true,"href":"http:\/\/blogdalucianaoliveira.com.br\/blog\/wp-json\/wp\/v2\/comments?post=11018"}],"version-history":[{"count":1,"href":"http:\/\/blogdalucianaoliveira.com.br\/blog\/wp-json\/wp\/v2\/posts\/11018\/revisions"}],"predecessor-version":[{"id":11022,"href":"http:\/\/blogdalucianaoliveira.com.br\/blog\/wp-json\/wp\/v2\/posts\/11018\/revisions\/11022"}],"wp:attachment":[{"href":"http:\/\/blogdalucianaoliveira.com.br\/blog\/wp-json\/wp\/v2\/media?parent=11018"}],"wp:term":[{"taxonomy":"category","embeddable":true,"href":"http:\/\/blogdalucianaoliveira.com.br\/blog\/wp-json\/wp\/v2\/categories?post=11018"},{"taxonomy":"post_tag","embeddable":true,"href":"http:\/\/blogdalucianaoliveira.com.br\/blog\/wp-json\/wp\/v2\/tags?post=11018"}],"curies":[{"name":"wp","href":"https:\/\/api.w.org\/{rel}","templated":true}]}}