{"id":11035,"date":"2017-05-26T17:32:02","date_gmt":"2017-05-26T21:32:02","guid":{"rendered":"http:\/\/blogdalucianaoliveira.com.br\/blog\/?p=11035"},"modified":"2017-05-26T17:32:53","modified_gmt":"2017-05-26T21:32:53","slug":"nada-a-temer-senao-o-correr-da-luta-nada-a-fazer-senao-esquecer-o-medo","status":"publish","type":"post","link":"http:\/\/blogdalucianaoliveira.com.br\/blog\/2017\/05\/26\/nada-a-temer-senao-o-correr-da-luta-nada-a-fazer-senao-esquecer-o-medo\/","title":{"rendered":"Nada a temer, sen\u00e3o o correr da luta. Nada a fazer, sen\u00e3o esquecer o medo"},"content":{"rendered":"<p><img data-recalc-dims=\"1\" loading=\"lazy\" decoding=\"async\" data-attachment-id=\"11036\" data-permalink=\"http:\/\/blogdalucianaoliveira.com.br\/blog\/2017\/05\/26\/nada-a-temer-senao-o-correr-da-luta-nada-a-fazer-senao-esquecer-o-medo\/img_7997\/\" data-orig-file=\"https:\/\/i0.wp.com\/blogdalucianaoliveira.com.br\/blog\/wp-content\/uploads\/2017\/05\/IMG_7997.jpg?fit=1280%2C960\" data-orig-size=\"1280,960\" data-comments-opened=\"0\" data-image-meta=\"{&quot;aperture&quot;:&quot;0&quot;,&quot;credit&quot;:&quot;&quot;,&quot;camera&quot;:&quot;&quot;,&quot;caption&quot;:&quot;&quot;,&quot;created_timestamp&quot;:&quot;0&quot;,&quot;copyright&quot;:&quot;&quot;,&quot;focal_length&quot;:&quot;0&quot;,&quot;iso&quot;:&quot;0&quot;,&quot;shutter_speed&quot;:&quot;0&quot;,&quot;title&quot;:&quot;&quot;,&quot;orientation&quot;:&quot;1&quot;}\" data-image-title=\"IMG_7997\" data-image-description=\"\" data-image-caption=\"\" data-medium-file=\"https:\/\/i0.wp.com\/blogdalucianaoliveira.com.br\/blog\/wp-content\/uploads\/2017\/05\/IMG_7997.jpg?fit=300%2C225\" data-large-file=\"https:\/\/i0.wp.com\/blogdalucianaoliveira.com.br\/blog\/wp-content\/uploads\/2017\/05\/IMG_7997.jpg?fit=600%2C450\" src=\"https:\/\/i0.wp.com\/blogdalucianaoliveira.com.br\/blog\/wp-content\/uploads\/2017\/05\/IMG_7997.jpg?resize=600%2C450\" alt=\"IMG_7997\" width=\"600\" height=\"450\" class=\"alignnone size-full wp-image-11036\" srcset=\"https:\/\/i0.wp.com\/blogdalucianaoliveira.com.br\/blog\/wp-content\/uploads\/2017\/05\/IMG_7997.jpg?w=1280 1280w, https:\/\/i0.wp.com\/blogdalucianaoliveira.com.br\/blog\/wp-content\/uploads\/2017\/05\/IMG_7997.jpg?resize=300%2C225 300w, https:\/\/i0.wp.com\/blogdalucianaoliveira.com.br\/blog\/wp-content\/uploads\/2017\/05\/IMG_7997.jpg?resize=768%2C576 768w, https:\/\/i0.wp.com\/blogdalucianaoliveira.com.br\/blog\/wp-content\/uploads\/2017\/05\/IMG_7997.jpg?resize=1024%2C768 1024w, https:\/\/i0.wp.com\/blogdalucianaoliveira.com.br\/blog\/wp-content\/uploads\/2017\/05\/IMG_7997.jpg?resize=400%2C300 400w, https:\/\/i0.wp.com\/blogdalucianaoliveira.com.br\/blog\/wp-content\/uploads\/2017\/05\/IMG_7997.jpg?w=1200 1200w\" sizes=\"auto, (max-width: 600px) 100vw, 600px\" \/><\/p>\n<p>O Centro de Defesa da Crian\u00e7a e do Adolescente Maria dos Anjos, com a fam\u00edlia (esposa e filhos), comunica o falecimento de Francisco Marto de Azevedo. <!--more--><\/p>\n<p>Professor Marto (04\/12\/1958 &#8211; 26\/05\/2017) deixa-nos fisicamente, ap\u00f3s sofrer um infarto.<\/p>\n<p>A fam\u00edlia est\u00e1 cuidando dos preparativos para translado e vel\u00f3rio e comunicar\u00e1 os\/as amigos\/as t\u00e3o logo poss\u00edvel. <\/p>\n<p>Sua hist\u00f3ria nos enche de orgulho, professor de Educa\u00e7\u00e3o F\u00edsica, especialista em viol\u00eancia sexual, marcou-se pela trajet\u00f3ria na luta pelos direitos humanos e de crian\u00e7as e adolescentes, tendo sido membro fundador do Centro de Defesa da Crian\u00e7a e do Adolescente Maria dos Anjos, onde atuou como volunt\u00e1rio at\u00e9 seu falecimento.<\/p>\n<p>Foi candidato a vice-prefeito pelo PSOL em Porto Velho.<\/p>\n<p>Foi Diretor Executivo da Escola do Servidor P\u00fablico\/FUNESCOLA de Porto Velho e era coordenador da Regional do Conselho de Educa\u00e7\u00e3o F\u00edsica.<\/p>\n","protected":false},"excerpt":{"rendered":"<p>O Centro de Defesa da Crian\u00e7a e do Adolescente Maria dos Anjos, com a fam\u00edlia (esposa e filhos), comunica o falecimento de Francisco Marto de Azevedo.<\/p>\n","protected":false},"author":1,"featured_media":0,"comment_status":"closed","ping_status":"open","sticky":false,"template":"","format":"standard","meta":{"_exactmetrics_skip_tracking":false,"_exactmetrics_sitenote_active":false,"_exactmetrics_sitenote_note":"","_exactmetrics_sitenote_category":0,"jetpack_post_was_ever_published":false,"_jetpack_newsletter_access":"","_jetpack_dont_email_post_to_subs":false,"_jetpack_newsletter_tier_id":0,"_jetpack_memberships_contains_paywalled_content":false,"_jetpack_memberships_contains_paid_content":false,"footnotes":"","jetpack_publicize_message":"","jetpack_publicize_feature_enabled":true,"jetpack_social_post_already_shared":true,"jetpack_social_options":{"image_generator_settings":{"template":"highway","enabled":false},"version":2}},"categories":[1],"tags":[],"class_list":["post-11035","post","type-post","status-publish","format-standard","hentry","category-notas"],"jetpack_publicize_connections":[],"jetpack_sharing_enabled":true,"jetpack_featured_media_url":"","jetpack_shortlink":"https:\/\/wp.me\/p7wKYW-2RZ","jetpack-related-posts":[],"_links":{"self":[{"href":"http:\/\/blogdalucianaoliveira.com.br\/blog\/wp-json\/wp\/v2\/posts\/11035","targetHints":{"allow":["GET"]}}],"collection":[{"href":"http:\/\/blogdalucianaoliveira.com.br\/blog\/wp-json\/wp\/v2\/posts"}],"about":[{"href":"http:\/\/blogdalucianaoliveira.com.br\/blog\/wp-json\/wp\/v2\/types\/post"}],"author":[{"embeddable":true,"href":"http:\/\/blogdalucianaoliveira.com.br\/blog\/wp-json\/wp\/v2\/users\/1"}],"replies":[{"embeddable":true,"href":"http:\/\/blogdalucianaoliveira.com.br\/blog\/wp-json\/wp\/v2\/comments?post=11035"}],"version-history":[{"count":2,"href":"http:\/\/blogdalucianaoliveira.com.br\/blog\/wp-json\/wp\/v2\/posts\/11035\/revisions"}],"predecessor-version":[{"id":11038,"href":"http:\/\/blogdalucianaoliveira.com.br\/blog\/wp-json\/wp\/v2\/posts\/11035\/revisions\/11038"}],"wp:attachment":[{"href":"http:\/\/blogdalucianaoliveira.com.br\/blog\/wp-json\/wp\/v2\/media?parent=11035"}],"wp:term":[{"taxonomy":"category","embeddable":true,"href":"http:\/\/blogdalucianaoliveira.com.br\/blog\/wp-json\/wp\/v2\/categories?post=11035"},{"taxonomy":"post_tag","embeddable":true,"href":"http:\/\/blogdalucianaoliveira.com.br\/blog\/wp-json\/wp\/v2\/tags?post=11035"}],"curies":[{"name":"wp","href":"https:\/\/api.w.org\/{rel}","templated":true}]}}