{"id":11044,"date":"2017-05-26T18:53:43","date_gmt":"2017-05-26T22:53:43","guid":{"rendered":"http:\/\/blogdalucianaoliveira.com.br\/blog\/?p=11044"},"modified":"2017-05-26T18:53:43","modified_gmt":"2017-05-26T22:53:43","slug":"cai-a-casa-de-aecio-pf-apreende-documentos-de-caixa-dois-e-doleiro","status":"publish","type":"post","link":"http:\/\/blogdalucianaoliveira.com.br\/blog\/2017\/05\/26\/cai-a-casa-de-aecio-pf-apreende-documentos-de-caixa-dois-e-doleiro\/","title":{"rendered":"CAI A CASA DE A\u00c9CIO: PF APREENDE DOCUMENTOS DE CAIXA DOIS E DOLEIRO"},"content":{"rendered":"<p><img data-recalc-dims=\"1\" loading=\"lazy\" decoding=\"async\" data-attachment-id=\"11045\" data-permalink=\"http:\/\/blogdalucianaoliveira.com.br\/blog\/2017\/05\/26\/cai-a-casa-de-aecio-pf-apreende-documentos-de-caixa-dois-e-doleiro\/ae-4\/\" data-orig-file=\"https:\/\/i0.wp.com\/blogdalucianaoliveira.com.br\/blog\/wp-content\/uploads\/2017\/05\/ae-2.jpg?fit=1000%2C357\" data-orig-size=\"1000,357\" data-comments-opened=\"0\" data-image-meta=\"{&quot;aperture&quot;:&quot;0&quot;,&quot;credit&quot;:&quot;&quot;,&quot;camera&quot;:&quot;&quot;,&quot;caption&quot;:&quot;&quot;,&quot;created_timestamp&quot;:&quot;0&quot;,&quot;copyright&quot;:&quot;&quot;,&quot;focal_length&quot;:&quot;0&quot;,&quot;iso&quot;:&quot;0&quot;,&quot;shutter_speed&quot;:&quot;0&quot;,&quot;title&quot;:&quot;&quot;,&quot;orientation&quot;:&quot;0&quot;}\" data-image-title=\"ae\" data-image-description=\"\" data-image-caption=\"\" data-medium-file=\"https:\/\/i0.wp.com\/blogdalucianaoliveira.com.br\/blog\/wp-content\/uploads\/2017\/05\/ae-2.jpg?fit=300%2C107\" data-large-file=\"https:\/\/i0.wp.com\/blogdalucianaoliveira.com.br\/blog\/wp-content\/uploads\/2017\/05\/ae-2.jpg?fit=600%2C214\" src=\"https:\/\/i0.wp.com\/blogdalucianaoliveira.com.br\/blog\/wp-content\/uploads\/2017\/05\/ae-2.jpg?resize=600%2C214\" alt=\"ae\" width=\"600\" height=\"214\" class=\"alignnone size-full wp-image-11045\" srcset=\"https:\/\/i0.wp.com\/blogdalucianaoliveira.com.br\/blog\/wp-content\/uploads\/2017\/05\/ae-2.jpg?w=1000 1000w, https:\/\/i0.wp.com\/blogdalucianaoliveira.com.br\/blog\/wp-content\/uploads\/2017\/05\/ae-2.jpg?resize=300%2C107 300w, https:\/\/i0.wp.com\/blogdalucianaoliveira.com.br\/blog\/wp-content\/uploads\/2017\/05\/ae-2.jpg?resize=768%2C274 768w, https:\/\/i0.wp.com\/blogdalucianaoliveira.com.br\/blog\/wp-content\/uploads\/2017\/05\/ae-2.jpg?resize=800%2C286 800w\" sizes=\"auto, (max-width: 600px) 100vw, 600px\" \/><\/p>\n<p>Minas 247 \u2013 Complica-se a situa\u00e7\u00e3o do senador afastado A\u00e9cio Neves (PSDB-MG), que liderou o golpe parlamentar de 2016 e \u00e9 o principal respons\u00e1vel pela crise pol\u00edtica e econ\u00f4mica atravessada pelo Brasil.<!--more--><\/p>\n<p>Na opera\u00e7\u00e3o de busca e apreens\u00e3o realizada em seus endere\u00e7os, a PF encontrou documentos com anota\u00e7\u00f5es referentes a caixa dois, uma agenda que confirma o encontro com o empres\u00e1rio Joesley Batista, da JBS, e at\u00e9 mesmo pap\u00e9is que o aproximam de um doleiro, chamado Norbert Muller, especializado na abertura de contas para pol\u00edticos.<\/p>\n<p>O procurador-geral Rodrigo Janot j\u00e1 pediu a pris\u00e3o de A\u00e9cio, numa decis\u00e3o que ser\u00e1 tomada pelo plen\u00e1rio do Supremo Tribunal Federal.<\/p>\n<p>As informa\u00e7\u00f5es s\u00e3o da jornalista Carolina Br\u00edgido. &#8220;A Pol\u00edcia Federal apreendeu no apartamento do senador A\u00e9cio Neves (PSDB-MG) uma s\u00e9rie de pap\u00e9is e objetos \u2014 entre eles, &#8216;diversos documentos acondicionados em saco pl\u00e1stico transparente, dentre eles um papel azul com senhas, diversos comprovantes de dep\u00f3sitos e anota\u00e7\u00f5es manuscritas, dentre elas a inscri\u00e7\u00e3o &#8216;cx 2&#8217;, conforme indica ao relat\u00f3rio dos investigadores enviado ao Supremo Tribunal Federal (STF)&#8221;, informa a jornalista.<\/p>\n<p>&#8220;A PF tamb\u00e9m encontrou no gabinete de A\u00e9cio &#8216;folhas impressas no idioma aparentemente alem\u00e3o, relativo a Norbert Muller&#8217;. De acordo com outras investiga\u00e7\u00f5es, Muller era um doleiro especializado em abrir contas no exterior para pol\u00edticos (&#8230;) Num outro papel manuscrito, havia anota\u00e7\u00f5es citando &#8216;ministro Marcelo Dantas&#8217;, em poss\u00edvel alus\u00e3o ao ministro Marcelo Navarro Ribeiro Dantas, do Superior Tribunal de Justi\u00e7a (STJ), investigado no STF por tentativa de obstruir as investiga\u00e7\u00f5es da Lava-Jato.&#8221;<\/p>\n<p><img data-recalc-dims=\"1\" loading=\"lazy\" decoding=\"async\" data-attachment-id=\"11046\" data-permalink=\"http:\/\/blogdalucianaoliveira.com.br\/blog\/2017\/05\/26\/cai-a-casa-de-aecio-pf-apreende-documentos-de-caixa-dois-e-doleiro\/get_img-2\/\" data-orig-file=\"https:\/\/i0.wp.com\/blogdalucianaoliveira.com.br\/blog\/wp-content\/uploads\/2017\/05\/get_img-1.jpg?fit=361%2C488\" data-orig-size=\"361,488\" data-comments-opened=\"0\" data-image-meta=\"{&quot;aperture&quot;:&quot;0&quot;,&quot;credit&quot;:&quot;&quot;,&quot;camera&quot;:&quot;&quot;,&quot;caption&quot;:&quot;&quot;,&quot;created_timestamp&quot;:&quot;0&quot;,&quot;copyright&quot;:&quot;&quot;,&quot;focal_length&quot;:&quot;0&quot;,&quot;iso&quot;:&quot;0&quot;,&quot;shutter_speed&quot;:&quot;0&quot;,&quot;title&quot;:&quot;&quot;,&quot;orientation&quot;:&quot;0&quot;}\" data-image-title=\"get_img\" data-image-description=\"\" data-image-caption=\"\" data-medium-file=\"https:\/\/i0.wp.com\/blogdalucianaoliveira.com.br\/blog\/wp-content\/uploads\/2017\/05\/get_img-1.jpg?fit=222%2C300\" data-large-file=\"https:\/\/i0.wp.com\/blogdalucianaoliveira.com.br\/blog\/wp-content\/uploads\/2017\/05\/get_img-1.jpg?fit=361%2C488\" src=\"https:\/\/i0.wp.com\/blogdalucianaoliveira.com.br\/blog\/wp-content\/uploads\/2017\/05\/get_img-1.jpg?resize=361%2C488\" alt=\"get_img\" width=\"361\" height=\"488\" class=\"alignnone size-full wp-image-11046\" srcset=\"https:\/\/i0.wp.com\/blogdalucianaoliveira.com.br\/blog\/wp-content\/uploads\/2017\/05\/get_img-1.jpg?w=361 361w, https:\/\/i0.wp.com\/blogdalucianaoliveira.com.br\/blog\/wp-content\/uploads\/2017\/05\/get_img-1.jpg?resize=222%2C300 222w\" sizes=\"auto, (max-width: 361px) 100vw, 361px\" \/><\/p>\n","protected":false},"excerpt":{"rendered":"<p>Minas 247 \u2013 Complica-se a situa\u00e7\u00e3o do senador afastado A\u00e9cio Neves (PSDB-MG), que liderou o golpe parlamentar de 2016 e \u00e9 o principal respons\u00e1vel pela crise pol\u00edtica e econ\u00f4mica atravessada pelo Brasil.<\/p>\n","protected":false},"author":1,"featured_media":0,"comment_status":"closed","ping_status":"open","sticky":false,"template":"","format":"standard","meta":{"_exactmetrics_skip_tracking":false,"_exactmetrics_sitenote_active":false,"_exactmetrics_sitenote_note":"","_exactmetrics_sitenote_category":0,"jetpack_post_was_ever_published":false,"_jetpack_newsletter_access":"","_jetpack_dont_email_post_to_subs":false,"_jetpack_newsletter_tier_id":0,"_jetpack_memberships_contains_paywalled_content":false,"_jetpack_memberships_contains_paid_content":false,"footnotes":"","jetpack_publicize_message":"","jetpack_publicize_feature_enabled":true,"jetpack_social_post_already_shared":true,"jetpack_social_options":{"image_generator_settings":{"template":"highway","enabled":false},"version":2}},"categories":[1],"tags":[],"class_list":["post-11044","post","type-post","status-publish","format-standard","hentry","category-notas"],"jetpack_publicize_connections":[],"jetpack_sharing_enabled":true,"jetpack_featured_media_url":"","jetpack_shortlink":"https:\/\/wp.me\/p7wKYW-2S8","jetpack-related-posts":[],"_links":{"self":[{"href":"http:\/\/blogdalucianaoliveira.com.br\/blog\/wp-json\/wp\/v2\/posts\/11044","targetHints":{"allow":["GET"]}}],"collection":[{"href":"http:\/\/blogdalucianaoliveira.com.br\/blog\/wp-json\/wp\/v2\/posts"}],"about":[{"href":"http:\/\/blogdalucianaoliveira.com.br\/blog\/wp-json\/wp\/v2\/types\/post"}],"author":[{"embeddable":true,"href":"http:\/\/blogdalucianaoliveira.com.br\/blog\/wp-json\/wp\/v2\/users\/1"}],"replies":[{"embeddable":true,"href":"http:\/\/blogdalucianaoliveira.com.br\/blog\/wp-json\/wp\/v2\/comments?post=11044"}],"version-history":[{"count":1,"href":"http:\/\/blogdalucianaoliveira.com.br\/blog\/wp-json\/wp\/v2\/posts\/11044\/revisions"}],"predecessor-version":[{"id":11047,"href":"http:\/\/blogdalucianaoliveira.com.br\/blog\/wp-json\/wp\/v2\/posts\/11044\/revisions\/11047"}],"wp:attachment":[{"href":"http:\/\/blogdalucianaoliveira.com.br\/blog\/wp-json\/wp\/v2\/media?parent=11044"}],"wp:term":[{"taxonomy":"category","embeddable":true,"href":"http:\/\/blogdalucianaoliveira.com.br\/blog\/wp-json\/wp\/v2\/categories?post=11044"},{"taxonomy":"post_tag","embeddable":true,"href":"http:\/\/blogdalucianaoliveira.com.br\/blog\/wp-json\/wp\/v2\/tags?post=11044"}],"curies":[{"name":"wp","href":"https:\/\/api.w.org\/{rel}","templated":true}]}}