{"id":11049,"date":"2017-05-26T19:00:31","date_gmt":"2017-05-26T23:00:31","guid":{"rendered":"http:\/\/blogdalucianaoliveira.com.br\/blog\/?p=11049"},"modified":"2017-05-26T19:02:03","modified_gmt":"2017-05-26T23:02:03","slug":"janot-pede-para-interrogar-temer","status":"publish","type":"post","link":"http:\/\/blogdalucianaoliveira.com.br\/blog\/2017\/05\/26\/janot-pede-para-interrogar-temer\/","title":{"rendered":"JANOT PEDE PARA INTERROGAR TEMER"},"content":{"rendered":"<p><img data-recalc-dims=\"1\" loading=\"lazy\" decoding=\"async\" data-attachment-id=\"7450\" data-permalink=\"http:\/\/blogdalucianaoliveira.com.br\/blog\/2017\/01\/04\/nassif-cidadao-ja-percebe-os-blefes-do-golpe\/moreiratemerecunha-740x415-2\/\" data-orig-file=\"https:\/\/i0.wp.com\/blogdalucianaoliveira.com.br\/blog\/wp-content\/uploads\/2017\/01\/moreiratemerecunha-740x415-1.png?fit=740%2C415\" data-orig-size=\"740,415\" data-comments-opened=\"0\" data-image-meta=\"{&quot;aperture&quot;:&quot;0&quot;,&quot;credit&quot;:&quot;&quot;,&quot;camera&quot;:&quot;&quot;,&quot;caption&quot;:&quot;&quot;,&quot;created_timestamp&quot;:&quot;0&quot;,&quot;copyright&quot;:&quot;&quot;,&quot;focal_length&quot;:&quot;0&quot;,&quot;iso&quot;:&quot;0&quot;,&quot;shutter_speed&quot;:&quot;0&quot;,&quot;title&quot;:&quot;&quot;,&quot;orientation&quot;:&quot;0&quot;}\" data-image-title=\"moreiratemerecunha-740&amp;#215;415\" data-image-description=\"\" data-image-caption=\"\" data-medium-file=\"https:\/\/i0.wp.com\/blogdalucianaoliveira.com.br\/blog\/wp-content\/uploads\/2017\/01\/moreiratemerecunha-740x415-1.png?fit=300%2C168\" data-large-file=\"https:\/\/i0.wp.com\/blogdalucianaoliveira.com.br\/blog\/wp-content\/uploads\/2017\/01\/moreiratemerecunha-740x415-1.png?fit=600%2C336\" src=\"https:\/\/i0.wp.com\/blogdalucianaoliveira.com.br\/blog\/wp-content\/uploads\/2017\/01\/moreiratemerecunha-740x415-1.png?resize=600%2C336\" alt=\"moreiratemerecunha-740x415\" width=\"600\" height=\"336\" class=\"alignnone size-full wp-image-7450\" srcset=\"https:\/\/i0.wp.com\/blogdalucianaoliveira.com.br\/blog\/wp-content\/uploads\/2017\/01\/moreiratemerecunha-740x415-1.png?w=740 740w, https:\/\/i0.wp.com\/blogdalucianaoliveira.com.br\/blog\/wp-content\/uploads\/2017\/01\/moreiratemerecunha-740x415-1.png?resize=300%2C168 300w, https:\/\/i0.wp.com\/blogdalucianaoliveira.com.br\/blog\/wp-content\/uploads\/2017\/01\/moreiratemerecunha-740x415-1.png?resize=535%2C300 535w\" sizes=\"auto, (max-width: 600px) 100vw, 600px\" \/><\/p>\n<p>Do G1:<\/p>\n<p>O procurador-geral da Rep\u00fablica, Rodrigo Janot, pediu ao Supremo Tribunal Federal (STF) autoriza\u00e7\u00e3o para que sejam interrogados o presidente da Rep\u00fablica, Michel Temer, o senador afastado A\u00e9cio Neves (PSDB-MG) e o deputado federal afastado Rodrigo Rocha Loures (PMDB-PR), bem como outros citados na dela\u00e7\u00e3o da JBS.<!--more--><\/p>\n<p>O documento foi encaminhado ao ministro Edson Fachin, relator da Opera\u00e7\u00e3o Lava Jato no STF, a quem cabe autorizar o depoimento. Em geral, os interrogat\u00f3rios s\u00e3o feitos pela Pol\u00edcia Federal, mas nesse caso, Janot pede que o ministro defina como deve ser feito o depoimento, sem especificar quem o realizaria.<\/p>\n<p>A defesa de Temer j\u00e1 pediu que ele seja feito por escrito e somente ap\u00f3s a per\u00edcia da grava\u00e7\u00e3o de uma conversa, em mar\u00e7o, entre o presidente e o dono da JBS Joesley Batista, uma das provas da investiga\u00e7\u00e3o.<\/p>\n<p>Junto com A\u00e9cio e Loures, Temer \u00e9 investigado no STF por suspeita de corrup\u00e7\u00e3o, organiza\u00e7\u00e3o criminosa e obstru\u00e7\u00e3o de justi\u00e7a.<\/p>\n<p>O inqu\u00e9rito foi autorizado no \u00faltimo dia 18 pelo ministro Edson Fachin, relator da Opera\u00e7\u00e3o Lava Jato no Supremo, a fim de apurar se o presidente deu aval a Joesley Batista, um dos donos da empresa JBS, para o pagamento de propina ao ex-deputado Eduardo Cunha (PMDB-RJ).<\/p>\n<p>Para Janot, ao confirmar o di\u00e1logo gravado por Joesley em mar\u00e7o, Temer teria feito uma \u201cconfiss\u00e3o extrajudicial\u201d.<\/p>\n<p>\u201cEm pronunciamentos recentes, o presidente da Rep\u00fablica n\u00e3o negou o encontro nem di\u00e1logo noturno e secreto com o colaborador Joesley Batista, tampouco nega que o colaborador tenha Ihe confessado fatos criminosos graves, o que demandaria, no m\u00ednimo, comunica\u00e7\u00e3o de tais crimes as autoridade competentes\u201d, diz Janot, em refer\u00eancia a outro trecho da conversa em que o empres\u00e1rio relatou manobras junto a ju\u00edzes e um procurador numa investiga\u00e7\u00e3o.<\/p>\n<p>Nesse ponto, o procurador-geral citou posi\u00e7\u00e3o do ministro Gilmar Mendes, segundo o qual a ex-presidente Dilma Rousseff teria feito o mesmo, no ano passado, ao confirmar uma conversa com o ex-presidente Luiz In\u00e1cio Lula da Silva no qual discutiram sua posse como ministro da Casa Civil, cujo objetivo seria evitar uma pris\u00e3o pelo juiz S\u00e9rgio Moro, que conduz a Lava Jato na primeira inst\u00e2ncia.<\/p>\n<p>\u201cAs situa\u00e7\u00f5es s\u00e3o equivalentes: as confiss\u00f5es espont\u00e2neas t\u00eam for\u00e7a para provar a exist\u00eancia da conversa e do seu conte\u00fado\u201d, diz o Janot, ressalvando somente a diferen\u00e7a de que, no caso de Lula e Dilma, tratava-se de uma conversa interceptada pela Justi\u00e7a e que no caso de Temer, a grava\u00e7\u00e3o pelo pr\u00f3prio Joesley.<\/p>\n<p>\u201cN\u00e3o obstante a confiss\u00e3o, o procurador-geral da Rep\u00fablica manifestou-se favor\u00e1vel \u00e0 realiza\u00e7\u00e3o da per\u00edcia nos \u00e1udios\u201d, acrescenta o procurador-geral.<\/p>\n","protected":false},"excerpt":{"rendered":"<p>Do G1: O procurador-geral da Rep\u00fablica, Rodrigo Janot, pediu ao Supremo Tribunal Federal (STF) autoriza\u00e7\u00e3o para que sejam interrogados o presidente da Rep\u00fablica, Michel Temer, o senador afastado A\u00e9cio Neves (PSDB-MG) e o deputado federal afastado Rodrigo Rocha Loures (PMDB-PR), bem como outros citados na dela\u00e7\u00e3o da JBS.<\/p>\n","protected":false},"author":1,"featured_media":10971,"comment_status":"closed","ping_status":"open","sticky":false,"template":"","format":"standard","meta":{"_exactmetrics_skip_tracking":false,"_exactmetrics_sitenote_active":false,"_exactmetrics_sitenote_note":"","_exactmetrics_sitenote_category":0,"jetpack_post_was_ever_published":false,"_jetpack_newsletter_access":"","_jetpack_dont_email_post_to_subs":false,"_jetpack_newsletter_tier_id":0,"_jetpack_memberships_contains_paywalled_content":false,"_jetpack_memberships_contains_paid_content":false,"footnotes":"","jetpack_publicize_message":"","jetpack_publicize_feature_enabled":true,"jetpack_social_post_already_shared":true,"jetpack_social_options":{"image_generator_settings":{"template":"highway","enabled":false},"version":2}},"categories":[1],"tags":[],"class_list":["post-11049","post","type-post","status-publish","format-standard","has-post-thumbnail","hentry","category-notas"],"jetpack_publicize_connections":[],"jetpack_sharing_enabled":true,"jetpack_featured_media_url":"https:\/\/i0.wp.com\/blogdalucianaoliveira.com.br\/blog\/wp-content\/uploads\/2017\/05\/dita.jpg?fit=1003%2C357","jetpack_shortlink":"https:\/\/wp.me\/p7wKYW-2Sd","jetpack-related-posts":[],"_links":{"self":[{"href":"http:\/\/blogdalucianaoliveira.com.br\/blog\/wp-json\/wp\/v2\/posts\/11049","targetHints":{"allow":["GET"]}}],"collection":[{"href":"http:\/\/blogdalucianaoliveira.com.br\/blog\/wp-json\/wp\/v2\/posts"}],"about":[{"href":"http:\/\/blogdalucianaoliveira.com.br\/blog\/wp-json\/wp\/v2\/types\/post"}],"author":[{"embeddable":true,"href":"http:\/\/blogdalucianaoliveira.com.br\/blog\/wp-json\/wp\/v2\/users\/1"}],"replies":[{"embeddable":true,"href":"http:\/\/blogdalucianaoliveira.com.br\/blog\/wp-json\/wp\/v2\/comments?post=11049"}],"version-history":[{"count":1,"href":"http:\/\/blogdalucianaoliveira.com.br\/blog\/wp-json\/wp\/v2\/posts\/11049\/revisions"}],"predecessor-version":[{"id":11050,"href":"http:\/\/blogdalucianaoliveira.com.br\/blog\/wp-json\/wp\/v2\/posts\/11049\/revisions\/11050"}],"wp:featuredmedia":[{"embeddable":true,"href":"http:\/\/blogdalucianaoliveira.com.br\/blog\/wp-json\/wp\/v2\/media\/10971"}],"wp:attachment":[{"href":"http:\/\/blogdalucianaoliveira.com.br\/blog\/wp-json\/wp\/v2\/media?parent=11049"}],"wp:term":[{"taxonomy":"category","embeddable":true,"href":"http:\/\/blogdalucianaoliveira.com.br\/blog\/wp-json\/wp\/v2\/categories?post=11049"},{"taxonomy":"post_tag","embeddable":true,"href":"http:\/\/blogdalucianaoliveira.com.br\/blog\/wp-json\/wp\/v2\/tags?post=11049"}],"curies":[{"name":"wp","href":"https:\/\/api.w.org\/{rel}","templated":true}]}}