{"id":11055,"date":"2017-05-27T15:31:20","date_gmt":"2017-05-27T19:31:20","guid":{"rendered":"http:\/\/blogdalucianaoliveira.com.br\/blog\/?p=11055"},"modified":"2017-05-27T15:31:20","modified_gmt":"2017-05-27T19:31:20","slug":"ong-espalha-mascaras-em-copacabana-para-pedir-renuncia-de-temer","status":"publish","type":"post","link":"http:\/\/blogdalucianaoliveira.com.br\/blog\/2017\/05\/27\/ong-espalha-mascaras-em-copacabana-para-pedir-renuncia-de-temer\/","title":{"rendered":"ONG espalha m\u00e1scaras em Copacabana para pedir ren\u00fancia de Temer"},"content":{"rendered":"<p><img data-recalc-dims=\"1\" loading=\"lazy\" decoding=\"async\" data-attachment-id=\"11056\" data-permalink=\"http:\/\/blogdalucianaoliveira.com.br\/blog\/2017\/05\/27\/ong-espalha-mascaras-em-copacabana-para-pedir-renuncia-de-temer\/img_8106\/\" data-orig-file=\"https:\/\/i0.wp.com\/blogdalucianaoliveira.com.br\/blog\/wp-content\/uploads\/2017\/05\/IMG_8106.jpg?fit=469%2C314\" data-orig-size=\"469,314\" data-comments-opened=\"0\" data-image-meta=\"{&quot;aperture&quot;:&quot;0&quot;,&quot;credit&quot;:&quot;&quot;,&quot;camera&quot;:&quot;&quot;,&quot;caption&quot;:&quot;&quot;,&quot;created_timestamp&quot;:&quot;0&quot;,&quot;copyright&quot;:&quot;&quot;,&quot;focal_length&quot;:&quot;0&quot;,&quot;iso&quot;:&quot;0&quot;,&quot;shutter_speed&quot;:&quot;0&quot;,&quot;title&quot;:&quot;&quot;,&quot;orientation&quot;:&quot;0&quot;}\" data-image-title=\"IMG_8106\" data-image-description=\"\" data-image-caption=\"\" data-medium-file=\"https:\/\/i0.wp.com\/blogdalucianaoliveira.com.br\/blog\/wp-content\/uploads\/2017\/05\/IMG_8106.jpg?fit=300%2C201\" data-large-file=\"https:\/\/i0.wp.com\/blogdalucianaoliveira.com.br\/blog\/wp-content\/uploads\/2017\/05\/IMG_8106.jpg?fit=469%2C314\" src=\"https:\/\/i0.wp.com\/blogdalucianaoliveira.com.br\/blog\/wp-content\/uploads\/2017\/05\/IMG_8106.jpg?resize=469%2C314\" alt=\"IMG_8106\" width=\"469\" height=\"314\" class=\"alignnone size-full wp-image-11056\" srcset=\"https:\/\/i0.wp.com\/blogdalucianaoliveira.com.br\/blog\/wp-content\/uploads\/2017\/05\/IMG_8106.jpg?w=469 469w, https:\/\/i0.wp.com\/blogdalucianaoliveira.com.br\/blog\/wp-content\/uploads\/2017\/05\/IMG_8106.jpg?resize=300%2C201 300w, https:\/\/i0.wp.com\/blogdalucianaoliveira.com.br\/blog\/wp-content\/uploads\/2017\/05\/IMG_8106.jpg?resize=448%2C300 448w\" sizes=\"auto, (max-width: 469px) 100vw, 469px\" \/><\/p>\n<p>Estad\u00e3o <\/p>\n<p>Um trecho da areia da Praia de Copacabana amanheceu neste s\u00e1bado, 27, com m\u00e1scaras pintadas de vermelho para pedir a ren\u00fancia do presidente Michel Temer e a reforma pol\u00edtica. O protesto foi realizado pela ONG Rio de Paz, em frente \u00e0 Avenida Princesa Isabel.<!--more--><\/p>\n<p>As 595 m\u00e1scaras espalhadas representam os 81 senadores, 513 deputados federais e o presidente da Rep\u00fablica. Elas foram pintadas de vermelho porque, segundo os organizadores, &#8220;simboliza a vergonha que deveria estar estampada no rosto da classe pol\u00edtica brasileira&#8221;.<\/p>\n<p>A mesma manifesta\u00e7\u00e3o foi feita na Esplanada dos Minist\u00e9rios, em Bras\u00edlia, na ter\u00e7a-feira, 23. O grupo tamb\u00e9m pede &#8220;mudan\u00e7as c\u00e9leres na legisla\u00e7\u00e3o eleitoral&#8221; para &#8220;combater a baixa qualifica\u00e7\u00e3o de seus representantes&#8221;. Com informa\u00e7\u00f5es do Estad\u00e3o Conte\u00fado. <\/p>\n","protected":false},"excerpt":{"rendered":"<p>Estad\u00e3o Um trecho da areia da Praia de Copacabana amanheceu neste s\u00e1bado, 27, com m\u00e1scaras pintadas de vermelho para pedir a ren\u00fancia do presidente Michel Temer e a reforma pol\u00edtica. O protesto foi realizado pela ONG Rio de Paz, em frente \u00e0 Avenida Princesa Isabel.<\/p>\n","protected":false},"author":1,"featured_media":0,"comment_status":"closed","ping_status":"open","sticky":false,"template":"","format":"standard","meta":{"_exactmetrics_skip_tracking":false,"_exactmetrics_sitenote_active":false,"_exactmetrics_sitenote_note":"","_exactmetrics_sitenote_category":0,"jetpack_post_was_ever_published":false,"_jetpack_newsletter_access":"","_jetpack_dont_email_post_to_subs":false,"_jetpack_newsletter_tier_id":0,"_jetpack_memberships_contains_paywalled_content":false,"_jetpack_memberships_contains_paid_content":false,"footnotes":"","jetpack_publicize_message":"","jetpack_publicize_feature_enabled":true,"jetpack_social_post_already_shared":true,"jetpack_social_options":{"image_generator_settings":{"template":"highway","enabled":false},"version":2}},"categories":[1],"tags":[],"class_list":["post-11055","post","type-post","status-publish","format-standard","hentry","category-notas"],"jetpack_publicize_connections":[],"jetpack_sharing_enabled":true,"jetpack_featured_media_url":"","jetpack_shortlink":"https:\/\/wp.me\/p7wKYW-2Sj","jetpack-related-posts":[],"_links":{"self":[{"href":"http:\/\/blogdalucianaoliveira.com.br\/blog\/wp-json\/wp\/v2\/posts\/11055","targetHints":{"allow":["GET"]}}],"collection":[{"href":"http:\/\/blogdalucianaoliveira.com.br\/blog\/wp-json\/wp\/v2\/posts"}],"about":[{"href":"http:\/\/blogdalucianaoliveira.com.br\/blog\/wp-json\/wp\/v2\/types\/post"}],"author":[{"embeddable":true,"href":"http:\/\/blogdalucianaoliveira.com.br\/blog\/wp-json\/wp\/v2\/users\/1"}],"replies":[{"embeddable":true,"href":"http:\/\/blogdalucianaoliveira.com.br\/blog\/wp-json\/wp\/v2\/comments?post=11055"}],"version-history":[{"count":1,"href":"http:\/\/blogdalucianaoliveira.com.br\/blog\/wp-json\/wp\/v2\/posts\/11055\/revisions"}],"predecessor-version":[{"id":11057,"href":"http:\/\/blogdalucianaoliveira.com.br\/blog\/wp-json\/wp\/v2\/posts\/11055\/revisions\/11057"}],"wp:attachment":[{"href":"http:\/\/blogdalucianaoliveira.com.br\/blog\/wp-json\/wp\/v2\/media?parent=11055"}],"wp:term":[{"taxonomy":"category","embeddable":true,"href":"http:\/\/blogdalucianaoliveira.com.br\/blog\/wp-json\/wp\/v2\/categories?post=11055"},{"taxonomy":"post_tag","embeddable":true,"href":"http:\/\/blogdalucianaoliveira.com.br\/blog\/wp-json\/wp\/v2\/tags?post=11055"}],"curies":[{"name":"wp","href":"https:\/\/api.w.org\/{rel}","templated":true}]}}