{"id":11064,"date":"2017-05-27T18:06:42","date_gmt":"2017-05-27T22:06:42","guid":{"rendered":"http:\/\/blogdalucianaoliveira.com.br\/blog\/?p=11064"},"modified":"2017-05-27T18:11:42","modified_gmt":"2017-05-27T22:11:42","slug":"aecio-nao-tinha-so-confianca-na-impunidade-tinha-certeza","status":"publish","type":"post","link":"http:\/\/blogdalucianaoliveira.com.br\/blog\/2017\/05\/27\/aecio-nao-tinha-so-confianca-na-impunidade-tinha-certeza\/","title":{"rendered":"A\u00c9CIO N\u00c3O TINHA S\u00d3 CONFIAN\u00c7A NA IMPUNIDADE. TINHA CERTEZA"},"content":{"rendered":"<p><img data-recalc-dims=\"1\" loading=\"lazy\" decoding=\"async\" data-attachment-id=\"11065\" data-permalink=\"http:\/\/blogdalucianaoliveira.com.br\/blog\/2017\/05\/27\/aecio-nao-tinha-so-confianca-na-impunidade-tinha-certeza\/michel-temer\/\" data-orig-file=\"https:\/\/i0.wp.com\/blogdalucianaoliveira.com.br\/blog\/wp-content\/uploads\/2017\/05\/poder.jpeg?fit=620%2C300\" data-orig-size=\"620,300\" data-comments-opened=\"0\" data-image-meta=\"{&quot;aperture&quot;:&quot;2.8&quot;,&quot;credit&quot;:&quot;Folhapress&quot;,&quot;camera&quot;:&quot;Canon EOS-1D X&quot;,&quot;caption&quot;:&quot;BRAS\\u00cdLIA, DF, BRASIL, 09.11.2016.  O  senador A\\u00e9cio Neves participa da cerim\\u00f4nia  de lan\\u00e7amento do Cart\\u00e3o Reforma, no Pal\\u00e1cio do Planalto.(FOTO Alan Marques\\\/ Folhapress) PODER&quot;,&quot;created_timestamp&quot;:&quot;1478700011&quot;,&quot;copyright&quot;:&quot;folhapress 2010 todos diretos reservados&quot;,&quot;focal_length&quot;:&quot;300&quot;,&quot;iso&quot;:&quot;2500&quot;,&quot;shutter_speed&quot;:&quot;0.004&quot;,&quot;title&quot;:&quot;Michel Temer&quot;,&quot;orientation&quot;:&quot;0&quot;}\" data-image-title=\"Michel Temer\" data-image-description=\"\" data-image-caption=\"\" data-medium-file=\"https:\/\/i0.wp.com\/blogdalucianaoliveira.com.br\/blog\/wp-content\/uploads\/2017\/05\/poder.jpeg?fit=300%2C145\" data-large-file=\"https:\/\/i0.wp.com\/blogdalucianaoliveira.com.br\/blog\/wp-content\/uploads\/2017\/05\/poder.jpeg?fit=600%2C290\" src=\"https:\/\/i0.wp.com\/blogdalucianaoliveira.com.br\/blog\/wp-content\/uploads\/2017\/05\/poder.jpeg?resize=600%2C290\" alt=\" \" width=\"600\" height=\"290\" class=\"alignnone size-full wp-image-11065\" srcset=\"https:\/\/i0.wp.com\/blogdalucianaoliveira.com.br\/blog\/wp-content\/uploads\/2017\/05\/poder.jpeg?w=620 620w, https:\/\/i0.wp.com\/blogdalucianaoliveira.com.br\/blog\/wp-content\/uploads\/2017\/05\/poder.jpeg?resize=300%2C145 300w\" sizes=\"auto, (max-width: 600px) 100vw, 600px\" \/><\/p>\n<p>Foi surpreendente saber que o senador afastado, A\u00e9cio Neves, guardava provas robustas que podem demonstrar seu envolvimento em v\u00e1rios crimes.<\/p>\n<p>No tribunal virtual fala-se em amadorismo e confian\u00e7a na impunidade.<!--more--><\/p>\n<p>As buscas da pol\u00edcia federal em endere\u00e7os do senador afastado resultaram na apreens\u00e3o de \u201ccomprovantes de dep\u00f3sitos e anota\u00e7\u00f5es manuscritas\u201d identificadas como caixa 2. Como n\u00e3o havia nada refer\u00eancia \u00e0 caixa 1, caixa 3, caixa 4, resta evidente que n\u00e3o era mero modelo de organiza\u00e7\u00e3o de documentos.<\/p>\n<p>Caixa 2, s\u00f3 pode ser opera\u00e7\u00e3o financeira ilegal.<\/p>\n<p>Por que o tucano matinha um aparelho bloqueador de sinal de celular, ningu\u00e9m sabe. Mas, pra coisa l\u00edcita n\u00e3o devia ser.<\/p>\n<p>O fato \u00e9 que ningu\u00e9m esperava de A\u00e9cio Neves, neto de uma figura t\u00e3o emblem\u00e1tica da pol\u00edtica brasileira como o ex-presidente Tancredo Neves, tamanha tranquilidade sendo um dos investigados na Opera\u00e7\u00e3o Lava Jato que j\u00e1 levou muito peixe gra\u00fado para atr\u00e1s das grades.<\/p>\n<p>N\u00e3o era s\u00f3 confian\u00e7a na impunidade, mas absoluta certeza de que a pol\u00edcia jamais bateria na porta de um herdeiro da plutocracia, muito menos pra revirar e apreender suas coisas.<\/p>\n<p>A\u00e9cio \u00e9 da casta que manda e prova disso \u00e9 que a pol\u00edcia apreendeu planilhas com nomes de indicados para cargos federais e dados de empresas gigantes que operam no pa\u00eds.<\/p>\n<p>O inconformismo do tucano com a derrota na disputa presidencial foi o estopim para o golpe com vestimenta jur\u00eddica. <\/p>\n<p>De l\u00e1 pra c\u00e1, o triunfo e queda de uma plutocracia canalha que honra os princ\u00edpios da concentra\u00e7\u00e3o de riqueza, detalhados por Noam Chomsky no Requiem Para O Sonho Americano.<\/p>\n<p>Est\u00e3o l\u00e1 como meta da plutocracia a redu\u00e7\u00e3o da democracia, o redesenhar da economia, o deslocar do fardo de sustentar a sociedade para os pobres e classe m\u00e9dia, o desprezo \u00e0 solidariedade, o controle dos reguladores e das elei\u00e7\u00f5es, a ral\u00e9 na linha, a fabrica\u00e7\u00e3o de sensos comuns para criar consumidores e a marginaliza\u00e7\u00e3o da popula\u00e7\u00e3o.<br \/>\nBasta olhar para A\u00e9cio como representante leg\u00edtimo dos que concentram poder para entender as reformas propostas no p\u00f3s-golpe.<\/p>\n<p>E pra compreender por que ele foi t\u00e3o descuidado com provas contra si, s\u00f3 resta supor que tinha certeza de que jamais cairia na vala comum dos que recorrem a crimes como meio de sobreviv\u00eancia.<\/p>\n","protected":false},"excerpt":{"rendered":"<p>Foi surpreendente saber que o senador afastado, A\u00e9cio Neves, guardava provas robustas que podem demonstrar seu envolvimento em v\u00e1rios crimes. No tribunal virtual fala-se em amadorismo e confian\u00e7a na impunidade.<\/p>\n","protected":false},"author":1,"featured_media":0,"comment_status":"closed","ping_status":"open","sticky":false,"template":"","format":"standard","meta":{"_exactmetrics_skip_tracking":false,"_exactmetrics_sitenote_active":false,"_exactmetrics_sitenote_note":"","_exactmetrics_sitenote_category":0,"jetpack_post_was_ever_published":false,"_jetpack_newsletter_access":"","_jetpack_dont_email_post_to_subs":false,"_jetpack_newsletter_tier_id":0,"_jetpack_memberships_contains_paywalled_content":false,"_jetpack_memberships_contains_paid_content":false,"footnotes":"","jetpack_publicize_message":"","jetpack_publicize_feature_enabled":true,"jetpack_social_post_already_shared":true,"jetpack_social_options":{"image_generator_settings":{"template":"highway","enabled":false},"version":2}},"categories":[1],"tags":[],"class_list":["post-11064","post","type-post","status-publish","format-standard","hentry","category-notas"],"jetpack_publicize_connections":[],"jetpack_sharing_enabled":true,"jetpack_featured_media_url":"","jetpack_shortlink":"https:\/\/wp.me\/p7wKYW-2Ss","jetpack-related-posts":[],"_links":{"self":[{"href":"http:\/\/blogdalucianaoliveira.com.br\/blog\/wp-json\/wp\/v2\/posts\/11064","targetHints":{"allow":["GET"]}}],"collection":[{"href":"http:\/\/blogdalucianaoliveira.com.br\/blog\/wp-json\/wp\/v2\/posts"}],"about":[{"href":"http:\/\/blogdalucianaoliveira.com.br\/blog\/wp-json\/wp\/v2\/types\/post"}],"author":[{"embeddable":true,"href":"http:\/\/blogdalucianaoliveira.com.br\/blog\/wp-json\/wp\/v2\/users\/1"}],"replies":[{"embeddable":true,"href":"http:\/\/blogdalucianaoliveira.com.br\/blog\/wp-json\/wp\/v2\/comments?post=11064"}],"version-history":[{"count":4,"href":"http:\/\/blogdalucianaoliveira.com.br\/blog\/wp-json\/wp\/v2\/posts\/11064\/revisions"}],"predecessor-version":[{"id":11069,"href":"http:\/\/blogdalucianaoliveira.com.br\/blog\/wp-json\/wp\/v2\/posts\/11064\/revisions\/11069"}],"wp:attachment":[{"href":"http:\/\/blogdalucianaoliveira.com.br\/blog\/wp-json\/wp\/v2\/media?parent=11064"}],"wp:term":[{"taxonomy":"category","embeddable":true,"href":"http:\/\/blogdalucianaoliveira.com.br\/blog\/wp-json\/wp\/v2\/categories?post=11064"},{"taxonomy":"post_tag","embeddable":true,"href":"http:\/\/blogdalucianaoliveira.com.br\/blog\/wp-json\/wp\/v2\/tags?post=11064"}],"curies":[{"name":"wp","href":"https:\/\/api.w.org\/{rel}","templated":true}]}}