{"id":11081,"date":"2017-05-29T07:59:22","date_gmt":"2017-05-29T11:59:22","guid":{"rendered":"http:\/\/blogdalucianaoliveira.com.br\/blog\/?p=11081"},"modified":"2017-05-29T07:59:22","modified_gmt":"2017-05-29T11:59:22","slug":"idiota-e-quem-nao-participa-da-politica","status":"publish","type":"post","link":"http:\/\/blogdalucianaoliveira.com.br\/blog\/2017\/05\/29\/idiota-e-quem-nao-participa-da-politica\/","title":{"rendered":"Idiota \u00e9 quem n\u00e3o participa da pol\u00edtica"},"content":{"rendered":"<p><img data-recalc-dims=\"1\" loading=\"lazy\" decoding=\"async\" data-attachment-id=\"11082\" data-permalink=\"http:\/\/blogdalucianaoliveira.com.br\/blog\/2017\/05\/29\/idiota-e-quem-nao-participa-da-politica\/o-analfabeto-politico\/\" data-orig-file=\"https:\/\/i0.wp.com\/blogdalucianaoliveira.com.br\/blog\/wp-content\/uploads\/2017\/05\/O-ANALFABETO-POL%C3%8DTICO.jpg?fit=1024%2C480\" data-orig-size=\"1024,480\" data-comments-opened=\"0\" data-image-meta=\"{&quot;aperture&quot;:&quot;0&quot;,&quot;credit&quot;:&quot;&quot;,&quot;camera&quot;:&quot;&quot;,&quot;caption&quot;:&quot;&quot;,&quot;created_timestamp&quot;:&quot;0&quot;,&quot;copyright&quot;:&quot;&quot;,&quot;focal_length&quot;:&quot;0&quot;,&quot;iso&quot;:&quot;0&quot;,&quot;shutter_speed&quot;:&quot;0&quot;,&quot;title&quot;:&quot;&quot;,&quot;orientation&quot;:&quot;0&quot;}\" data-image-title=\"O ANALFABETO POL\u00cdTICO\" data-image-description=\"\" data-image-caption=\"\" data-medium-file=\"https:\/\/i0.wp.com\/blogdalucianaoliveira.com.br\/blog\/wp-content\/uploads\/2017\/05\/O-ANALFABETO-POL%C3%8DTICO.jpg?fit=300%2C141\" data-large-file=\"https:\/\/i0.wp.com\/blogdalucianaoliveira.com.br\/blog\/wp-content\/uploads\/2017\/05\/O-ANALFABETO-POL%C3%8DTICO.jpg?fit=600%2C281\" src=\"https:\/\/i0.wp.com\/blogdalucianaoliveira.com.br\/blog\/wp-content\/uploads\/2017\/05\/O-ANALFABETO-POL%C3%8DTICO.jpg?resize=600%2C281\" alt=\"O ANALFABETO POL\u00cdTICO\" width=\"600\" height=\"281\" class=\"alignnone size-full wp-image-11082\" srcset=\"https:\/\/i0.wp.com\/blogdalucianaoliveira.com.br\/blog\/wp-content\/uploads\/2017\/05\/O-ANALFABETO-POL%C3%8DTICO.jpg?w=1024 1024w, https:\/\/i0.wp.com\/blogdalucianaoliveira.com.br\/blog\/wp-content\/uploads\/2017\/05\/O-ANALFABETO-POL%C3%8DTICO.jpg?resize=300%2C141 300w, https:\/\/i0.wp.com\/blogdalucianaoliveira.com.br\/blog\/wp-content\/uploads\/2017\/05\/O-ANALFABETO-POL%C3%8DTICO.jpg?resize=768%2C360 768w, https:\/\/i0.wp.com\/blogdalucianaoliveira.com.br\/blog\/wp-content\/uploads\/2017\/05\/O-ANALFABETO-POL%C3%8DTICO.jpg?resize=640%2C300 640w\" sizes=\"auto, (max-width: 600px) 100vw, 600px\" \/><\/p>\n<p>\u00c9 preciso falar sobre pol\u00edtica nesses tempos de individualismo exacerbado, p\u00f3s-verdade, paralisia decis\u00f3ria frente aos grandes problemas pol\u00edticos nacionais.<\/p>\n<p>ROBSON S\u00c1VIO REIS SOUZA<br \/>\nNo 247<\/p>\n<p>Voltemos \u00e0 Gr\u00e9cia antiga. H\u00e1 2500 anos, os gregos \u201cinventaram\u201d a democracia. Em Atenas, por exemplo, a vida p\u00fablica interessava a todos os cidad\u00e3os e os politikos eram aqueles que se dedicavam ao governo da polis(a cidade), colocando o bem comum acima de seus interesses individuais.<\/p>\n<p>Os gregos entendiam que o idiota era a pessoa que n\u00e3o estava integrada na polis; aquele que n\u00e3o se interessava ou n\u00e3o participava dos assuntos p\u00fablicos (de grande import\u00e2ncia naquela \u00e9poca) e s\u00f3 se ocupava de si pr\u00f3prio. Desta concep\u00e7\u00e3o vem a raiz da palavra idiota, o termo \u201cidio\u201d, que significa pr\u00f3prio.<\/p>\n<p>Ou seja, o idiota \u00e9 aquele que s\u00f3 vive a sua vidinha privada, que s\u00f3 pensa no seu umbigo, nos seus interesses; que recusa a pol\u00edtica; que diz n\u00e3o \u00e0 pol\u00edtica. Sua express\u00e3o generalizada \u00e9: \u201cn\u00e3o me meto em pol\u00edtica\u201d. Ou, nos termos das \u00faltimas campanhas eleitorais no Brasil, \u201cchega de pol\u00edtica\u201d.<\/p>\n<p>Ao contr\u00e1rio do idiota, o \u201cpol\u00edtico\u201d era o cidad\u00e3o que se envolvia com os assuntos p\u00fablicos, ou seja, possu\u00eda os atributos para construir para si um estatuto de cidadania (participa\u00e7\u00e3o na vida p\u00fablica). Este estatuto exigia de cada polites um envolvimento direto na condu\u00e7\u00e3o coletiva dos assuntos da cidade. O pol\u00edtico era aquele cujos interesses estavam expressos em a\u00e7\u00f5es com vistas \u00e0 coletividade, igualdade, participa\u00e7\u00e3o e democracia.<\/p>\n<p>Para os antigos gregos, portanto, n\u00e3o havia liberdade fora da pol\u00edtica. Ou seja, o idiota \u2013 que \u00e9 um ensimesmado e n\u00e3o se preocupa com o bem comum, colocando-se como o centro do universo -, n\u00e3o \u00e9 livre porque s\u00f3 \u00e9 livre aquele que se envolve na vida p\u00fablica, na vida coletiva.<\/p>\n<p>Esse modo de envolvimento coletivo nos assuntos p\u00fablicos transformou Atenas numa cidade pr\u00f3spera. Seu porto era cosmopolita, possibilitando o encontro e o embate com outros povos, assim como a discuss\u00e3o de problemas relativos \u00e0 cidade. Isso possibilitava mais autonomia ao cidad\u00e3o, que era livre para discutir, decidir, se posicionar. Tratava-se de uma cidadania ativa e participativa, \u00e0 medida que o cidad\u00e3o era ativo dos assuntos e das decis\u00f5es coletivas, a beneficiar toda a comunidade pol\u00edtica.<\/p>\n<p>Voltemos ao Brasil. Nesse momento pol\u00edtico no qual o individualismo nos lan\u00e7a na indiferen\u00e7a, na viol\u00eancia contra o outro ou na desresponsabiliza\u00e7\u00e3o em rela\u00e7\u00e3o ao exerc\u00edcio da cidadania \u00e9 preciso lembrar dos antigos gregos.<\/p>\n<p>O que est\u00e1 acontecendo por aqui tem a ver com nossas a\u00e7\u00f5es e omiss\u00f5es enquanto cidad\u00e3os; enquanto pol\u00edticos.<\/p>\n<p>N\u00e3o podemos nos amesquinhar frente a esse totalitarismo da indiferen\u00e7a (Josep Romaneda). N\u00e3o podemos nos afastar da no\u00e7\u00e3o de bem comum e do princ\u00edpio da res publica (coisa p\u00fablica; de responsabilidade de todos).<\/p>\n<p>A criminaliza\u00e7\u00e3o da pol\u00edtica pela m\u00eddia (sempre interessada em afastar os cidad\u00e3os da vida p\u00fablica) est\u00e1 a fabricar cada vez mais idiotas, que s\u00e3o aqueles que se afastam da pol\u00edtica e se gabam dessa postura infantil e descomprometida com os rumos da vida p\u00fablica. S\u00e3o tamb\u00e9m conhecidos como \u201cmidiotas\u201d.<\/p>\n<p>Vejamos o que ocorre nesses dias: a indecis\u00e3o das elites na escolha do substituto de Temer, por exemplo, comprova cabalmente que n\u00e3o h\u00e1 pol\u00edticos ocupando os cargos de poder. O que temos no governo e no Congresso s\u00e3o \u201cprofissionais da pol\u00edtica\u201d, servi\u00e7ais do dinheiro, e idiotas, que s\u00f3 se preocupam com os interesses pr\u00f3prios e n\u00e3o cuidam do bem-comum.<\/p>\n<p>Os golpistas n\u00e3o encontram dentre seus quadros nenhum pol\u00edtico de fato, ou seja, nenhuma pessoa comprometida com o bem-comum, empenhada de fato com os interesses p\u00fablicos, para ser apresentada \u00e0 sociedade nesse momento de crise institucional, a gerar legitimidade para um futuro governo.<\/p>\n<p>Ali\u00e1s, os golpistas s\u00f3 se preocupam com os interesses privados. Afinal, o foco atual do poder (mundial, diga-se de passagem) n\u00e3o est\u00e1 na pol\u00edtica, mas na economia e quem comanda a sociedade \u00e9 o complexo financeiro-empresarial internacional. Neste sentido, os donos do poder n\u00e3o s\u00e3o os pol\u00edticos. Leia mais sobre isso, aqui.<\/p>\n<p>Temer, um fantoche nas m\u00e3os dos donos do poder, s\u00f3 continua na chefia do governo, como um zumbi, porque a coaliz\u00e3o que o sustenta, formada por idiotas e n\u00e3o por pol\u00edticos, n\u00e3o tem consenso acerca de um nome para apresentar \u00e0 sociedade.<\/p>\n<p>Por outro lado, h\u00e1 omiss\u00e3o, medo, covardia e divis\u00e3o dos setores progressistas comprometidos com a cidadania em torno de um nome e de um programa (de governo) que possam ser apresentados \u00e0 sociedade como contraponto ao grupo que usurpa o poder. Isso tamb\u00e9m \u00e9 sinal de idiotice!<\/p>\n<p>Abundam idiotas. H\u00e1 poucos pol\u00edticos.<\/p>\n<p>Para superarmos a crise pol\u00edtica que vivemos precisamos de mais pol\u00edticos e menos idiotas, tanto no exerc\u00edcio do poder, quanto nas v\u00e1rias inst\u00e2ncias de mobiliza\u00e7\u00e3o, articula\u00e7\u00e3o a a\u00e7\u00e3o pol\u00edtica da nossa sociedade.<\/p>\n","protected":false},"excerpt":{"rendered":"<p>\u00c9 preciso falar sobre pol\u00edtica nesses tempos de individualismo exacerbado, p\u00f3s-verdade, paralisia decis\u00f3ria frente aos grandes problemas pol\u00edticos nacionais. ROBSON S\u00c1VIO REIS SOUZA No 247 Voltemos \u00e0 Gr\u00e9cia antiga. H\u00e1 2500 anos, os gregos \u201cinventaram\u201d a democracia. Em Atenas, por exemplo, a vida p\u00fablica interessava a todos os cidad\u00e3os e os politikos eram aqueles que&#8230;<a class=\"more-link\" href=\"http:\/\/blogdalucianaoliveira.com.br\/blog\/2017\/05\/29\/idiota-e-quem-nao-participa-da-politica\/\">Continue a leitura <span class=\"meta-nav\">&raquo;<\/span><\/a><\/p>\n","protected":false},"author":1,"featured_media":0,"comment_status":"closed","ping_status":"open","sticky":false,"template":"","format":"standard","meta":{"_exactmetrics_skip_tracking":false,"_exactmetrics_sitenote_active":false,"_exactmetrics_sitenote_note":"","_exactmetrics_sitenote_category":0,"jetpack_post_was_ever_published":false,"_jetpack_newsletter_access":"","_jetpack_dont_email_post_to_subs":false,"_jetpack_newsletter_tier_id":0,"_jetpack_memberships_contains_paywalled_content":false,"_jetpack_memberships_contains_paid_content":false,"footnotes":"","jetpack_publicize_message":"","jetpack_publicize_feature_enabled":true,"jetpack_social_post_already_shared":true,"jetpack_social_options":{"image_generator_settings":{"template":"highway","enabled":false},"version":2}},"categories":[1],"tags":[],"class_list":["post-11081","post","type-post","status-publish","format-standard","hentry","category-notas"],"jetpack_publicize_connections":[],"jetpack_sharing_enabled":true,"jetpack_featured_media_url":"","jetpack_shortlink":"https:\/\/wp.me\/p7wKYW-2SJ","jetpack-related-posts":[],"_links":{"self":[{"href":"http:\/\/blogdalucianaoliveira.com.br\/blog\/wp-json\/wp\/v2\/posts\/11081","targetHints":{"allow":["GET"]}}],"collection":[{"href":"http:\/\/blogdalucianaoliveira.com.br\/blog\/wp-json\/wp\/v2\/posts"}],"about":[{"href":"http:\/\/blogdalucianaoliveira.com.br\/blog\/wp-json\/wp\/v2\/types\/post"}],"author":[{"embeddable":true,"href":"http:\/\/blogdalucianaoliveira.com.br\/blog\/wp-json\/wp\/v2\/users\/1"}],"replies":[{"embeddable":true,"href":"http:\/\/blogdalucianaoliveira.com.br\/blog\/wp-json\/wp\/v2\/comments?post=11081"}],"version-history":[{"count":1,"href":"http:\/\/blogdalucianaoliveira.com.br\/blog\/wp-json\/wp\/v2\/posts\/11081\/revisions"}],"predecessor-version":[{"id":11083,"href":"http:\/\/blogdalucianaoliveira.com.br\/blog\/wp-json\/wp\/v2\/posts\/11081\/revisions\/11083"}],"wp:attachment":[{"href":"http:\/\/blogdalucianaoliveira.com.br\/blog\/wp-json\/wp\/v2\/media?parent=11081"}],"wp:term":[{"taxonomy":"category","embeddable":true,"href":"http:\/\/blogdalucianaoliveira.com.br\/blog\/wp-json\/wp\/v2\/categories?post=11081"},{"taxonomy":"post_tag","embeddable":true,"href":"http:\/\/blogdalucianaoliveira.com.br\/blog\/wp-json\/wp\/v2\/tags?post=11081"}],"curies":[{"name":"wp","href":"https:\/\/api.w.org\/{rel}","templated":true}]}}