{"id":11084,"date":"2017-05-29T17:36:13","date_gmt":"2017-05-29T21:36:13","guid":{"rendered":"http:\/\/blogdalucianaoliveira.com.br\/blog\/?p=11084"},"modified":"2017-05-29T17:38:32","modified_gmt":"2017-05-29T21:38:32","slug":"liderancas-indigenas-recebem-mocao-de-aplauso-na-camara-de-vereadores","status":"publish","type":"post","link":"http:\/\/blogdalucianaoliveira.com.br\/blog\/2017\/05\/29\/liderancas-indigenas-recebem-mocao-de-aplauso-na-camara-de-vereadores\/","title":{"rendered":"LIDERAN\u00c7AS IND\u00cdGENAS RECEBEM MO\u00c7\u00c3O DE APLAUSO NA C\u00c2MARA DE VEREADORES"},"content":{"rendered":"<p><img data-recalc-dims=\"1\" loading=\"lazy\" decoding=\"async\" data-attachment-id=\"11085\" data-permalink=\"http:\/\/blogdalucianaoliveira.com.br\/blog\/2017\/05\/29\/liderancas-indigenas-recebem-mocao-de-aplauso-na-camara-de-vereadores\/img_8167\/\" data-orig-file=\"https:\/\/i0.wp.com\/blogdalucianaoliveira.com.br\/blog\/wp-content\/uploads\/2017\/05\/IMG_8167.jpg?fit=640%2C480\" data-orig-size=\"640,480\" data-comments-opened=\"0\" data-image-meta=\"{&quot;aperture&quot;:&quot;2.2&quot;,&quot;credit&quot;:&quot;&quot;,&quot;camera&quot;:&quot;iPhone 6&quot;,&quot;caption&quot;:&quot;&quot;,&quot;created_timestamp&quot;:&quot;1496073166&quot;,&quot;copyright&quot;:&quot;&quot;,&quot;focal_length&quot;:&quot;4.15&quot;,&quot;iso&quot;:&quot;160&quot;,&quot;shutter_speed&quot;:&quot;0.0333333333333&quot;,&quot;title&quot;:&quot;&quot;,&quot;orientation&quot;:&quot;1&quot;}\" data-image-title=\"IMG_8167\" data-image-description=\"\" data-image-caption=\"\" data-medium-file=\"https:\/\/i0.wp.com\/blogdalucianaoliveira.com.br\/blog\/wp-content\/uploads\/2017\/05\/IMG_8167.jpg?fit=300%2C225\" data-large-file=\"https:\/\/i0.wp.com\/blogdalucianaoliveira.com.br\/blog\/wp-content\/uploads\/2017\/05\/IMG_8167.jpg?fit=600%2C450\" src=\"https:\/\/i0.wp.com\/blogdalucianaoliveira.com.br\/blog\/wp-content\/uploads\/2017\/05\/IMG_8167.jpg?resize=600%2C450\" alt=\"IMG_8167\" width=\"600\" height=\"450\" class=\"alignnone size-full wp-image-11085\" srcset=\"https:\/\/i0.wp.com\/blogdalucianaoliveira.com.br\/blog\/wp-content\/uploads\/2017\/05\/IMG_8167.jpg?w=640 640w, https:\/\/i0.wp.com\/blogdalucianaoliveira.com.br\/blog\/wp-content\/uploads\/2017\/05\/IMG_8167.jpg?resize=300%2C225 300w, https:\/\/i0.wp.com\/blogdalucianaoliveira.com.br\/blog\/wp-content\/uploads\/2017\/05\/IMG_8167.jpg?resize=400%2C300 400w\" sizes=\"auto, (max-width: 600px) 100vw, 600px\" \/><\/p>\n<p>A propositura foi do vereador Aleks Palitot que se destaca com um gesto que simboliza voz no parlamento em defesa dos povos tradicionais.<!--more--><\/p>\n<p>Foram homenageados Almir Suru\u00ed (mo\u00e7\u00e3o recebida por Rubens Naraikoe Surui), Val Karitiana, Adriano Karipuna, lideran\u00e7as que representam as mais de 50 comunidades ind\u00edgenas do Estado e tamb\u00e9m o Procurador da Rep\u00fablica, Reginaldo Trindade, que h\u00e1 mais de uma d\u00e9cada atua em defesa dos Cinta Larga.<\/p>\n<p><img data-recalc-dims=\"1\" loading=\"lazy\" decoding=\"async\" data-attachment-id=\"11086\" data-permalink=\"http:\/\/blogdalucianaoliveira.com.br\/blog\/2017\/05\/29\/liderancas-indigenas-recebem-mocao-de-aplauso-na-camara-de-vereadores\/img_8177\/\" data-orig-file=\"https:\/\/i0.wp.com\/blogdalucianaoliveira.com.br\/blog\/wp-content\/uploads\/2017\/05\/IMG_8177.jpg?fit=640%2C480\" data-orig-size=\"640,480\" data-comments-opened=\"0\" data-image-meta=\"{&quot;aperture&quot;:&quot;2.2&quot;,&quot;credit&quot;:&quot;&quot;,&quot;camera&quot;:&quot;iPhone 6&quot;,&quot;caption&quot;:&quot;&quot;,&quot;created_timestamp&quot;:&quot;1496073460&quot;,&quot;copyright&quot;:&quot;&quot;,&quot;focal_length&quot;:&quot;4.15&quot;,&quot;iso&quot;:&quot;100&quot;,&quot;shutter_speed&quot;:&quot;0.0333333333333&quot;,&quot;title&quot;:&quot;&quot;,&quot;orientation&quot;:&quot;1&quot;}\" data-image-title=\"IMG_8177\" data-image-description=\"\" data-image-caption=\"\" data-medium-file=\"https:\/\/i0.wp.com\/blogdalucianaoliveira.com.br\/blog\/wp-content\/uploads\/2017\/05\/IMG_8177.jpg?fit=300%2C225\" data-large-file=\"https:\/\/i0.wp.com\/blogdalucianaoliveira.com.br\/blog\/wp-content\/uploads\/2017\/05\/IMG_8177.jpg?fit=600%2C450\" src=\"https:\/\/i0.wp.com\/blogdalucianaoliveira.com.br\/blog\/wp-content\/uploads\/2017\/05\/IMG_8177.jpg?resize=600%2C450\" alt=\"IMG_8177\" width=\"600\" height=\"450\" class=\"alignnone size-full wp-image-11086\" srcset=\"https:\/\/i0.wp.com\/blogdalucianaoliveira.com.br\/blog\/wp-content\/uploads\/2017\/05\/IMG_8177.jpg?w=640 640w, https:\/\/i0.wp.com\/blogdalucianaoliveira.com.br\/blog\/wp-content\/uploads\/2017\/05\/IMG_8177.jpg?resize=300%2C225 300w, https:\/\/i0.wp.com\/blogdalucianaoliveira.com.br\/blog\/wp-content\/uploads\/2017\/05\/IMG_8177.jpg?resize=400%2C300 400w\" sizes=\"auto, (max-width: 600px) 100vw, 600px\" \/><\/p>\n<p><img data-recalc-dims=\"1\" loading=\"lazy\" decoding=\"async\" data-attachment-id=\"11087\" data-permalink=\"http:\/\/blogdalucianaoliveira.com.br\/blog\/2017\/05\/29\/liderancas-indigenas-recebem-mocao-de-aplauso-na-camara-de-vereadores\/img_8182\/\" data-orig-file=\"https:\/\/i0.wp.com\/blogdalucianaoliveira.com.br\/blog\/wp-content\/uploads\/2017\/05\/IMG_8182.jpg?fit=640%2C480\" data-orig-size=\"640,480\" data-comments-opened=\"0\" data-image-meta=\"{&quot;aperture&quot;:&quot;2.2&quot;,&quot;credit&quot;:&quot;&quot;,&quot;camera&quot;:&quot;iPhone 6&quot;,&quot;caption&quot;:&quot;&quot;,&quot;created_timestamp&quot;:&quot;1496073536&quot;,&quot;copyright&quot;:&quot;&quot;,&quot;focal_length&quot;:&quot;4.15&quot;,&quot;iso&quot;:&quot;160&quot;,&quot;shutter_speed&quot;:&quot;0.0333333333333&quot;,&quot;title&quot;:&quot;&quot;,&quot;orientation&quot;:&quot;1&quot;}\" data-image-title=\"IMG_8182\" data-image-description=\"\" data-image-caption=\"\" data-medium-file=\"https:\/\/i0.wp.com\/blogdalucianaoliveira.com.br\/blog\/wp-content\/uploads\/2017\/05\/IMG_8182.jpg?fit=300%2C225\" data-large-file=\"https:\/\/i0.wp.com\/blogdalucianaoliveira.com.br\/blog\/wp-content\/uploads\/2017\/05\/IMG_8182.jpg?fit=600%2C450\" src=\"https:\/\/i0.wp.com\/blogdalucianaoliveira.com.br\/blog\/wp-content\/uploads\/2017\/05\/IMG_8182.jpg?resize=600%2C450\" alt=\"IMG_8182\" width=\"600\" height=\"450\" class=\"alignnone size-full wp-image-11087\" srcset=\"https:\/\/i0.wp.com\/blogdalucianaoliveira.com.br\/blog\/wp-content\/uploads\/2017\/05\/IMG_8182.jpg?w=640 640w, https:\/\/i0.wp.com\/blogdalucianaoliveira.com.br\/blog\/wp-content\/uploads\/2017\/05\/IMG_8182.jpg?resize=300%2C225 300w, https:\/\/i0.wp.com\/blogdalucianaoliveira.com.br\/blog\/wp-content\/uploads\/2017\/05\/IMG_8182.jpg?resize=400%2C300 400w\" sizes=\"auto, (max-width: 600px) 100vw, 600px\" \/><\/p>\n<p><img data-recalc-dims=\"1\" loading=\"lazy\" decoding=\"async\" data-attachment-id=\"11088\" data-permalink=\"http:\/\/blogdalucianaoliveira.com.br\/blog\/2017\/05\/29\/liderancas-indigenas-recebem-mocao-de-aplauso-na-camara-de-vereadores\/img_8186\/\" data-orig-file=\"https:\/\/i0.wp.com\/blogdalucianaoliveira.com.br\/blog\/wp-content\/uploads\/2017\/05\/IMG_8186.jpg?fit=640%2C480\" data-orig-size=\"640,480\" data-comments-opened=\"0\" data-image-meta=\"{&quot;aperture&quot;:&quot;2.2&quot;,&quot;credit&quot;:&quot;&quot;,&quot;camera&quot;:&quot;iPhone 6&quot;,&quot;caption&quot;:&quot;&quot;,&quot;created_timestamp&quot;:&quot;1496073614&quot;,&quot;copyright&quot;:&quot;&quot;,&quot;focal_length&quot;:&quot;4.15&quot;,&quot;iso&quot;:&quot;125&quot;,&quot;shutter_speed&quot;:&quot;0.0333333333333&quot;,&quot;title&quot;:&quot;&quot;,&quot;orientation&quot;:&quot;1&quot;}\" data-image-title=\"IMG_8186\" data-image-description=\"\" data-image-caption=\"\" data-medium-file=\"https:\/\/i0.wp.com\/blogdalucianaoliveira.com.br\/blog\/wp-content\/uploads\/2017\/05\/IMG_8186.jpg?fit=300%2C225\" data-large-file=\"https:\/\/i0.wp.com\/blogdalucianaoliveira.com.br\/blog\/wp-content\/uploads\/2017\/05\/IMG_8186.jpg?fit=600%2C450\" src=\"https:\/\/i0.wp.com\/blogdalucianaoliveira.com.br\/blog\/wp-content\/uploads\/2017\/05\/IMG_8186.jpg?resize=600%2C450\" alt=\"IMG_8186\" width=\"600\" height=\"450\" class=\"alignnone size-full wp-image-11088\" srcset=\"https:\/\/i0.wp.com\/blogdalucianaoliveira.com.br\/blog\/wp-content\/uploads\/2017\/05\/IMG_8186.jpg?w=640 640w, https:\/\/i0.wp.com\/blogdalucianaoliveira.com.br\/blog\/wp-content\/uploads\/2017\/05\/IMG_8186.jpg?resize=300%2C225 300w, https:\/\/i0.wp.com\/blogdalucianaoliveira.com.br\/blog\/wp-content\/uploads\/2017\/05\/IMG_8186.jpg?resize=400%2C300 400w\" sizes=\"auto, (max-width: 600px) 100vw, 600px\" \/><\/p>\n<p><img data-recalc-dims=\"1\" loading=\"lazy\" decoding=\"async\" data-attachment-id=\"11089\" data-permalink=\"http:\/\/blogdalucianaoliveira.com.br\/blog\/2017\/05\/29\/liderancas-indigenas-recebem-mocao-de-aplauso-na-camara-de-vereadores\/img_8192\/\" data-orig-file=\"https:\/\/i0.wp.com\/blogdalucianaoliveira.com.br\/blog\/wp-content\/uploads\/2017\/05\/IMG_8192.jpg?fit=640%2C480\" data-orig-size=\"640,480\" data-comments-opened=\"0\" data-image-meta=\"{&quot;aperture&quot;:&quot;2.2&quot;,&quot;credit&quot;:&quot;&quot;,&quot;camera&quot;:&quot;iPhone 6&quot;,&quot;caption&quot;:&quot;&quot;,&quot;created_timestamp&quot;:&quot;1496073679&quot;,&quot;copyright&quot;:&quot;&quot;,&quot;focal_length&quot;:&quot;4.15&quot;,&quot;iso&quot;:&quot;125&quot;,&quot;shutter_speed&quot;:&quot;0.0333333333333&quot;,&quot;title&quot;:&quot;&quot;,&quot;orientation&quot;:&quot;1&quot;}\" data-image-title=\"IMG_8192\" data-image-description=\"\" data-image-caption=\"\" data-medium-file=\"https:\/\/i0.wp.com\/blogdalucianaoliveira.com.br\/blog\/wp-content\/uploads\/2017\/05\/IMG_8192.jpg?fit=300%2C225\" data-large-file=\"https:\/\/i0.wp.com\/blogdalucianaoliveira.com.br\/blog\/wp-content\/uploads\/2017\/05\/IMG_8192.jpg?fit=600%2C450\" src=\"https:\/\/i0.wp.com\/blogdalucianaoliveira.com.br\/blog\/wp-content\/uploads\/2017\/05\/IMG_8192.jpg?resize=600%2C450\" alt=\"IMG_8192\" width=\"600\" height=\"450\" class=\"alignnone size-full wp-image-11089\" srcset=\"https:\/\/i0.wp.com\/blogdalucianaoliveira.com.br\/blog\/wp-content\/uploads\/2017\/05\/IMG_8192.jpg?w=640 640w, https:\/\/i0.wp.com\/blogdalucianaoliveira.com.br\/blog\/wp-content\/uploads\/2017\/05\/IMG_8192.jpg?resize=300%2C225 300w, https:\/\/i0.wp.com\/blogdalucianaoliveira.com.br\/blog\/wp-content\/uploads\/2017\/05\/IMG_8192.jpg?resize=400%2C300 400w\" sizes=\"auto, (max-width: 600px) 100vw, 600px\" \/><\/p>\n<p>A sess\u00e3o foi prestigiada por todos os vereadores em alus\u00e3o ao Dia do \u00cdndio, comemorado dia 19 de abril, justamente para lembrar que todo dia \u00e9 dia de \u00edndio.<\/p>\n<p>Aleks Palitot lembrou dos \u00edndios dizimados durante a constru\u00e7\u00e3o da lend\u00e1ria Estrada de Ferro Madeira Mamor\u00e9. \u201cOs povos origin\u00e1rios s\u00e3o nossa pr\u00f3pria identidade. Quem almeja liberdade, protege sua identidade\u201d.<\/p>\n<p>Adriano Karipuna falou da resist\u00eancia dos povos da floresta e fez um apelo: \u201cTirem esse olhar opressor sobre os povos ind\u00edgenas. Somos vistos equivocadamente por pessoas que n\u00e3o conhecem a nossa realidade\u201d. <\/p>\n<p>E foi de abandono que Reginaldo Trindade falou em seu discurso. <\/p>\n<p>Confira o discruso:<\/p>\n<p>517 Anos <\/p>\n<p>Por Reginaldo Trindade<\/p>\n<p>Em mais de meio mil\u00eanio de genoc\u00eddio nesta continental terra, provavelmente, ao menos em \u00e9pocas democr\u00e1ticas, jamais nossos parentes estiveram em situa\u00e7\u00e3o t\u00e3o desalentadora.<br \/>\nA Funai, desprestigiada e militarizada; um parlamento \u201cagro-servo-pastoril\u201d; um deputado, tachado, pela Austr\u00e1lia, como o pol\u00edtico mais abomin\u00e1vel do mundo, cuja plataforma de campanha presidencial em 2018 envolve inclusive acabar com todas as terras ind\u00edgenas; s\u00e3o apenas alguns dos desafios e assombros que se agigantam no horizonte desses tempos de tamanha prova\u00e7\u00e3o.<br \/>\nEm meio a tanta desesperan\u00e7a, de louvar, e muito, a atitude desta Casa de Leis em homenagear tr\u00eas lideran\u00e7as ind\u00edgenas. Considero-me apenas um homem entre gigantes. Que a for\u00e7a e a f\u00e9 de Almir Suru\u00ed, Adriano Karipuna e Val Karitiana continue a nos inspirar para sempre&#8230;<br \/>\nO pa\u00eds encontra-se em situa\u00e7\u00e3o amargamente lim\u00edtrofe, n\u00e3o apenas para nossas sofridas comunidades tradicionais. Todos n\u00f3s temos a obriga\u00e7\u00e3o de tentar salvar a p\u00e1tria amada do lama\u00e7al sem fim em que se afunda a cada dia por conta da desmesurada gan\u00e2ncia humana. Como faremos isso? Educa\u00e7\u00e3o, trabalho, honestidade, exemplo para nossos filhos; a receita comporta muitos ingredientes.<br \/>\nAs \u00e9pocas mais dif\u00edceis s\u00e3o as que mais exigem do homem de bem. Trabalhar com nossos irm\u00e3os ind\u00edgenas  ensinou que o verdadeiro guerreiro \u00e9 o que jamais se deixa vergar. Quanto mais acuado for, mais inspira\u00e7\u00e3o ter\u00e1!<br \/>\nQue seja assim, ent\u00e3o! Que a dificuldade da batalha, por maior que seja, jamais nos permita esmorecer! Que todos se conscientizem que as ondas tamb\u00e9m s\u00e3o naveg\u00e1veis; que nenhuma montanha \u00e9 alta o suficiente e que, acima de tudo, as tempestades s\u00e3o sempre sucedidas de radiante sol! Que o homem jamais desista de se encantar com a for\u00e7a de um aplauso, nem com a beleza de um sorriso!<br \/>\nA nos orientar na caminhada, a convic\u00e7\u00e3o de que o ser humano pode sempre passar dos limites. Com honestidade de princ\u00edpios, prop\u00f3sitos e, sobretudo, de condutas; roguemos ao Alt\u00edssimo que nossos discursos sempre guardem a mais estrita correspond\u00eancia com nossas a\u00e7\u00f5es.<br \/>\nN\u00e3o deve sequer passar pela cabe\u00e7a do Professor Aleks Palitot a imensa honraria de seu pequeno, mas hist\u00f3rico gesto, al\u00e7ando-nos ao mesmo pante\u00e3o de lideran\u00e7as ind\u00edgenas t\u00e3o reconhecidas em Rond\u00f4nia, no pa\u00eds e mesmo internacionalmente. Hist\u00f3rico! Que adjetivo poderia ser mais simb\u00f3lico para traduzir a incessante busca de Vossa Excel\u00eancia por fazer o bem?<br \/>\nSeguiremos com o nosso herc\u00faleo trabalho em defesa do Povo Cinta Larga, para o qual todos aqui podem ajudar, bastando que queiram. A consci\u00eancia tranquila do dever cumprido ser\u00e1 a maior, quem sabe a \u00fanica, recompensa almejada.<br \/>\nAprendemos com Arist\u00f3teles, que a grandeza n\u00e3o consiste em receber honras, mas em merec\u00ea-las e, com o Grande C\u00edcero, que a gratid\u00e3o \u00e9 o maior dos deveres. Ao tempo em que agradecemos, de cora\u00e7\u00e3o, a todos, declaramos solenemente que continuaremos, at\u00e9 o fim de nossos dias, envidando os esfor\u00e7os poss\u00edveis para sempre continuarmos merecedores.<\/p>\n","protected":false},"excerpt":{"rendered":"<p>A propositura foi do vereador Aleks Palitot que se destaca com um gesto que simboliza voz no parlamento em defesa dos povos tradicionais.<\/p>\n","protected":false},"author":1,"featured_media":0,"comment_status":"closed","ping_status":"open","sticky":false,"template":"","format":"standard","meta":{"_exactmetrics_skip_tracking":false,"_exactmetrics_sitenote_active":false,"_exactmetrics_sitenote_note":"","_exactmetrics_sitenote_category":0,"jetpack_post_was_ever_published":false,"_jetpack_newsletter_access":"","_jetpack_dont_email_post_to_subs":false,"_jetpack_newsletter_tier_id":0,"_jetpack_memberships_contains_paywalled_content":false,"_jetpack_memberships_contains_paid_content":false,"footnotes":"","jetpack_publicize_message":"","jetpack_publicize_feature_enabled":true,"jetpack_social_post_already_shared":true,"jetpack_social_options":{"image_generator_settings":{"template":"highway","enabled":false},"version":2}},"categories":[1],"tags":[],"class_list":["post-11084","post","type-post","status-publish","format-standard","hentry","category-notas"],"jetpack_publicize_connections":[],"jetpack_sharing_enabled":true,"jetpack_featured_media_url":"","jetpack_shortlink":"https:\/\/wp.me\/p7wKYW-2SM","jetpack-related-posts":[],"_links":{"self":[{"href":"http:\/\/blogdalucianaoliveira.com.br\/blog\/wp-json\/wp\/v2\/posts\/11084","targetHints":{"allow":["GET"]}}],"collection":[{"href":"http:\/\/blogdalucianaoliveira.com.br\/blog\/wp-json\/wp\/v2\/posts"}],"about":[{"href":"http:\/\/blogdalucianaoliveira.com.br\/blog\/wp-json\/wp\/v2\/types\/post"}],"author":[{"embeddable":true,"href":"http:\/\/blogdalucianaoliveira.com.br\/blog\/wp-json\/wp\/v2\/users\/1"}],"replies":[{"embeddable":true,"href":"http:\/\/blogdalucianaoliveira.com.br\/blog\/wp-json\/wp\/v2\/comments?post=11084"}],"version-history":[{"count":4,"href":"http:\/\/blogdalucianaoliveira.com.br\/blog\/wp-json\/wp\/v2\/posts\/11084\/revisions"}],"predecessor-version":[{"id":11093,"href":"http:\/\/blogdalucianaoliveira.com.br\/blog\/wp-json\/wp\/v2\/posts\/11084\/revisions\/11093"}],"wp:attachment":[{"href":"http:\/\/blogdalucianaoliveira.com.br\/blog\/wp-json\/wp\/v2\/media?parent=11084"}],"wp:term":[{"taxonomy":"category","embeddable":true,"href":"http:\/\/blogdalucianaoliveira.com.br\/blog\/wp-json\/wp\/v2\/categories?post=11084"},{"taxonomy":"post_tag","embeddable":true,"href":"http:\/\/blogdalucianaoliveira.com.br\/blog\/wp-json\/wp\/v2\/tags?post=11084"}],"curies":[{"name":"wp","href":"https:\/\/api.w.org\/{rel}","templated":true}]}}