{"id":11094,"date":"2017-05-29T17:50:14","date_gmt":"2017-05-29T21:50:14","guid":{"rendered":"http:\/\/blogdalucianaoliveira.com.br\/blog\/?p=11094"},"modified":"2017-05-29T17:50:14","modified_gmt":"2017-05-29T21:50:14","slug":"brasil-precisa-de-maos-limpas-diz-financial-times-sobre-temer","status":"publish","type":"post","link":"http:\/\/blogdalucianaoliveira.com.br\/blog\/2017\/05\/29\/brasil-precisa-de-maos-limpas-diz-financial-times-sobre-temer\/","title":{"rendered":"BRASIL PRECISA DE &#8216;M\u00c3OS LIMPAS&#8217;, DIZ FINANCIAL TIMES SOBRE TEMER"},"content":{"rendered":"<p><img data-recalc-dims=\"1\" loading=\"lazy\" decoding=\"async\" data-attachment-id=\"11095\" data-permalink=\"http:\/\/blogdalucianaoliveira.com.br\/blog\/2017\/05\/29\/brasil-precisa-de-maos-limpas-diz-financial-times-sobre-temer\/fin\/\" data-orig-file=\"https:\/\/i0.wp.com\/blogdalucianaoliveira.com.br\/blog\/wp-content\/uploads\/2017\/05\/fin.jpg?fit=1000%2C357\" data-orig-size=\"1000,357\" data-comments-opened=\"0\" data-image-meta=\"{&quot;aperture&quot;:&quot;0&quot;,&quot;credit&quot;:&quot;&quot;,&quot;camera&quot;:&quot;&quot;,&quot;caption&quot;:&quot;&quot;,&quot;created_timestamp&quot;:&quot;0&quot;,&quot;copyright&quot;:&quot;&quot;,&quot;focal_length&quot;:&quot;0&quot;,&quot;iso&quot;:&quot;0&quot;,&quot;shutter_speed&quot;:&quot;0&quot;,&quot;title&quot;:&quot;&quot;,&quot;orientation&quot;:&quot;0&quot;}\" data-image-title=\"fin\" data-image-description=\"\" data-image-caption=\"\" data-medium-file=\"https:\/\/i0.wp.com\/blogdalucianaoliveira.com.br\/blog\/wp-content\/uploads\/2017\/05\/fin.jpg?fit=300%2C107\" data-large-file=\"https:\/\/i0.wp.com\/blogdalucianaoliveira.com.br\/blog\/wp-content\/uploads\/2017\/05\/fin.jpg?fit=600%2C214\" src=\"https:\/\/i0.wp.com\/blogdalucianaoliveira.com.br\/blog\/wp-content\/uploads\/2017\/05\/fin.jpg?resize=600%2C214\" alt=\"fin\" width=\"600\" height=\"214\" class=\"alignnone size-full wp-image-11095\" srcset=\"https:\/\/i0.wp.com\/blogdalucianaoliveira.com.br\/blog\/wp-content\/uploads\/2017\/05\/fin.jpg?w=1000 1000w, https:\/\/i0.wp.com\/blogdalucianaoliveira.com.br\/blog\/wp-content\/uploads\/2017\/05\/fin.jpg?resize=300%2C107 300w, https:\/\/i0.wp.com\/blogdalucianaoliveira.com.br\/blog\/wp-content\/uploads\/2017\/05\/fin.jpg?resize=768%2C274 768w, https:\/\/i0.wp.com\/blogdalucianaoliveira.com.br\/blog\/wp-content\/uploads\/2017\/05\/fin.jpg?resize=800%2C286 800w\" sizes=\"auto, (max-width: 600px) 100vw, 600px\" \/><\/p>\n<p>247 &#8211; A m\u00eddia internacional segue testemunhando a derrocada de Michel Temer. Nesta segunda-feira, 29, o jornal brit\u00e2nico Financial Times publicou editorial em defende uma &#8220;mudan\u00e7a r\u00e1pida&#8221; no comando do Pa\u00eds, um ano ap\u00f3s o golpe parlamentar que retirou a presidente Dilma Rousseff. <!--more--><\/p>\n<p>O  jornal avalia que, embora inconclusivas, as den\u00fancias de corrup\u00e7\u00e3o que pesam contra Temer est\u00e3o retirando sua capacidade de governar o pa\u00eds, com perda de apoio no Congresso e crescente press\u00e3o popular para sua sa\u00edda. &#8220;O expurgo de pol\u00edticos corruptos, de todo o espectro ideol\u00f3gico, \u00e9 necess\u00e1rio. E os esc\u00e2ndalos abalaram a reputa\u00e7\u00e3o de todos os pol\u00edticos. A percep\u00e7\u00e3o popular \u00e9 a de uma elite mais interessada em escapar da cadeia do que em governar. \u00c9 uma estrada perigosa que pode abrir caminho a oportunistas e populistas em 2018&#8221;, diz o FT. <\/p>\n<p>O influente di\u00e1rio brit\u00e2nico reforma a necessidade de uma reforma pol\u00edtica e a manuten\u00e7\u00e3o da trajet\u00f3ria das reformas da Previd\u00eancia e trabalhista, \u201cbandeiras\u201d do atual governo e recomenda: \u201cquem quer que seja\u201d que assuma o governo, ter\u00e1 de abra\u00e7ar as reformas. Leia abaixo o editorial do Financial Times na \u00edntegra.<\/p>\n<p>Nos Estados Unidos, o jornal Washington Post aponta em editorial que a elite pol\u00edtica brasileira est\u00e1 sendo &#8220;comida viva&#8221; pela corrup\u00e7\u00e3o. Jornal diz que Temer agora est\u00e1 no centro da quest\u00e3o e que sua manuten\u00e7\u00e3o no cargo depende menos das evid\u00eancias contra ele e mais da vontade dos pol\u00edticos no Congresso e da Justi\u00e7a.<\/p>\n<p>O editorial aponta que, independente de quem seja o presidente, o Brasil ter\u00e1 um governo com legitimidade duvidosa at\u00e9 as pr\u00f3ximas elei\u00e7\u00f5es. A melhor sa\u00edda para o pa\u00eds, defende o editorial, seria os partidos do centro trabalharem com quem quer que esteja no comando do governo para dar seguimento a aprova\u00e7\u00e3o das reformas, que s\u00e3o essenciais para retomada do crescimento.<\/p>\n<p> Leia abaixo o editorial do Financial Times:<br \/>\n&#8220;M\u00e3os pol\u00edticas limpas s\u00e3o necess\u00e1rias para reformar o Brasil<\/p>\n<p>Quando o Congresso brasileiro votou pelo impeachment da ent\u00e3o presidente Dilma Rousseff, no ano passado, os investidores acataram uma tese. As pol\u00edticas populistas adotadas por ela haviam solapado a economia. A infla\u00e7\u00e3o estava em alta, assim como o desemprego; a d\u00edvida nacional estava crescendo, e a moeda n\u00e3o parava de cair. Remover Rousseff restauraria a confian\u00e7a, reverteria a recess\u00e3o que j\u00e1 durava dois anos e poria fim a uma longa baixa nos mercados. E os acontecimentos subsequentes provaram que a tese procedia &#8211; at\u00e9 este m\u00eas, quando o substituto de Rousseff, o presidente Michel Temer, se viu engolfado em um esc\u00e2ndalo depois de ter gravada uma conversa na qual supostamente aprovava propinas.<\/p>\n<p>Ningu\u00e9m acreditava que Temer, 76, fosse santo. Antes mesmo de assumir, ele era visto como um operador de bastidores, maculado pela vasta investiga\u00e7\u00e3o de corrup\u00e7\u00e3o da Opera\u00e7\u00e3o Lava Jato. No in\u00edcio de sua presid\u00eancia, tr\u00eas ministros foram for\u00e7ados a renunciar. Ainda assim, mesmo que seu governo fosse n\u00e3o menos corrupto que o de Rousseff, era mais competente e desfrutava de apoio no Congresso. A ortodoxia econ\u00f4mica come\u00e7ou a retornar. Reformas dif\u00edceis mas necess\u00e1rias nas leis trabalhistas, aposentadorias e previd\u00eancia social estavam avan\u00e7ando no Congresso. A infla\u00e7\u00e3o caiu, permitindo que o Banco Central cortasse as taxas de juros. A despeito dos baixos \u00edndices de aprova\u00e7\u00e3o a Temer, a confian\u00e7a dos empres\u00e1rios estava em alta. Agora, a possibilidade real de que Temer tamb\u00e9m seja for\u00e7ado a deixar o posto colocou a tese inteira em d\u00favida.<\/p>\n<p>Temer proclamou sua inoc\u00eancia. As provas contra ele n\u00e3o s\u00e3o conclusivas. Sua posi\u00e7\u00e3o \u00e9 melhor que a de Rousseff um ano atr\u00e1s. A elite pol\u00edtica e econ\u00f4mica que sustentou a recupera\u00e7\u00e3o depende de suas reformas. Sua coaliz\u00e3o est\u00e1 se desfazendo mas ainda n\u00e3o entrou em colapso; um motivo \u00e9 que n\u00e3o h\u00e1 substituto claro para Temer. Rousseff pelo menos tinha um vice-presidente \u00e1vido por ocupar seu lugar.<\/p>\n<p>Mesmo assim, Temer est\u00e1 perdendo apoio rapidamente &#8211; no Congresso, nas ruas e talvez no Judici\u00e1rio. O &#8220;Temergate&#8221; travou suas reformas. O jornal &#8220;O Globo&#8221;, que revelou o esc\u00e2ndalo, o definiu como &#8220;descart\u00e1vel&#8221;. Que ele continue na presid\u00eancia pode se provar mais causa do que solu\u00e7\u00e3o para a crise.<\/p>\n<p>Pode ser que at\u00e9 Temer encare a situa\u00e7\u00e3o do mesmo jeito. H\u00e1 informa\u00e7\u00f5es de que ele estaria em busca de um perd\u00e3o, como o que Richard Nixon negociou com Gerald Ford, antes de renunciar. Outra alternativa \u00e9 que Temer perca o posto caso o Tribunal Superior Eleitoral decida no m\u00eas que vem que, em companhia de Rousseff, ele aceitou contribui\u00e7\u00f5es ilegais para a campanha da chapa presidencial dos dois em 2014. Qualquer dos dois percursos envolveria a substitui\u00e7\u00e3o de Temer por um presidente interino eleito pelo Congresso. O Brasil ent\u00e3o cambalearia at\u00e9 as elei\u00e7\u00f5es presidenciais marcadas para 2018.<\/p>\n<p>Dois presidentes derrubados em dois anos seria not\u00e1vel. Mas os mercados est\u00e3o se segurando. Depois de uma onda inicial de vendas, a calma retornou. Na segunda-feira passada, a estatal brasileira de energia Petrobras emitiu US$ 4 bilh\u00f5es em t\u00edtulos, com a mais baixa taxa m\u00e9dia oferecida pela empresa em quatro anos. O mercado de a\u00e7\u00f5es se estabilizou, assim como a moeda. O c\u00e1lculo dos investidores \u00e9 que quem quer que substitua Temer &#8220;n\u00e3o ter\u00e1 escolha&#8221; a n\u00e3o ser continuar com as reformas. Quanto mais cedo ele cair, melhor.<\/p>\n<p>Essa pode ser uma vis\u00e3o otimista. O Brasil n\u00e3o est\u00e1 diante de uma crise financeira iminente. O investimento estrangeiro, exemplificado pela oferta da Glencore para a aquisi\u00e7\u00e3o da trading de commodities Bunge, que tem forte presen\u00e7a no Brasil, continua a entrar em volume elevado. Mesmo assim, a probabilidade de uma recess\u00e3o de duplo mergulho cresceu. Politicamente, o futuro est\u00e1 em aberto. O expurgo de pol\u00edticos corruptos, de todo o espectro ideol\u00f3gico, \u00e9 necess\u00e1rio. E os esc\u00e2ndalos abalaram a reputa\u00e7\u00e3o de todos os pol\u00edticos. A percep\u00e7\u00e3o popular \u00e9 a de uma elite mais interessada em escapar da cadeia do que em governar. \u00c9 uma estrada perigosa que pode abrir caminho a oportunistas e populistas em 2018. Qualquer calma no mercado pode ser apenas tempor\u00e1ria.&#8221;<\/p>\n","protected":false},"excerpt":{"rendered":"<p>247 &#8211; A m\u00eddia internacional segue testemunhando a derrocada de Michel Temer. Nesta segunda-feira, 29, o jornal brit\u00e2nico Financial Times publicou editorial em defende uma &#8220;mudan\u00e7a r\u00e1pida&#8221; no comando do Pa\u00eds, um ano ap\u00f3s o golpe parlamentar que retirou a presidente Dilma Rousseff.<\/p>\n","protected":false},"author":1,"featured_media":0,"comment_status":"closed","ping_status":"open","sticky":false,"template":"","format":"standard","meta":{"_exactmetrics_skip_tracking":false,"_exactmetrics_sitenote_active":false,"_exactmetrics_sitenote_note":"","_exactmetrics_sitenote_category":0,"jetpack_post_was_ever_published":false,"_jetpack_newsletter_access":"","_jetpack_dont_email_post_to_subs":false,"_jetpack_newsletter_tier_id":0,"_jetpack_memberships_contains_paywalled_content":false,"_jetpack_memberships_contains_paid_content":false,"footnotes":"","jetpack_publicize_message":"","jetpack_publicize_feature_enabled":true,"jetpack_social_post_already_shared":true,"jetpack_social_options":{"image_generator_settings":{"template":"highway","enabled":false},"version":2}},"categories":[1],"tags":[],"class_list":["post-11094","post","type-post","status-publish","format-standard","hentry","category-notas"],"jetpack_publicize_connections":[],"jetpack_sharing_enabled":true,"jetpack_featured_media_url":"","jetpack_shortlink":"https:\/\/wp.me\/p7wKYW-2SW","jetpack-related-posts":[],"_links":{"self":[{"href":"http:\/\/blogdalucianaoliveira.com.br\/blog\/wp-json\/wp\/v2\/posts\/11094","targetHints":{"allow":["GET"]}}],"collection":[{"href":"http:\/\/blogdalucianaoliveira.com.br\/blog\/wp-json\/wp\/v2\/posts"}],"about":[{"href":"http:\/\/blogdalucianaoliveira.com.br\/blog\/wp-json\/wp\/v2\/types\/post"}],"author":[{"embeddable":true,"href":"http:\/\/blogdalucianaoliveira.com.br\/blog\/wp-json\/wp\/v2\/users\/1"}],"replies":[{"embeddable":true,"href":"http:\/\/blogdalucianaoliveira.com.br\/blog\/wp-json\/wp\/v2\/comments?post=11094"}],"version-history":[{"count":1,"href":"http:\/\/blogdalucianaoliveira.com.br\/blog\/wp-json\/wp\/v2\/posts\/11094\/revisions"}],"predecessor-version":[{"id":11096,"href":"http:\/\/blogdalucianaoliveira.com.br\/blog\/wp-json\/wp\/v2\/posts\/11094\/revisions\/11096"}],"wp:attachment":[{"href":"http:\/\/blogdalucianaoliveira.com.br\/blog\/wp-json\/wp\/v2\/media?parent=11094"}],"wp:term":[{"taxonomy":"category","embeddable":true,"href":"http:\/\/blogdalucianaoliveira.com.br\/blog\/wp-json\/wp\/v2\/categories?post=11094"},{"taxonomy":"post_tag","embeddable":true,"href":"http:\/\/blogdalucianaoliveira.com.br\/blog\/wp-json\/wp\/v2\/tags?post=11094"}],"curies":[{"name":"wp","href":"https:\/\/api.w.org\/{rel}","templated":true}]}}