{"id":11097,"date":"2017-05-29T17:56:36","date_gmt":"2017-05-29T21:56:36","guid":{"rendered":"http:\/\/blogdalucianaoliveira.com.br\/blog\/?p=11097"},"modified":"2017-05-29T17:57:05","modified_gmt":"2017-05-29T21:57:05","slug":"direta-nao-existe-ponto-o-desprezo-do-psdb-pela-democracia-so-nao-e-maior-que-o-medo-de-lula","status":"publish","type":"post","link":"http:\/\/blogdalucianaoliveira.com.br\/blog\/2017\/05\/29\/direta-nao-existe-ponto-o-desprezo-do-psdb-pela-democracia-so-nao-e-maior-que-o-medo-de-lula\/","title":{"rendered":"\u201cDireta n\u00e3o existe, ponto\u201d: o desprezo do PSDB pela democracia s\u00f3 n\u00e3o \u00e9 maior que o medo de Lula"},"content":{"rendered":"<p><img data-recalc-dims=\"1\" loading=\"lazy\" decoding=\"async\" data-attachment-id=\"11073\" data-permalink=\"http:\/\/blogdalucianaoliveira.com.br\/blog\/2017\/05\/28\/sob-chuva-milhares-pedem-diretas-ja-no-rio\/img_8134\/\" data-orig-file=\"https:\/\/i0.wp.com\/blogdalucianaoliveira.com.br\/blog\/wp-content\/uploads\/2017\/05\/IMG_8134.jpg?fit=960%2C641\" data-orig-size=\"960,641\" data-comments-opened=\"0\" data-image-meta=\"{&quot;aperture&quot;:&quot;0&quot;,&quot;credit&quot;:&quot;&quot;,&quot;camera&quot;:&quot;&quot;,&quot;caption&quot;:&quot;&quot;,&quot;created_timestamp&quot;:&quot;0&quot;,&quot;copyright&quot;:&quot;&quot;,&quot;focal_length&quot;:&quot;0&quot;,&quot;iso&quot;:&quot;0&quot;,&quot;shutter_speed&quot;:&quot;0&quot;,&quot;title&quot;:&quot;&quot;,&quot;orientation&quot;:&quot;1&quot;}\" data-image-title=\"IMG_8134\" data-image-description=\"\" data-image-caption=\"\" data-medium-file=\"https:\/\/i0.wp.com\/blogdalucianaoliveira.com.br\/blog\/wp-content\/uploads\/2017\/05\/IMG_8134.jpg?fit=300%2C200\" data-large-file=\"https:\/\/i0.wp.com\/blogdalucianaoliveira.com.br\/blog\/wp-content\/uploads\/2017\/05\/IMG_8134.jpg?fit=600%2C401\" src=\"https:\/\/i0.wp.com\/blogdalucianaoliveira.com.br\/blog\/wp-content\/uploads\/2017\/05\/IMG_8134.jpg?resize=600%2C401\" alt=\"IMG_8134\" width=\"600\" height=\"401\" class=\"alignnone size-full wp-image-11073\" srcset=\"https:\/\/i0.wp.com\/blogdalucianaoliveira.com.br\/blog\/wp-content\/uploads\/2017\/05\/IMG_8134.jpg?w=960 960w, https:\/\/i0.wp.com\/blogdalucianaoliveira.com.br\/blog\/wp-content\/uploads\/2017\/05\/IMG_8134.jpg?resize=300%2C200 300w, https:\/\/i0.wp.com\/blogdalucianaoliveira.com.br\/blog\/wp-content\/uploads\/2017\/05\/IMG_8134.jpg?resize=768%2C513 768w, https:\/\/i0.wp.com\/blogdalucianaoliveira.com.br\/blog\/wp-content\/uploads\/2017\/05\/IMG_8134.jpg?resize=449%2C300 449w\" sizes=\"auto, (max-width: 600px) 100vw, 600px\" \/><\/p>\n<p>No DCM<br \/>\nPor Kiko Nogueira<\/p>\n<p>A coxinhada que andava submersa desde o desastre do governo Temer ressurgiu com o mantra segundo o qual elei\u00e7\u00f5es diretas s\u00e3o golpe.<!--more--><\/p>\n<p>De Jana\u00edna Paschoal a Rachel Sheherazade, passando por Danilo Gentili e outros, indigentes da extrema direita revelam seu \u00f3dio pelo voto, seu desprezo pela democracia.<\/p>\n<p>O medo de Lula ajudou a tirar do arm\u00e1rio a faceta fascistoide de quem denunciava a \u201cditadura bolivariana\u201d.<\/p>\n<p>Repetem a posi\u00e7\u00e3o do PSDB, que \u00e9 quem governa de fato o Brasil desde que o ex-vice decorativo ascendeu. <\/p>\n<p>O acordo, fica cada vez mais claro, era deixar Temer e sua corja roubar enquanto A\u00e9cio Neves dava as cartas.<\/p>\n<p>O ministro da Justi\u00e7a Osmar Serraglio, que ele chamou de \u201cbosta de um caralho\u201d na conversa com Joesley Batista, j\u00e1 foi trocado pelo da Transpar\u00eancia.<\/p>\n<p>A voca\u00e7\u00e3o antipopular tucana est\u00e1 patente na entrevista de Alberto Goldman, vice presidente do partido, para a BBC Brasil. <\/p>\n<p>\u201cO que n\u00f3s queremos \u00e9 que a Constitui\u00e7\u00e3o continue funcionando\u201d, diz Goldman, pr\u00f3cer de um bando que jogou no lixo o pleito presidencial de 2014.<\/p>\n<p>O entrevistador pergunta se as diretas poderiam gerar mais instabilidade. Goldman retorque autocr\u00e1tico: \u201cEu n\u00e3o vou discutir isso. A elei\u00e7\u00e3o direta n\u00e3o existe, ponto\u201d. N\u00e3o se pode mexer na cl\u00e1usulas p\u00e9treas, segundo ele. Ponto.<\/p>\n<p>O interlocutor insiste. \u201cMas eu j\u00e1 falei para voc\u00ea que a elei\u00e7\u00e3o direta n\u00e3o existe, ponto.\u201d<\/p>\n<p>Ponto onde, cara p\u00e1lida? Em que momento essa meia d\u00fazia de velhos (n\u00e3o apenas cronol\u00f3gicos) achou que poderia decidir o destino de um pa\u00eds batendo o p\u00e9? Esses trastes mimados nos jogaram num p\u00e2ntano e se recusam a largar o osso.<\/p>\n<p>O argumento \u00e9 falacioso. O consultor legislativo do Senado Renato Monteiro de Rezende \u00e9 autor de um estudo sobre constitucionalidade da PEC das Diretas do senador Reguffe (sem partido-DF).<\/p>\n<p>Segundo Rezende, a proposta n\u00e3o se enquadra no artigo 60 da Carta, que define quatro dispositivos que n\u00e3o podem ser abolidos por uma PEC: forma federativa de Estado; voto direto, secreto, universal e peri\u00f3dico; separa\u00e7\u00e3o dos poderes e direitos e garantias individuais.<\/p>\n<p>Tamb\u00e9m n\u00e3o viola o artigo 16, que pro\u00edbe altera\u00e7\u00e3o do processo eleitoral no per\u00edodo inferior a um ano antes do pleito. <\/p>\n<p>\u201cN\u00e3o existe preju\u00edzo para candidaturas e para partidos. Pelo contr\u00e1rio, existe apenas uma amplia\u00e7\u00e3o do direito de voto\u201d, afirma.<\/p>\n<p>Gilmar Mendes, de volta das catacumbas, falou que o Brasil se tornou as Organiza\u00e7\u00f5es Tabajara. Est\u00e1 certo Gilmar. Pena n\u00e3o ter feito uma autocr\u00edtica de seu papel nessa metamorfose.<\/p>\n<p>A \u00fanica maneira de sairmos desse buraco \u00e9 atrav\u00e9s de elei\u00e7\u00f5es diretas. Ningu\u00e9m em boa f\u00e9 e s\u00e3 consci\u00eancia acredita que uma na\u00e7\u00e3o convulsa ter\u00e1 paz com a mesma turma de velhacos tocando reformas, a\u00ed sim, inconstitucionais.<\/p>\n<p>O pr\u00f3prio FHC declarou em dezembro, antes de mudar de ideia, que, se Temer cair, \u201co Congresso ter\u00e1 de convocar elei\u00e7\u00f5es diretas. Porque \u00e9 dif\u00edcil governar nessa situa\u00e7\u00e3o de escolha indireta pelo Congresso\u201d.<\/p>\n<p>Ponto. <\/p>\n","protected":false},"excerpt":{"rendered":"<p>No DCM Por Kiko Nogueira A coxinhada que andava submersa desde o desastre do governo Temer ressurgiu com o mantra segundo o qual elei\u00e7\u00f5es diretas s\u00e3o golpe.<\/p>\n","protected":false},"author":1,"featured_media":0,"comment_status":"closed","ping_status":"open","sticky":false,"template":"","format":"standard","meta":{"_exactmetrics_skip_tracking":false,"_exactmetrics_sitenote_active":false,"_exactmetrics_sitenote_note":"","_exactmetrics_sitenote_category":0,"jetpack_post_was_ever_published":false,"_jetpack_newsletter_access":"","_jetpack_dont_email_post_to_subs":false,"_jetpack_newsletter_tier_id":0,"_jetpack_memberships_contains_paywalled_content":false,"_jetpack_memberships_contains_paid_content":false,"footnotes":"","jetpack_publicize_message":"","jetpack_publicize_feature_enabled":true,"jetpack_social_post_already_shared":true,"jetpack_social_options":{"image_generator_settings":{"template":"highway","enabled":false},"version":2}},"categories":[1],"tags":[],"class_list":["post-11097","post","type-post","status-publish","format-standard","hentry","category-notas"],"jetpack_publicize_connections":[],"jetpack_sharing_enabled":true,"jetpack_featured_media_url":"","jetpack_shortlink":"https:\/\/wp.me\/p7wKYW-2SZ","jetpack-related-posts":[],"_links":{"self":[{"href":"http:\/\/blogdalucianaoliveira.com.br\/blog\/wp-json\/wp\/v2\/posts\/11097","targetHints":{"allow":["GET"]}}],"collection":[{"href":"http:\/\/blogdalucianaoliveira.com.br\/blog\/wp-json\/wp\/v2\/posts"}],"about":[{"href":"http:\/\/blogdalucianaoliveira.com.br\/blog\/wp-json\/wp\/v2\/types\/post"}],"author":[{"embeddable":true,"href":"http:\/\/blogdalucianaoliveira.com.br\/blog\/wp-json\/wp\/v2\/users\/1"}],"replies":[{"embeddable":true,"href":"http:\/\/blogdalucianaoliveira.com.br\/blog\/wp-json\/wp\/v2\/comments?post=11097"}],"version-history":[{"count":1,"href":"http:\/\/blogdalucianaoliveira.com.br\/blog\/wp-json\/wp\/v2\/posts\/11097\/revisions"}],"predecessor-version":[{"id":11098,"href":"http:\/\/blogdalucianaoliveira.com.br\/blog\/wp-json\/wp\/v2\/posts\/11097\/revisions\/11098"}],"wp:attachment":[{"href":"http:\/\/blogdalucianaoliveira.com.br\/blog\/wp-json\/wp\/v2\/media?parent=11097"}],"wp:term":[{"taxonomy":"category","embeddable":true,"href":"http:\/\/blogdalucianaoliveira.com.br\/blog\/wp-json\/wp\/v2\/categories?post=11097"},{"taxonomy":"post_tag","embeddable":true,"href":"http:\/\/blogdalucianaoliveira.com.br\/blog\/wp-json\/wp\/v2\/tags?post=11097"}],"curies":[{"name":"wp","href":"https:\/\/api.w.org\/{rel}","templated":true}]}}