{"id":11104,"date":"2017-05-30T09:31:17","date_gmt":"2017-05-30T13:31:17","guid":{"rendered":"http:\/\/blogdalucianaoliveira.com.br\/blog\/?p=11104"},"modified":"2017-05-30T09:31:17","modified_gmt":"2017-05-30T13:31:17","slug":"com-crise-no-governo-ruralistas-aceleram-votacao-de-projetos-polemicos","status":"publish","type":"post","link":"http:\/\/blogdalucianaoliveira.com.br\/blog\/2017\/05\/30\/com-crise-no-governo-ruralistas-aceleram-votacao-de-projetos-polemicos\/","title":{"rendered":"Com crise no governo, ruralistas aceleram vota\u00e7\u00e3o de projetos pol\u00eamicos"},"content":{"rendered":"<p><img data-recalc-dims=\"1\" loading=\"lazy\" decoding=\"async\" data-attachment-id=\"11107\" data-permalink=\"http:\/\/blogdalucianaoliveira.com.br\/blog\/2017\/05\/30\/com-crise-no-governo-ruralistas-aceleram-votacao-de-projetos-polemicos\/crise\/\" data-orig-file=\"https:\/\/i0.wp.com\/blogdalucianaoliveira.com.br\/blog\/wp-content\/uploads\/2017\/05\/crise.jpg?fit=660%2C371\" data-orig-size=\"660,371\" data-comments-opened=\"0\" data-image-meta=\"{&quot;aperture&quot;:&quot;0&quot;,&quot;credit&quot;:&quot;&quot;,&quot;camera&quot;:&quot;&quot;,&quot;caption&quot;:&quot;&quot;,&quot;created_timestamp&quot;:&quot;0&quot;,&quot;copyright&quot;:&quot;&quot;,&quot;focal_length&quot;:&quot;0&quot;,&quot;iso&quot;:&quot;0&quot;,&quot;shutter_speed&quot;:&quot;0&quot;,&quot;title&quot;:&quot;&quot;,&quot;orientation&quot;:&quot;0&quot;}\" data-image-title=\"crise\" data-image-description=\"\" data-image-caption=\"\" data-medium-file=\"https:\/\/i0.wp.com\/blogdalucianaoliveira.com.br\/blog\/wp-content\/uploads\/2017\/05\/crise.jpg?fit=300%2C169\" data-large-file=\"https:\/\/i0.wp.com\/blogdalucianaoliveira.com.br\/blog\/wp-content\/uploads\/2017\/05\/crise.jpg?fit=600%2C337\" src=\"https:\/\/i0.wp.com\/blogdalucianaoliveira.com.br\/blog\/wp-content\/uploads\/2017\/05\/crise.jpg?resize=600%2C337\" alt=\"crise\" width=\"600\" height=\"337\" class=\"alignnone size-full wp-image-11107\" srcset=\"https:\/\/i0.wp.com\/blogdalucianaoliveira.com.br\/blog\/wp-content\/uploads\/2017\/05\/crise.jpg?w=660 660w, https:\/\/i0.wp.com\/blogdalucianaoliveira.com.br\/blog\/wp-content\/uploads\/2017\/05\/crise.jpg?resize=300%2C169 300w, https:\/\/i0.wp.com\/blogdalucianaoliveira.com.br\/blog\/wp-content\/uploads\/2017\/05\/crise.jpg?resize=534%2C300 534w\" sizes=\"auto, (max-width: 600px) 100vw, 600px\" \/><\/p>\n<p>Jo\u00e3o Fellet &#8211; @joaofellet<br \/>\nDa BBC Brasil em Bras\u00edlia<\/p>\n<p>Diante do impasse em torno da perman\u00eancia de Michel Temer no Pal\u00e1cio do Planalto, a bancada ruralista no Congresso tem buscado acelerar a vota\u00e7\u00e3o de projetos pol\u00eamicos, alguns dos quais reduzem \u00e1reas de florestas, facilitam a venda de terras a estrangeiros e afrouxam as regras de licenciamento ambiental.<!--more--><\/p>\n<p>A movimenta\u00e7\u00e3o \u00e9 criticada por ambientalistas, que acusam o grupo de aproveitar a fragilidade do governo para aprovar medidas que ampliar\u00e3o o desmatamento e o risco de desastres ambientais. O pr\u00f3prio Minist\u00e9rio do Meio Ambiente foi contra a aprova\u00e7\u00e3o das medidas, que seriam &#8220;um retrocesso&#8221;.<br \/>\nJ\u00e1 os ruralistas afirmam que as propostas visam estimular a economia e desfazer equ\u00edvocos dos \u00faltimos governos.<\/p>\n<p>Tr\u00eas das iniciativas mais pol\u00eamicas recentemente aprovadas s\u00e3o as Medidas Provis\u00f3rias 756, 758 e 759.<br \/>\nAs duas primeiras, votadas no Senado na \u00faltima ter\u00e7a, reduzem a Floresta Nacional do Jamanxim e o Parque Nacional do Jamanxim, no Par\u00e1, e o Parque Nacional de S\u00e3o Joaquim, em Santa Catarina.<br \/>\nAs tr\u00eas unidades de conserva\u00e7\u00e3o perderam ao todo meio milh\u00e3o de hectares, \u00e1rea equivalente \u00e0 do Distrito Federal. As terras subtra\u00eddas das reservas se tornar\u00e3o \u00c1reas de Prote\u00e7\u00e3o Ambiental, categoria onde s\u00e3o permitidas atividades agr\u00edcolas, pecu\u00e1rias e de minera\u00e7\u00e3o que n\u00e3o causem grandes danos.<\/p>\n<p>A MP 759 foi aprovada na C\u00e2mara um dia depois, na quarta-feira, ap\u00f3s a oposi\u00e7\u00e3o deixar o plen\u00e1rio em protesto ao emprego das For\u00e7as Armadas na manifesta\u00e7\u00e3o que ocorria em Bras\u00edlia. Entre outros pontos, a medida permite a comercializa\u00e7\u00e3o de lotes de reforma agr\u00e1ria e amplia as categorias de propriedades rurais que podem ser regularizadas pelo programa Terra Legal.<br \/>\nA aprova\u00e7\u00e3o das duas primeiras medidas gerou duras rea\u00e7\u00f5es do Minist\u00e9rio do Meio Ambiente, de ONGs ambientalistas e at\u00e9 mesmo de uma organiza\u00e7\u00e3o que agrega entidades do agroneg\u00f3cio. A \u00e1rea do Jamanxim fica no sudoeste do Par\u00e1, uma das regi\u00f5es amaz\u00f4nicas mais afetadas pelo desmatamento ilegal nos \u00faltimos anos.<br \/>\nO Minist\u00e9rio do Meio Ambiente divulgou uma nota em que recomendou a Temer que vete as MPs 756 e 758. Segundo o \u00f3rg\u00e3o, as medidas representam &#8220;um retrocesso diante dos esfor\u00e7os do governo brasileiro para cumprir com os compromissos que assumiu sob o Acordo de Paris para combater o aquecimento global&#8221;.<\/p>\n<p><img data-recalc-dims=\"1\" loading=\"lazy\" decoding=\"async\" data-attachment-id=\"11105\" data-permalink=\"http:\/\/blogdalucianaoliveira.com.br\/blog\/2017\/05\/30\/com-crise-no-governo-ruralistas-aceleram-votacao-de-projetos-polemicos\/rura\/\" data-orig-file=\"https:\/\/i0.wp.com\/blogdalucianaoliveira.com.br\/blog\/wp-content\/uploads\/2017\/05\/rura.jpg?fit=624%2C351\" data-orig-size=\"624,351\" data-comments-opened=\"0\" data-image-meta=\"{&quot;aperture&quot;:&quot;0&quot;,&quot;credit&quot;:&quot;&quot;,&quot;camera&quot;:&quot;&quot;,&quot;caption&quot;:&quot;&quot;,&quot;created_timestamp&quot;:&quot;0&quot;,&quot;copyright&quot;:&quot;&quot;,&quot;focal_length&quot;:&quot;0&quot;,&quot;iso&quot;:&quot;0&quot;,&quot;shutter_speed&quot;:&quot;0&quot;,&quot;title&quot;:&quot;&quot;,&quot;orientation&quot;:&quot;0&quot;}\" data-image-title=\"rura\" data-image-description=\"\" data-image-caption=\"\" data-medium-file=\"https:\/\/i0.wp.com\/blogdalucianaoliveira.com.br\/blog\/wp-content\/uploads\/2017\/05\/rura.jpg?fit=300%2C169\" data-large-file=\"https:\/\/i0.wp.com\/blogdalucianaoliveira.com.br\/blog\/wp-content\/uploads\/2017\/05\/rura.jpg?fit=600%2C338\" src=\"https:\/\/i0.wp.com\/blogdalucianaoliveira.com.br\/blog\/wp-content\/uploads\/2017\/05\/rura.jpg?resize=600%2C338\" alt=\"rura\" width=\"600\" height=\"338\" class=\"alignnone size-full wp-image-11105\" srcset=\"https:\/\/i0.wp.com\/blogdalucianaoliveira.com.br\/blog\/wp-content\/uploads\/2017\/05\/rura.jpg?w=624 624w, https:\/\/i0.wp.com\/blogdalucianaoliveira.com.br\/blog\/wp-content\/uploads\/2017\/05\/rura.jpg?resize=300%2C169 300w, https:\/\/i0.wp.com\/blogdalucianaoliveira.com.br\/blog\/wp-content\/uploads\/2017\/05\/rura.jpg?resize=533%2C300 533w\" sizes=\"auto, (max-width: 600px) 100vw, 600px\" \/><\/p>\n<p>Para o Observat\u00f3rio do Clima, grupo que agrega ONGs ambientalistas, as MPs gerar\u00e3o &#8220;um recrudescimento das taxas de desmatamento, j\u00e1 que reduzir \u00e1reas protegidas sinaliza para os grileiros que agora vale tudo&#8221;.<br \/>\n&#8220;Nunca antes na hist\u00f3ria do pa\u00eds uma \u00e1rea t\u00e3o grande de parques e florestas nacionais havia sido cortada&#8221;, afirmou a entidade.<br \/>\nOutro grupo a criticar a aprova\u00e7\u00e3o das MPs 756 e 758 foi a Coaliz\u00e3o Brasil Clima, Florestas e Agricultura, que une organiza\u00e7\u00f5es ambientalistas e do agroneg\u00f3cio (entre as quais a Sociedade Rural Brasileira, a Uni\u00e3o da Ind\u00fastria da Cana de A\u00e7\u00facar e a Associa\u00e7\u00e3o Brasileira do Agroneg\u00f3cio).<br \/>\nA coaliz\u00e3o diz que as MPs &#8220;prejudicar\u00e3o os investimentos no pa\u00eds, afastando investidores e consumidores exigentes de sistemas produtivos sustent\u00e1veis&#8221;.<\/p>\n<p><img data-recalc-dims=\"1\" loading=\"lazy\" decoding=\"async\" data-attachment-id=\"11106\" data-permalink=\"http:\/\/blogdalucianaoliveira.com.br\/blog\/2017\/05\/30\/com-crise-no-governo-ruralistas-aceleram-votacao-de-projetos-polemicos\/para-2\/\" data-orig-file=\"https:\/\/i0.wp.com\/blogdalucianaoliveira.com.br\/blog\/wp-content\/uploads\/2017\/05\/para.jpg?fit=624%2C351\" data-orig-size=\"624,351\" data-comments-opened=\"0\" data-image-meta=\"{&quot;aperture&quot;:&quot;0&quot;,&quot;credit&quot;:&quot;&quot;,&quot;camera&quot;:&quot;&quot;,&quot;caption&quot;:&quot;&quot;,&quot;created_timestamp&quot;:&quot;0&quot;,&quot;copyright&quot;:&quot;&quot;,&quot;focal_length&quot;:&quot;0&quot;,&quot;iso&quot;:&quot;0&quot;,&quot;shutter_speed&quot;:&quot;0&quot;,&quot;title&quot;:&quot;&quot;,&quot;orientation&quot;:&quot;0&quot;}\" data-image-title=\"para\" data-image-description=\"\" data-image-caption=\"\" data-medium-file=\"https:\/\/i0.wp.com\/blogdalucianaoliveira.com.br\/blog\/wp-content\/uploads\/2017\/05\/para.jpg?fit=300%2C169\" data-large-file=\"https:\/\/i0.wp.com\/blogdalucianaoliveira.com.br\/blog\/wp-content\/uploads\/2017\/05\/para.jpg?fit=600%2C338\" src=\"https:\/\/i0.wp.com\/blogdalucianaoliveira.com.br\/blog\/wp-content\/uploads\/2017\/05\/para.jpg?resize=600%2C338\" alt=\"para\" width=\"600\" height=\"338\" class=\"alignnone size-full wp-image-11106\" srcset=\"https:\/\/i0.wp.com\/blogdalucianaoliveira.com.br\/blog\/wp-content\/uploads\/2017\/05\/para.jpg?w=624 624w, https:\/\/i0.wp.com\/blogdalucianaoliveira.com.br\/blog\/wp-content\/uploads\/2017\/05\/para.jpg?resize=300%2C169 300w, https:\/\/i0.wp.com\/blogdalucianaoliveira.com.br\/blog\/wp-content\/uploads\/2017\/05\/para.jpg?resize=533%2C300 533w\" sizes=\"auto, (max-width: 600px) 100vw, 600px\" \/><\/p>\n<p>J\u00e1 para o presidente da Frente Parlamentar da Agropecu\u00e1ria (bancada ruralista), deputado federal Nilson Leit\u00e3o (PSDB-MT), a redu\u00e7\u00e3o das florestas no Par\u00e1 n\u00e3o ter\u00e1 tanto impacto nos \u00edndices de desmatamento da regi\u00e3o. Ele afirma que, conforme o C\u00f3digo Florestal, cada propriedade rural na Amaz\u00f4nia s\u00f3 pode desmatar 20% de sua \u00e1rea, tendo de preservar o restante.<br \/>\nInicialmente focadas apenas na regi\u00e3o do Jamanxim, as MPs 758 e 756 foram assinadas pelo presidente Michel Temer em dezembro de 2016 e submetidas ao Congresso.<br \/>\nO governo argumentava que as medidas eram importantes para possibilitar a passagem de uma ferrovia que ligar\u00e1 Sinop (MT) a Miritituba (PA) e para permitir a regulariza\u00e7\u00e3o fundi\u00e1ria na regi\u00e3o, j\u00e1 que boa parte da \u00e1rea subtra\u00edda das florestas abriga pastagens.<br \/>\nTemer tentou compensar a redu\u00e7\u00e3o da Floresta Nacional do Jamanxim ampliando o Parque Nacional do Rio Novo. Por\u00e9m, o relator das medidas na C\u00e2mara, deputado federal Jos\u00e9 Priante (PMDB-PA), retirou a amplia\u00e7\u00e3o do texto, al\u00e9m de incluir a redu\u00e7\u00e3o da Reserva Biol\u00f3gica Nascentes da Serra do Cachimbo, em Santa Catarina.<\/p>\n<p>Procurado pela BBC Brasil, Priante n\u00e3o quis conceder entrevista sobre o tema.<br \/>\nOs textos alterados voltam agora para Temer, que pode vet\u00e1-los parcial ou integralmente.<br \/>\n&#8216;Projetos que fazem a diferen\u00e7a&#8217;<br \/>\nSegundo o presidente da bancada ruralista, as atividades do grupo no Congresso n\u00e3o ser\u00e3o afetadas pela crise pol\u00edtica.<br \/>\n&#8220;Temos de fazer o Congresso trabalhar e deixar os problemas jur\u00eddicos para a Justi\u00e7a e os denunciados&#8221;, diz Nilson Leit\u00e3o.<br \/>\n&#8220;Vamos votar durante todo esse per\u00edodo de crise projetos que podem fazer a diferen\u00e7a, que efetivamente aque\u00e7am a economia.&#8221;<br \/>\nEle afirma que as aten\u00e7\u00f5es da bancada se voltam agora \u00e0 aprova\u00e7\u00e3o de projetos que facilitam a venda de terras a estrangeiros, flexibilizam o processo de licenciamento ambiental e reveem demarca\u00e7\u00f5es de terras ind\u00edgenas, \u00e1reas quilombolas e reservas florestais feitas no fim do governo Dilma Rousseff.<\/p>\n<p>Para Maur\u00edcio Guetta, advogado do ISA (Instituto Socioambiental), a bancada ruralista aproveita a fragilidade de Temer para tentar &#8220;aprovar todos os absurdos propostos no atropelo, sem debate, porque sabe que o governo n\u00e3o vai se insurgir contra as vota\u00e7\u00f5es&#8221;.<br \/>\nEle diz se preocupar principalmente com tentativas da bancada para enfraquecer as regras para o licenciamento ambiental.<br \/>\nSegundo Guetta, o licenciamento \u00e9 o principal instrumento respons\u00e1vel por prevenir desastres ambientais e pelo respeito aos direitos de popula\u00e7\u00f5es afetadas por obras.<br \/>\nCom a aprova\u00e7\u00e3o do texto defendido pela bancada, diz Guetta, &#8220;passar\u00edamos a conviver diariamente com o risco de desastres como o de Mariana e ao absoluto desrespeito de popula\u00e7\u00f5es atingidas&#8221;.<\/p>\n","protected":false},"excerpt":{"rendered":"<p>Jo\u00e3o Fellet &#8211; @joaofellet Da BBC Brasil em Bras\u00edlia Diante do impasse em torno da perman\u00eancia de Michel Temer no Pal\u00e1cio do Planalto, a bancada ruralista no Congresso tem buscado acelerar a vota\u00e7\u00e3o de projetos pol\u00eamicos, alguns dos quais reduzem \u00e1reas de florestas, facilitam a venda de terras a estrangeiros e afrouxam as regras de&#8230;<a class=\"more-link\" href=\"http:\/\/blogdalucianaoliveira.com.br\/blog\/2017\/05\/30\/com-crise-no-governo-ruralistas-aceleram-votacao-de-projetos-polemicos\/\">Continue a leitura <span class=\"meta-nav\">&raquo;<\/span><\/a><\/p>\n","protected":false},"author":1,"featured_media":0,"comment_status":"closed","ping_status":"open","sticky":false,"template":"","format":"standard","meta":{"_exactmetrics_skip_tracking":false,"_exactmetrics_sitenote_active":false,"_exactmetrics_sitenote_note":"","_exactmetrics_sitenote_category":0,"jetpack_post_was_ever_published":false,"_jetpack_newsletter_access":"","_jetpack_dont_email_post_to_subs":false,"_jetpack_newsletter_tier_id":0,"_jetpack_memberships_contains_paywalled_content":false,"_jetpack_memberships_contains_paid_content":false,"footnotes":"","jetpack_publicize_message":"","jetpack_publicize_feature_enabled":true,"jetpack_social_post_already_shared":true,"jetpack_social_options":{"image_generator_settings":{"template":"highway","enabled":false},"version":2}},"categories":[1],"tags":[],"class_list":["post-11104","post","type-post","status-publish","format-standard","hentry","category-notas"],"jetpack_publicize_connections":[],"jetpack_sharing_enabled":true,"jetpack_featured_media_url":"","jetpack_shortlink":"https:\/\/wp.me\/p7wKYW-2T6","jetpack-related-posts":[],"_links":{"self":[{"href":"http:\/\/blogdalucianaoliveira.com.br\/blog\/wp-json\/wp\/v2\/posts\/11104","targetHints":{"allow":["GET"]}}],"collection":[{"href":"http:\/\/blogdalucianaoliveira.com.br\/blog\/wp-json\/wp\/v2\/posts"}],"about":[{"href":"http:\/\/blogdalucianaoliveira.com.br\/blog\/wp-json\/wp\/v2\/types\/post"}],"author":[{"embeddable":true,"href":"http:\/\/blogdalucianaoliveira.com.br\/blog\/wp-json\/wp\/v2\/users\/1"}],"replies":[{"embeddable":true,"href":"http:\/\/blogdalucianaoliveira.com.br\/blog\/wp-json\/wp\/v2\/comments?post=11104"}],"version-history":[{"count":1,"href":"http:\/\/blogdalucianaoliveira.com.br\/blog\/wp-json\/wp\/v2\/posts\/11104\/revisions"}],"predecessor-version":[{"id":11108,"href":"http:\/\/blogdalucianaoliveira.com.br\/blog\/wp-json\/wp\/v2\/posts\/11104\/revisions\/11108"}],"wp:attachment":[{"href":"http:\/\/blogdalucianaoliveira.com.br\/blog\/wp-json\/wp\/v2\/media?parent=11104"}],"wp:term":[{"taxonomy":"category","embeddable":true,"href":"http:\/\/blogdalucianaoliveira.com.br\/blog\/wp-json\/wp\/v2\/categories?post=11104"},{"taxonomy":"post_tag","embeddable":true,"href":"http:\/\/blogdalucianaoliveira.com.br\/blog\/wp-json\/wp\/v2\/tags?post=11104"}],"curies":[{"name":"wp","href":"https:\/\/api.w.org\/{rel}","templated":true}]}}