{"id":11121,"date":"2017-05-30T22:19:17","date_gmt":"2017-05-31T02:19:17","guid":{"rendered":"http:\/\/blogdalucianaoliveira.com.br\/blog\/?p=11121"},"modified":"2017-05-30T22:19:17","modified_gmt":"2017-05-31T02:19:17","slug":"moro-destruiu-a-minha-vida-profissional-e-financeira-perdi-todas-as-minhas-representacoes-e-tenho-uma-filha-doente-para-sustentar","status":"publish","type":"post","link":"http:\/\/blogdalucianaoliveira.com.br\/blog\/2017\/05\/30\/moro-destruiu-a-minha-vida-profissional-e-financeira-perdi-todas-as-minhas-representacoes-e-tenho-uma-filha-doente-para-sustentar\/","title":{"rendered":"&#8220;Moro destruiu a minha vida profissional e financeira. Perdi todas as minhas representa\u00e7\u00f5es. E tenho uma filha doente para sustentar&#8221;"},"content":{"rendered":"<p><img data-recalc-dims=\"1\" loading=\"lazy\" decoding=\"async\" data-attachment-id=\"11122\" data-permalink=\"http:\/\/blogdalucianaoliveira.com.br\/blog\/2017\/05\/30\/moro-destruiu-a-minha-vida-profissional-e-financeira-perdi-todas-as-minhas-representacoes-e-tenho-uma-filha-doente-para-sustentar\/edu-2\/\" data-orig-file=\"https:\/\/i0.wp.com\/blogdalucianaoliveira.com.br\/blog\/wp-content\/uploads\/2017\/05\/edu.jpg?fit=600%2C400\" data-orig-size=\"600,400\" data-comments-opened=\"0\" data-image-meta=\"{&quot;aperture&quot;:&quot;0&quot;,&quot;credit&quot;:&quot;&quot;,&quot;camera&quot;:&quot;&quot;,&quot;caption&quot;:&quot;&quot;,&quot;created_timestamp&quot;:&quot;0&quot;,&quot;copyright&quot;:&quot;&quot;,&quot;focal_length&quot;:&quot;0&quot;,&quot;iso&quot;:&quot;0&quot;,&quot;shutter_speed&quot;:&quot;0&quot;,&quot;title&quot;:&quot;&quot;,&quot;orientation&quot;:&quot;1&quot;}\" data-image-title=\"edu\" data-image-description=\"\" data-image-caption=\"\" data-medium-file=\"https:\/\/i0.wp.com\/blogdalucianaoliveira.com.br\/blog\/wp-content\/uploads\/2017\/05\/edu.jpg?fit=300%2C200\" data-large-file=\"https:\/\/i0.wp.com\/blogdalucianaoliveira.com.br\/blog\/wp-content\/uploads\/2017\/05\/edu.jpg?fit=600%2C400\" src=\"https:\/\/i0.wp.com\/blogdalucianaoliveira.com.br\/blog\/wp-content\/uploads\/2017\/05\/edu.jpg?resize=600%2C400\" alt=\"edu\" width=\"600\" height=\"400\" class=\"alignnone size-full wp-image-11122\" srcset=\"https:\/\/i0.wp.com\/blogdalucianaoliveira.com.br\/blog\/wp-content\/uploads\/2017\/05\/edu.jpg?w=600 600w, https:\/\/i0.wp.com\/blogdalucianaoliveira.com.br\/blog\/wp-content\/uploads\/2017\/05\/edu.jpg?resize=300%2C200 300w, https:\/\/i0.wp.com\/blogdalucianaoliveira.com.br\/blog\/wp-content\/uploads\/2017\/05\/edu.jpg?resize=450%2C300 450w\" sizes=\"auto, (max-width: 600px) 100vw, 600px\" \/><\/p>\n<p>Moro reconhece ser suspeito para me julgar e sai do processo<!--more--><\/p>\n<p>Eduardo Guimar\u00e3es<br \/>\nBlog da Cidadania<\/p>\n<p>No \u00faltimo dia 26 de maio de 2017, o juiz da 13\u00aa Vara de Curitiba, Sergio Moro, acolheu manifesta\u00e7\u00e3o deste blogueiro no sentido de que, por ter representado criminalmente contra mim por afirmar que eu o \u201cameacei\u201d pela internet, \u00e9 suspeito para me julgar pela acusa\u00e7\u00e3o que me foi feita de \u201cembara\u00e7ar\u201d investiga\u00e7\u00f5es contra o ex-presidente Lula.<\/p>\n<p>J\u00e1 no in\u00edcio da decis\u00e3o, Moro deixa ver a que veio ao \u201cexplicar\u201d que demorou quase 60 dias para simplesmente decidir se estava ou n\u00e3o impedido de me julgar. Ele argumenta que tinha outros processos para analisar. A decis\u00e3o sobre ser ou n\u00e3o suspeito, por\u00e9m, n\u00e3o demandava dilig\u00eancia alguma, mas, t\u00e3o somente, consci\u00eancia e responsabilidade.<br \/>\n<img data-recalc-dims=\"1\" loading=\"lazy\" decoding=\"async\" data-attachment-id=\"11123\" data-permalink=\"http:\/\/blogdalucianaoliveira.com.br\/blog\/2017\/05\/30\/moro-destruiu-a-minha-vida-profissional-e-financeira-perdi-todas-as-minhas-representacoes-e-tenho-uma-filha-doente-para-sustentar\/processo-11\/\" data-orig-file=\"https:\/\/i0.wp.com\/blogdalucianaoliveira.com.br\/blog\/wp-content\/uploads\/2017\/05\/processo-11.jpg?fit=639%2C418\" data-orig-size=\"639,418\" data-comments-opened=\"0\" data-image-meta=\"{&quot;aperture&quot;:&quot;0&quot;,&quot;credit&quot;:&quot;&quot;,&quot;camera&quot;:&quot;&quot;,&quot;caption&quot;:&quot;&quot;,&quot;created_timestamp&quot;:&quot;0&quot;,&quot;copyright&quot;:&quot;&quot;,&quot;focal_length&quot;:&quot;0&quot;,&quot;iso&quot;:&quot;0&quot;,&quot;shutter_speed&quot;:&quot;0&quot;,&quot;title&quot;:&quot;&quot;,&quot;orientation&quot;:&quot;1&quot;}\" data-image-title=\"processo-11\" data-image-description=\"\" data-image-caption=\"\" data-medium-file=\"https:\/\/i0.wp.com\/blogdalucianaoliveira.com.br\/blog\/wp-content\/uploads\/2017\/05\/processo-11.jpg?fit=300%2C196\" data-large-file=\"https:\/\/i0.wp.com\/blogdalucianaoliveira.com.br\/blog\/wp-content\/uploads\/2017\/05\/processo-11.jpg?fit=600%2C392\" src=\"https:\/\/i0.wp.com\/blogdalucianaoliveira.com.br\/blog\/wp-content\/uploads\/2017\/05\/processo-11.jpg?resize=600%2C392\" alt=\"processo-11\" width=\"600\" height=\"392\" class=\"alignnone size-full wp-image-11123\" srcset=\"https:\/\/i0.wp.com\/blogdalucianaoliveira.com.br\/blog\/wp-content\/uploads\/2017\/05\/processo-11.jpg?w=639 639w, https:\/\/i0.wp.com\/blogdalucianaoliveira.com.br\/blog\/wp-content\/uploads\/2017\/05\/processo-11.jpg?resize=300%2C196 300w, https:\/\/i0.wp.com\/blogdalucianaoliveira.com.br\/blog\/wp-content\/uploads\/2017\/05\/processo-11.jpg?resize=459%2C300 459w\" sizes=\"auto, (max-width: 600px) 100vw, 600px\" \/><\/p>\n<p>Pela segunda vez, processo da justi\u00e7a de Curitiba contra mim tem que ser desfeito por conter manifestas ilegalidades na origem. Em meados de maio, os que me acusaram de amea\u00e7ar Moro recuaram de me indiciar em processo movido por Moro contra mim por dita \u201camea\u00e7a\u201d que eu teria divulgado contra ele no Twitter<\/p>\n<p>Na decis\u00e3o, Curitiba diz que estava recuando de meu indiciamento por mera liberalidade, mas, na verdade, o recuo decorreu de que, independentemente de ter ocorrido ou n\u00e3o a \u201camea\u00e7a\u201d, esse \u00e9 um crime de menor potencial ofensivo e, assim, nem cabe indiciamento.<\/p>\n<p>Apesar disso, em 3 de abril \u00faltimo eu tinha sido indiciado. ILEGALMENTE.<\/p>\n<p>Agora, Moro publica uma decis\u00e3o que revela uma Justi\u00e7a \u201cautista\u201d, que toma decis\u00f5es sem conhecimento de causa, sem profundidade. E que recua ao sabor dos fatos e da repercuss\u00e3o pol\u00edtica de suas a\u00e7\u00f5es.<\/p>\n<p>A pe\u00e7a tenta, ainda, demonstrar uma equidist\u00e2ncia e uma superioridade em rela\u00e7\u00e3o a mim que contradizem a trucul\u00eancia e os meios tonitruantes usados para me perseguir por minhas opini\u00f5es pol\u00edticas.<\/p>\n<p>Por fim, al\u00e9m de tentar demonstrar uma postura que os fatos contradizem, a decis\u00e3o de Moro trata de me desqualificar e difamar atribuindo-me decis\u00f5es que n\u00e3o tomei e coisas que n\u00e3o disse ou que foram distorcidas.<\/p>\n<p>Vamos aos fatos.<\/p>\n<p>A decis\u00e3o come\u00e7a revelando suspeitas de fatos ineg\u00e1veis e comprov\u00e1veis por qualquer um que tenha um computador conectado \u00e0 internet.<\/p>\n<p><img data-recalc-dims=\"1\" loading=\"lazy\" decoding=\"async\" data-attachment-id=\"11124\" data-permalink=\"http:\/\/blogdalucianaoliveira.com.br\/blog\/2017\/05\/30\/moro-destruiu-a-minha-vida-profissional-e-financeira-perdi-todas-as-minhas-representacoes-e-tenho-uma-filha-doente-para-sustentar\/processo-2\/\" data-orig-file=\"https:\/\/i0.wp.com\/blogdalucianaoliveira.com.br\/blog\/wp-content\/uploads\/2017\/05\/processo-2.jpg?fit=600%2C253\" data-orig-size=\"600,253\" data-comments-opened=\"0\" data-image-meta=\"{&quot;aperture&quot;:&quot;0&quot;,&quot;credit&quot;:&quot;&quot;,&quot;camera&quot;:&quot;&quot;,&quot;caption&quot;:&quot;&quot;,&quot;created_timestamp&quot;:&quot;0&quot;,&quot;copyright&quot;:&quot;&quot;,&quot;focal_length&quot;:&quot;0&quot;,&quot;iso&quot;:&quot;0&quot;,&quot;shutter_speed&quot;:&quot;0&quot;,&quot;title&quot;:&quot;&quot;,&quot;orientation&quot;:&quot;1&quot;}\" data-image-title=\"processo-2\" data-image-description=\"\" data-image-caption=\"\" data-medium-file=\"https:\/\/i0.wp.com\/blogdalucianaoliveira.com.br\/blog\/wp-content\/uploads\/2017\/05\/processo-2.jpg?fit=300%2C127\" data-large-file=\"https:\/\/i0.wp.com\/blogdalucianaoliveira.com.br\/blog\/wp-content\/uploads\/2017\/05\/processo-2.jpg?fit=600%2C253\" src=\"https:\/\/i0.wp.com\/blogdalucianaoliveira.com.br\/blog\/wp-content\/uploads\/2017\/05\/processo-2.jpg?resize=600%2C253\" alt=\"processo-2\" width=\"600\" height=\"253\" class=\"alignnone size-full wp-image-11124\" srcset=\"https:\/\/i0.wp.com\/blogdalucianaoliveira.com.br\/blog\/wp-content\/uploads\/2017\/05\/processo-2.jpg?w=600 600w, https:\/\/i0.wp.com\/blogdalucianaoliveira.com.br\/blog\/wp-content\/uploads\/2017\/05\/processo-2.jpg?resize=300%2C127 300w\" sizes=\"auto, (max-width: 600px) 100vw, 600px\" \/><\/p>\n<p>A justi\u00e7a de Curitiba \u201csuspeita\u201d de que eu \u201cteria divulgado informa\u00e7\u00e3o aos investigados e ainda no Blog\u201d da Cidadania? Como assim, \u201csuspeita\u201d? Est\u00e1 publicado no Blog. A mat\u00e9ria foi divulgada em 26 de fevereiro de 2016, uma semana antes da 24\u00aa fase da Opera\u00e7\u00e3o Lava Jato. Como pode ser \u201csuspeita\u201d um fato comprov\u00e1vel simplesmente acessando esta p\u00e1gina?<\/p>\n<p>Mais adiante, a pe\u00e7a incorre em impropriedade sobre o depoimento que foi tomado de mim ilegalmente, porque sem a presen\u00e7a de um advogado e ap\u00f3s me ter sido dito que se eu n\u00e3o me manifestasse seria \u201cpior para mim\u201d.<\/p>\n<p><img data-recalc-dims=\"1\" loading=\"lazy\" decoding=\"async\" data-attachment-id=\"11125\" data-permalink=\"http:\/\/blogdalucianaoliveira.com.br\/blog\/2017\/05\/30\/moro-destruiu-a-minha-vida-profissional-e-financeira-perdi-todas-as-minhas-representacoes-e-tenho-uma-filha-doente-para-sustentar\/processo-3\/\" data-orig-file=\"https:\/\/i0.wp.com\/blogdalucianaoliveira.com.br\/blog\/wp-content\/uploads\/2017\/05\/processo-3.jpg?fit=630%2C422\" data-orig-size=\"630,422\" data-comments-opened=\"0\" data-image-meta=\"{&quot;aperture&quot;:&quot;0&quot;,&quot;credit&quot;:&quot;&quot;,&quot;camera&quot;:&quot;&quot;,&quot;caption&quot;:&quot;&quot;,&quot;created_timestamp&quot;:&quot;0&quot;,&quot;copyright&quot;:&quot;&quot;,&quot;focal_length&quot;:&quot;0&quot;,&quot;iso&quot;:&quot;0&quot;,&quot;shutter_speed&quot;:&quot;0&quot;,&quot;title&quot;:&quot;&quot;,&quot;orientation&quot;:&quot;0&quot;}\" data-image-title=\"processo-3\" data-image-description=\"\" data-image-caption=\"\" data-medium-file=\"https:\/\/i0.wp.com\/blogdalucianaoliveira.com.br\/blog\/wp-content\/uploads\/2017\/05\/processo-3.jpg?fit=300%2C201\" data-large-file=\"https:\/\/i0.wp.com\/blogdalucianaoliveira.com.br\/blog\/wp-content\/uploads\/2017\/05\/processo-3.jpg?fit=600%2C402\" src=\"https:\/\/i0.wp.com\/blogdalucianaoliveira.com.br\/blog\/wp-content\/uploads\/2017\/05\/processo-3.jpg?resize=600%2C402\" alt=\"processo-3\" width=\"600\" height=\"402\" class=\"alignnone size-full wp-image-11125\" srcset=\"https:\/\/i0.wp.com\/blogdalucianaoliveira.com.br\/blog\/wp-content\/uploads\/2017\/05\/processo-3.jpg?w=630 630w, https:\/\/i0.wp.com\/blogdalucianaoliveira.com.br\/blog\/wp-content\/uploads\/2017\/05\/processo-3.jpg?resize=300%2C201 300w, https:\/\/i0.wp.com\/blogdalucianaoliveira.com.br\/blog\/wp-content\/uploads\/2017\/05\/processo-3.jpg?resize=448%2C300 448w\" sizes=\"auto, (max-width: 600px) 100vw, 600px\" \/><\/p>\n<p>Os fatos: j\u00e1 enquanto era conduzido, antes mesmo de chegar \u00e0 sede da Pol\u00edcia Federal, fui informado de que minha fonte j\u00e1 havia sido identificada. Eu n\u00e3o precisei revelar nada. Eles me mostraram inclusive as fotos das pessoas que me enviaram as informa\u00e7\u00f5es antes mesmo de eu dizer que algu\u00e9m chamado \u201cFrancisco\u201d havia me procurado 3 dias antes de eu divulgar a mat\u00e9ria no Blog da Cidadania.<\/p>\n<p>Ao chegar ao destino, o delegado come\u00e7ou a me interrogar sem a presen\u00e7a do meu advogado e com perguntas capciosas, registrando, em meu depoimento, coisas que eu n\u00e3o havia dito.<\/p>\n<p>Por conta das incorre\u00e7\u00f5es, o delegado que me ouviu teve que fazer TR\u00caS retifica\u00e7\u00f5es consecutivas no texto, lido \u00e0s pressas por meu advogado \u2013 que chegou segundos antes de eu assinar o documento sem sequer ter lido direito \u2013 e por mim.<\/p>\n<p>O delegado manifestou forte resist\u00eancia a retificar o texto tr\u00eas vezes e se recusou a fazer mais altera\u00e7\u00f5es.<\/p>\n<p>O meu advogado, doutor Fernando Hideo Lacerda, e mais dois advogados enviados pelo coordenador da minha defesa, doutor Pedro Serrano \u2013 que pensou que o doutor Hideo n\u00e3o chegaria a tempo \u2013, s\u00e3o testemunhas desses fatos.<\/p>\n<p>Mas o mais interessante \u00e9 a decis\u00e3o que o juiz Moro toma evidentemente por conta da nota de protesto da Abraji.<\/p>\n<p><img data-recalc-dims=\"1\" loading=\"lazy\" decoding=\"async\" data-attachment-id=\"11126\" data-permalink=\"http:\/\/blogdalucianaoliveira.com.br\/blog\/2017\/05\/30\/moro-destruiu-a-minha-vida-profissional-e-financeira-perdi-todas-as-minhas-representacoes-e-tenho-uma-filha-doente-para-sustentar\/processo-4\/\" data-orig-file=\"https:\/\/i0.wp.com\/blogdalucianaoliveira.com.br\/blog\/wp-content\/uploads\/2017\/05\/processo-4.jpg?fit=628%2C420\" data-orig-size=\"628,420\" data-comments-opened=\"0\" data-image-meta=\"{&quot;aperture&quot;:&quot;0&quot;,&quot;credit&quot;:&quot;&quot;,&quot;camera&quot;:&quot;&quot;,&quot;caption&quot;:&quot;&quot;,&quot;created_timestamp&quot;:&quot;0&quot;,&quot;copyright&quot;:&quot;&quot;,&quot;focal_length&quot;:&quot;0&quot;,&quot;iso&quot;:&quot;0&quot;,&quot;shutter_speed&quot;:&quot;0&quot;,&quot;title&quot;:&quot;&quot;,&quot;orientation&quot;:&quot;0&quot;}\" data-image-title=\"processo-4\" data-image-description=\"\" data-image-caption=\"\" data-medium-file=\"https:\/\/i0.wp.com\/blogdalucianaoliveira.com.br\/blog\/wp-content\/uploads\/2017\/05\/processo-4.jpg?fit=300%2C201\" data-large-file=\"https:\/\/i0.wp.com\/blogdalucianaoliveira.com.br\/blog\/wp-content\/uploads\/2017\/05\/processo-4.jpg?fit=600%2C401\" src=\"https:\/\/i0.wp.com\/blogdalucianaoliveira.com.br\/blog\/wp-content\/uploads\/2017\/05\/processo-4.jpg?resize=600%2C401\" alt=\"processo-4\" width=\"600\" height=\"401\" class=\"alignnone size-full wp-image-11126\" srcset=\"https:\/\/i0.wp.com\/blogdalucianaoliveira.com.br\/blog\/wp-content\/uploads\/2017\/05\/processo-4.jpg?w=628 628w, https:\/\/i0.wp.com\/blogdalucianaoliveira.com.br\/blog\/wp-content\/uploads\/2017\/05\/processo-4.jpg?resize=300%2C201 300w, https:\/\/i0.wp.com\/blogdalucianaoliveira.com.br\/blog\/wp-content\/uploads\/2017\/05\/processo-4.jpg?resize=449%2C300 449w\" sizes=\"auto, (max-width: 600px) 100vw, 600px\" \/><\/p>\n<p>Quanto medo da Globo. Sim, da Globo, porque a Abraji (Associa\u00e7\u00e3o Brasileira de Jornalismo Investigativo) \u00e9 uma entidade ligada aos grandes meios de comunica\u00e7\u00e3o. E a Abraji protestou contra minha pris\u00e3o \u2013 sim, condu\u00e7\u00e3o coercitiva \u00e9 pris\u00e3o \u2013 porque j\u00e1 intu\u00eda que, ao perseguir um jornalista \u2013 Moro diz que n\u00e3o sou, mas TODAS as entidades representativas do jornalismo e jornalistas famosos dizem o contr\u00e1rio \u2013, todos os outros estavam em risco.<\/p>\n<p>Como ficou demonstrado no epis\u00f3dio recente envolvendo o jornalista Reinaldo Azevedo.<\/p>\n<p>Dali em diante, o juiz Moro come\u00e7a a se explicar sobre como pode me processar por \u201camea\u00e7a\u201d e, ao mesmo tempo, ser meu julgador no processo por \u201cembara\u00e7ar investiga\u00e7\u00f5es\u201d contra Lula.<\/p>\n<p><img data-recalc-dims=\"1\" loading=\"lazy\" decoding=\"async\" data-attachment-id=\"11127\" data-permalink=\"http:\/\/blogdalucianaoliveira.com.br\/blog\/2017\/05\/30\/moro-destruiu-a-minha-vida-profissional-e-financeira-perdi-todas-as-minhas-representacoes-e-tenho-uma-filha-doente-para-sustentar\/processo-52\/\" data-orig-file=\"https:\/\/i0.wp.com\/blogdalucianaoliveira.com.br\/blog\/wp-content\/uploads\/2017\/05\/processo-52.jpg?fit=600%2C400\" data-orig-size=\"600,400\" data-comments-opened=\"0\" data-image-meta=\"{&quot;aperture&quot;:&quot;0&quot;,&quot;credit&quot;:&quot;&quot;,&quot;camera&quot;:&quot;&quot;,&quot;caption&quot;:&quot;&quot;,&quot;created_timestamp&quot;:&quot;0&quot;,&quot;copyright&quot;:&quot;&quot;,&quot;focal_length&quot;:&quot;0&quot;,&quot;iso&quot;:&quot;0&quot;,&quot;shutter_speed&quot;:&quot;0&quot;,&quot;title&quot;:&quot;&quot;,&quot;orientation&quot;:&quot;1&quot;}\" data-image-title=\"processo-52\" data-image-description=\"\" data-image-caption=\"\" data-medium-file=\"https:\/\/i0.wp.com\/blogdalucianaoliveira.com.br\/blog\/wp-content\/uploads\/2017\/05\/processo-52.jpg?fit=300%2C200\" data-large-file=\"https:\/\/i0.wp.com\/blogdalucianaoliveira.com.br\/blog\/wp-content\/uploads\/2017\/05\/processo-52.jpg?fit=600%2C400\" src=\"https:\/\/i0.wp.com\/blogdalucianaoliveira.com.br\/blog\/wp-content\/uploads\/2017\/05\/processo-52.jpg?resize=600%2C400\" alt=\"processo-52\" width=\"600\" height=\"400\" class=\"alignnone size-full wp-image-11127\" srcset=\"https:\/\/i0.wp.com\/blogdalucianaoliveira.com.br\/blog\/wp-content\/uploads\/2017\/05\/processo-52.jpg?w=600 600w, https:\/\/i0.wp.com\/blogdalucianaoliveira.com.br\/blog\/wp-content\/uploads\/2017\/05\/processo-52.jpg?resize=300%2C200 300w, https:\/\/i0.wp.com\/blogdalucianaoliveira.com.br\/blog\/wp-content\/uploads\/2017\/05\/processo-52.jpg?resize=450%2C300 450w\" sizes=\"auto, (max-width: 600px) 100vw, 600px\" \/><\/p>\n<p>Moro tenta se apresentar como polo passivo na a\u00e7\u00e3o que move contra mim por \u201camea\u00e7\u00e1-lo\u201d ao dizer que n\u00e3o \u00e9 meu \u201cinimigo capital\u201d. Conversa. Vamos ler mais um pouco para ver como essa alega\u00e7\u00e3o \u00e9 inver\u00eddica.<\/p>\n<p><img data-recalc-dims=\"1\" loading=\"lazy\" decoding=\"async\" data-attachment-id=\"11128\" data-permalink=\"http:\/\/blogdalucianaoliveira.com.br\/blog\/2017\/05\/30\/moro-destruiu-a-minha-vida-profissional-e-financeira-perdi-todas-as-minhas-representacoes-e-tenho-uma-filha-doente-para-sustentar\/processo-6\/\" data-orig-file=\"https:\/\/i0.wp.com\/blogdalucianaoliveira.com.br\/blog\/wp-content\/uploads\/2017\/05\/processo-6.jpg?fit=600%2C400\" data-orig-size=\"600,400\" data-comments-opened=\"0\" data-image-meta=\"{&quot;aperture&quot;:&quot;0&quot;,&quot;credit&quot;:&quot;&quot;,&quot;camera&quot;:&quot;&quot;,&quot;caption&quot;:&quot;&quot;,&quot;created_timestamp&quot;:&quot;0&quot;,&quot;copyright&quot;:&quot;&quot;,&quot;focal_length&quot;:&quot;0&quot;,&quot;iso&quot;:&quot;0&quot;,&quot;shutter_speed&quot;:&quot;0&quot;,&quot;title&quot;:&quot;&quot;,&quot;orientation&quot;:&quot;1&quot;}\" data-image-title=\"processo-6\" data-image-description=\"\" data-image-caption=\"\" data-medium-file=\"https:\/\/i0.wp.com\/blogdalucianaoliveira.com.br\/blog\/wp-content\/uploads\/2017\/05\/processo-6.jpg?fit=300%2C200\" data-large-file=\"https:\/\/i0.wp.com\/blogdalucianaoliveira.com.br\/blog\/wp-content\/uploads\/2017\/05\/processo-6.jpg?fit=600%2C400\" src=\"https:\/\/i0.wp.com\/blogdalucianaoliveira.com.br\/blog\/wp-content\/uploads\/2017\/05\/processo-6.jpg?resize=600%2C400\" alt=\"processo-6\" width=\"600\" height=\"400\" class=\"alignnone size-full wp-image-11128\" srcset=\"https:\/\/i0.wp.com\/blogdalucianaoliveira.com.br\/blog\/wp-content\/uploads\/2017\/05\/processo-6.jpg?w=600 600w, https:\/\/i0.wp.com\/blogdalucianaoliveira.com.br\/blog\/wp-content\/uploads\/2017\/05\/processo-6.jpg?resize=300%2C200 300w, https:\/\/i0.wp.com\/blogdalucianaoliveira.com.br\/blog\/wp-content\/uploads\/2017\/05\/processo-6.jpg?resize=450%2C300 450w\" sizes=\"auto, (max-width: 600px) 100vw, 600px\" \/><\/p>\n<p>Trocando em mi\u00fados:<\/p>\n<p>Processar algu\u00e9m por xingar ou amea\u00e7ar s\u00f3 pode ser feito pelo alvo da amea\u00e7a, do insulto, da cal\u00fania ou da difama\u00e7\u00e3o. Apesar de a Apajufe (Associa\u00e7\u00e3o Paranaense de Ju\u00edzes Federais) ter proposto a Moro a a\u00e7\u00e3o, sem a representa\u00e7\u00e3o dele n\u00e3o haveria a\u00e7\u00e3o alguma.<\/p>\n<p>Refor\u00e7ando: o autor da den\u00fancia feita contra mim por amea\u00e7a \u00e9 o juiz Sergio Moro, n\u00e3o a Apajufe.<\/p>\n<p>Mas o mais grave \u00e9 que o texto junta um coment\u00e1rio que \u00e9 meu com outro que n\u00e3o \u00e9 meu.<\/p>\n<p><img data-recalc-dims=\"1\" loading=\"lazy\" decoding=\"async\" data-attachment-id=\"11129\" data-permalink=\"http:\/\/blogdalucianaoliveira.com.br\/blog\/2017\/05\/30\/moro-destruiu-a-minha-vida-profissional-e-financeira-perdi-todas-as-minhas-representacoes-e-tenho-uma-filha-doente-para-sustentar\/processo-7\/\" data-orig-file=\"https:\/\/i0.wp.com\/blogdalucianaoliveira.com.br\/blog\/wp-content\/uploads\/2017\/05\/processo-7.jpg?fit=600%2C169\" data-orig-size=\"600,169\" data-comments-opened=\"0\" data-image-meta=\"{&quot;aperture&quot;:&quot;0&quot;,&quot;credit&quot;:&quot;&quot;,&quot;camera&quot;:&quot;&quot;,&quot;caption&quot;:&quot;&quot;,&quot;created_timestamp&quot;:&quot;0&quot;,&quot;copyright&quot;:&quot;&quot;,&quot;focal_length&quot;:&quot;0&quot;,&quot;iso&quot;:&quot;0&quot;,&quot;shutter_speed&quot;:&quot;0&quot;,&quot;title&quot;:&quot;&quot;,&quot;orientation&quot;:&quot;1&quot;}\" data-image-title=\"processo-7\" data-image-description=\"\" data-image-caption=\"\" data-medium-file=\"https:\/\/i0.wp.com\/blogdalucianaoliveira.com.br\/blog\/wp-content\/uploads\/2017\/05\/processo-7.jpg?fit=300%2C85\" data-large-file=\"https:\/\/i0.wp.com\/blogdalucianaoliveira.com.br\/blog\/wp-content\/uploads\/2017\/05\/processo-7.jpg?fit=600%2C169\" src=\"https:\/\/i0.wp.com\/blogdalucianaoliveira.com.br\/blog\/wp-content\/uploads\/2017\/05\/processo-7.jpg?resize=600%2C169\" alt=\"processo-7\" width=\"600\" height=\"169\" class=\"alignnone size-full wp-image-11129\" srcset=\"https:\/\/i0.wp.com\/blogdalucianaoliveira.com.br\/blog\/wp-content\/uploads\/2017\/05\/processo-7.jpg?w=600 600w, https:\/\/i0.wp.com\/blogdalucianaoliveira.com.br\/blog\/wp-content\/uploads\/2017\/05\/processo-7.jpg?resize=300%2C85 300w\" sizes=\"auto, (max-width: 600px) 100vw, 600px\" \/><\/p>\n<p>Eu escrevi o primeiro par\u00e1grafo, o segundo n\u00e3o sei de quem \u00e9, trata-se de um coment\u00e1rio aposto ao que eu escrevi. Ponto. E \u00e9, claramente, um coment\u00e1rio idiota, mas nada tem que ver com o que escrevi. E nem deveria ter sido levado em conta.<\/p>\n<p>\u00c9 \u00f3bvio que se trata de uma estupidez de algu\u00e9m que n\u00e3o mede o que diz. H\u00e1 milhares de coment\u00e1rios iguais na internet. Abaixo, um exemplo.<\/p>\n<p><img data-recalc-dims=\"1\" loading=\"lazy\" decoding=\"async\" data-attachment-id=\"11130\" data-permalink=\"http:\/\/blogdalucianaoliveira.com.br\/blog\/2017\/05\/30\/moro-destruiu-a-minha-vida-profissional-e-financeira-perdi-todas-as-minhas-representacoes-e-tenho-uma-filha-doente-para-sustentar\/processo-8\/\" data-orig-file=\"https:\/\/i0.wp.com\/blogdalucianaoliveira.com.br\/blog\/wp-content\/uploads\/2017\/05\/processo-8.jpg?fit=600%2C400\" data-orig-size=\"600,400\" data-comments-opened=\"0\" data-image-meta=\"{&quot;aperture&quot;:&quot;0&quot;,&quot;credit&quot;:&quot;&quot;,&quot;camera&quot;:&quot;&quot;,&quot;caption&quot;:&quot;&quot;,&quot;created_timestamp&quot;:&quot;0&quot;,&quot;copyright&quot;:&quot;&quot;,&quot;focal_length&quot;:&quot;0&quot;,&quot;iso&quot;:&quot;0&quot;,&quot;shutter_speed&quot;:&quot;0&quot;,&quot;title&quot;:&quot;&quot;,&quot;orientation&quot;:&quot;1&quot;}\" data-image-title=\"processo-8\" data-image-description=\"\" data-image-caption=\"\" data-medium-file=\"https:\/\/i0.wp.com\/blogdalucianaoliveira.com.br\/blog\/wp-content\/uploads\/2017\/05\/processo-8.jpg?fit=300%2C200\" data-large-file=\"https:\/\/i0.wp.com\/blogdalucianaoliveira.com.br\/blog\/wp-content\/uploads\/2017\/05\/processo-8.jpg?fit=600%2C400\" src=\"https:\/\/i0.wp.com\/blogdalucianaoliveira.com.br\/blog\/wp-content\/uploads\/2017\/05\/processo-8.jpg?resize=600%2C400\" alt=\"processo-8\" width=\"600\" height=\"400\" class=\"alignnone size-full wp-image-11130\" srcset=\"https:\/\/i0.wp.com\/blogdalucianaoliveira.com.br\/blog\/wp-content\/uploads\/2017\/05\/processo-8.jpg?w=600 600w, https:\/\/i0.wp.com\/blogdalucianaoliveira.com.br\/blog\/wp-content\/uploads\/2017\/05\/processo-8.jpg?resize=300%2C200 300w, https:\/\/i0.wp.com\/blogdalucianaoliveira.com.br\/blog\/wp-content\/uploads\/2017\/05\/processo-8.jpg?resize=450%2C300 450w\" sizes=\"auto, (max-width: 600px) 100vw, 600px\" \/><\/p>\n<p>Ser\u00e1 que a Apajufe mandou a Justi\u00e7a perseguir a autora desse coment\u00e1rio?<\/p>\n<p>O \u00faltimo argumento que o juiz Moro d\u00e1 antes de reconhecer que \u00e9 suspeito para me julgar, se n\u00e3o fosse tr\u00e1gico e verdadeiramente assustador, seria divertido. Ele diz que \u201cn\u00e3o se lembrava\u201d de que me processa por \u201camea\u00e7a\u201d e de que fez isso dois meses depois de eu representar contra ele no Conselho Nacional de Justi\u00e7a.<\/p>\n<p><img data-recalc-dims=\"1\" loading=\"lazy\" decoding=\"async\" data-attachment-id=\"11131\" data-permalink=\"http:\/\/blogdalucianaoliveira.com.br\/blog\/2017\/05\/30\/moro-destruiu-a-minha-vida-profissional-e-financeira-perdi-todas-as-minhas-representacoes-e-tenho-uma-filha-doente-para-sustentar\/processo-9\/\" data-orig-file=\"https:\/\/i0.wp.com\/blogdalucianaoliveira.com.br\/blog\/wp-content\/uploads\/2017\/05\/processo-9.jpg?fit=600%2C328\" data-orig-size=\"600,328\" data-comments-opened=\"0\" data-image-meta=\"{&quot;aperture&quot;:&quot;0&quot;,&quot;credit&quot;:&quot;&quot;,&quot;camera&quot;:&quot;&quot;,&quot;caption&quot;:&quot;&quot;,&quot;created_timestamp&quot;:&quot;0&quot;,&quot;copyright&quot;:&quot;&quot;,&quot;focal_length&quot;:&quot;0&quot;,&quot;iso&quot;:&quot;0&quot;,&quot;shutter_speed&quot;:&quot;0&quot;,&quot;title&quot;:&quot;&quot;,&quot;orientation&quot;:&quot;1&quot;}\" data-image-title=\"processo-9\" data-image-description=\"\" data-image-caption=\"\" data-medium-file=\"https:\/\/i0.wp.com\/blogdalucianaoliveira.com.br\/blog\/wp-content\/uploads\/2017\/05\/processo-9.jpg?fit=300%2C164\" data-large-file=\"https:\/\/i0.wp.com\/blogdalucianaoliveira.com.br\/blog\/wp-content\/uploads\/2017\/05\/processo-9.jpg?fit=600%2C328\" src=\"https:\/\/i0.wp.com\/blogdalucianaoliveira.com.br\/blog\/wp-content\/uploads\/2017\/05\/processo-9.jpg?resize=600%2C328\" alt=\"processo-9\" width=\"600\" height=\"328\" class=\"alignnone size-full wp-image-11131\" srcset=\"https:\/\/i0.wp.com\/blogdalucianaoliveira.com.br\/blog\/wp-content\/uploads\/2017\/05\/processo-9.jpg?w=600 600w, https:\/\/i0.wp.com\/blogdalucianaoliveira.com.br\/blog\/wp-content\/uploads\/2017\/05\/processo-9.jpg?resize=300%2C164 300w, https:\/\/i0.wp.com\/blogdalucianaoliveira.com.br\/blog\/wp-content\/uploads\/2017\/05\/processo-9.jpg?resize=549%2C300 549w\" sizes=\"auto, (max-width: 600px) 100vw, 600px\" \/><\/p>\n<p>Com a clara inten\u00e7\u00e3o de me desqualificar, apesar de ter movido c\u00e9us e terras contra mim, o juiz diz que meu Blog \u00e9 \u201cpouco conhecido\u201d. \u00c9 t\u00e3o \u201cpouco conhecido\u201d que a 24\u00aa fase da Lava Jato teve sua execu\u00e7\u00e3o adiada por conta do que aqui foi publicado e, como se n\u00e3o bastasse, estou sendo perseguido pela justi\u00e7a e pelo magistrado mais famoso do Brasil.<\/p>\n<p>O Blog da Cidadania \u00e9 t\u00e3o pouco conhecido que um blogueiro da Veja \u201cdenunciou\u201d a tal hist\u00f3ria da amea\u00e7a.<\/p>\n<p><img data-recalc-dims=\"1\" loading=\"lazy\" decoding=\"async\" data-attachment-id=\"11133\" data-permalink=\"http:\/\/blogdalucianaoliveira.com.br\/blog\/2017\/05\/30\/moro-destruiu-a-minha-vida-profissional-e-financeira-perdi-todas-as-minhas-representacoes-e-tenho-uma-filha-doente-para-sustentar\/blogueiro-analfabeto\/\" data-orig-file=\"https:\/\/i0.wp.com\/blogdalucianaoliveira.com.br\/blog\/wp-content\/uploads\/2017\/05\/blogueiro-analfabeto.jpg?fit=588%2C1320\" data-orig-size=\"588,1320\" data-comments-opened=\"0\" data-image-meta=\"{&quot;aperture&quot;:&quot;0&quot;,&quot;credit&quot;:&quot;&quot;,&quot;camera&quot;:&quot;&quot;,&quot;caption&quot;:&quot;&quot;,&quot;created_timestamp&quot;:&quot;0&quot;,&quot;copyright&quot;:&quot;&quot;,&quot;focal_length&quot;:&quot;0&quot;,&quot;iso&quot;:&quot;0&quot;,&quot;shutter_speed&quot;:&quot;0&quot;,&quot;title&quot;:&quot;&quot;,&quot;orientation&quot;:&quot;1&quot;}\" data-image-title=\"blogueiro-analfabeto\" data-image-description=\"\" data-image-caption=\"\" data-medium-file=\"https:\/\/i0.wp.com\/blogdalucianaoliveira.com.br\/blog\/wp-content\/uploads\/2017\/05\/blogueiro-analfabeto.jpg?fit=134%2C300\" data-large-file=\"https:\/\/i0.wp.com\/blogdalucianaoliveira.com.br\/blog\/wp-content\/uploads\/2017\/05\/blogueiro-analfabeto.jpg?fit=456%2C1024\" src=\"https:\/\/i0.wp.com\/blogdalucianaoliveira.com.br\/blog\/wp-content\/uploads\/2017\/05\/blogueiro-analfabeto.jpg?resize=588%2C1320\" alt=\"blogueiro-analfabeto\" width=\"588\" height=\"1320\" class=\"alignnone size-full wp-image-11133\" srcset=\"https:\/\/i0.wp.com\/blogdalucianaoliveira.com.br\/blog\/wp-content\/uploads\/2017\/05\/blogueiro-analfabeto.jpg?w=588 588w, https:\/\/i0.wp.com\/blogdalucianaoliveira.com.br\/blog\/wp-content\/uploads\/2017\/05\/blogueiro-analfabeto.jpg?resize=134%2C300 134w, https:\/\/i0.wp.com\/blogdalucianaoliveira.com.br\/blog\/wp-content\/uploads\/2017\/05\/blogueiro-analfabeto.jpg?resize=456%2C1024 456w\" sizes=\"auto, (max-width: 588px) 100vw, 588px\" \/><\/p>\n<p>Todos os dias, Sergio Moro ou Lula ou A\u00e9cio Neves ou qualquer figura p\u00fablica de relevo s\u00e3o insultados, amea\u00e7ados e difamados milh\u00f5es de vezes na internet. De forma muito mais grave do que a que me \u00e9 atribu\u00edda. Todos os dias, informa\u00e7\u00f5es sens\u00edveis s\u00e3o divulgadas por toda internet. E ningu\u00e9m d\u00e1 bola porque essas coisas s\u00e3o ditas por gente realmente desconhecida.<\/p>\n<p>Como se v\u00ea, n\u00e3o \u00e9 o caso do Blog da Cidadania\u2026<\/p>\n<p>Mas, como Moro sabe que n\u00e3o pode me julgar por ser meu inimigo capital e que, ao me perseguir, cometeu uma impropriedade jur\u00eddica \u2013 para dizer o m\u00ednimo -, saiu-se com todo esse discurso. Mas, ao final, declarou-se SUSPEITO para me julgar.<\/p>\n<p><img data-recalc-dims=\"1\" loading=\"lazy\" decoding=\"async\" data-attachment-id=\"11132\" data-permalink=\"http:\/\/blogdalucianaoliveira.com.br\/blog\/2017\/05\/30\/moro-destruiu-a-minha-vida-profissional-e-financeira-perdi-todas-as-minhas-representacoes-e-tenho-uma-filha-doente-para-sustentar\/processo-11-2\/\" data-orig-file=\"https:\/\/i0.wp.com\/blogdalucianaoliveira.com.br\/blog\/wp-content\/uploads\/2017\/05\/processo-11-1.jpg?fit=639%2C418\" data-orig-size=\"639,418\" data-comments-opened=\"0\" data-image-meta=\"{&quot;aperture&quot;:&quot;0&quot;,&quot;credit&quot;:&quot;&quot;,&quot;camera&quot;:&quot;&quot;,&quot;caption&quot;:&quot;&quot;,&quot;created_timestamp&quot;:&quot;0&quot;,&quot;copyright&quot;:&quot;&quot;,&quot;focal_length&quot;:&quot;0&quot;,&quot;iso&quot;:&quot;0&quot;,&quot;shutter_speed&quot;:&quot;0&quot;,&quot;title&quot;:&quot;&quot;,&quot;orientation&quot;:&quot;1&quot;}\" data-image-title=\"processo-11\" data-image-description=\"\" data-image-caption=\"\" data-medium-file=\"https:\/\/i0.wp.com\/blogdalucianaoliveira.com.br\/blog\/wp-content\/uploads\/2017\/05\/processo-11-1.jpg?fit=300%2C196\" data-large-file=\"https:\/\/i0.wp.com\/blogdalucianaoliveira.com.br\/blog\/wp-content\/uploads\/2017\/05\/processo-11-1.jpg?fit=600%2C392\" src=\"https:\/\/i0.wp.com\/blogdalucianaoliveira.com.br\/blog\/wp-content\/uploads\/2017\/05\/processo-11-1.jpg?resize=600%2C392\" alt=\"processo-11\" width=\"600\" height=\"392\" class=\"alignnone size-full wp-image-11132\" srcset=\"https:\/\/i0.wp.com\/blogdalucianaoliveira.com.br\/blog\/wp-content\/uploads\/2017\/05\/processo-11-1.jpg?w=639 639w, https:\/\/i0.wp.com\/blogdalucianaoliveira.com.br\/blog\/wp-content\/uploads\/2017\/05\/processo-11-1.jpg?resize=300%2C196 300w, https:\/\/i0.wp.com\/blogdalucianaoliveira.com.br\/blog\/wp-content\/uploads\/2017\/05\/processo-11-1.jpg?resize=459%2C300 459w\" sizes=\"auto, (max-width: 600px) 100vw, 600px\" \/><\/p>\n<p>Resta, por\u00e9m, uma d\u00favida: na m\u00e3o de quem meu processo vai parar? Seria de algum juiz da Apajufe? Se for, ser\u00e1 igualmente suspeito, porque a Apajufe est\u00e1 envolvida em um processo contra mim totalmente fundado em falsidades. Ou seja: essa investiga\u00e7\u00e3o por \u201cembara\u00e7ar investiga\u00e7\u00f5es\u201d tem que sair da Justi\u00e7a paranaense. Em nome do Estado de Direito.<\/p>\n<p>*<\/p>\n<p>PS: Com esse processo, Moro destruiu a minha vida profissional e financeira. Perdi todas as minhas representa\u00e7\u00f5es. E tenho uma filha doente para sustentar. Pe\u00e7o sua ajuda para divulgar os fatos deste post.<\/p>\n<p>PS 2: Se algu\u00e9m puder colaborar com o Blog, eis um link para faz\u00ea-lo. Esses processos infames que sofro me causaram graves danos morais e financeiros. Clique aqui para colaborar<\/p>\n","protected":false},"excerpt":{"rendered":"<p>Moro reconhece ser suspeito para me julgar e sai do processo<\/p>\n","protected":false},"author":1,"featured_media":0,"comment_status":"closed","ping_status":"open","sticky":false,"template":"","format":"standard","meta":{"_exactmetrics_skip_tracking":false,"_exactmetrics_sitenote_active":false,"_exactmetrics_sitenote_note":"","_exactmetrics_sitenote_category":0,"jetpack_post_was_ever_published":false,"_jetpack_newsletter_access":"","_jetpack_dont_email_post_to_subs":false,"_jetpack_newsletter_tier_id":0,"_jetpack_memberships_contains_paywalled_content":false,"_jetpack_memberships_contains_paid_content":false,"footnotes":"","jetpack_publicize_message":"","jetpack_publicize_feature_enabled":true,"jetpack_social_post_already_shared":true,"jetpack_social_options":{"image_generator_settings":{"template":"highway","enabled":false},"version":2}},"categories":[1],"tags":[],"class_list":["post-11121","post","type-post","status-publish","format-standard","hentry","category-notas"],"jetpack_publicize_connections":[],"jetpack_sharing_enabled":true,"jetpack_featured_media_url":"","jetpack_shortlink":"https:\/\/wp.me\/p7wKYW-2Tn","jetpack-related-posts":[],"_links":{"self":[{"href":"http:\/\/blogdalucianaoliveira.com.br\/blog\/wp-json\/wp\/v2\/posts\/11121","targetHints":{"allow":["GET"]}}],"collection":[{"href":"http:\/\/blogdalucianaoliveira.com.br\/blog\/wp-json\/wp\/v2\/posts"}],"about":[{"href":"http:\/\/blogdalucianaoliveira.com.br\/blog\/wp-json\/wp\/v2\/types\/post"}],"author":[{"embeddable":true,"href":"http:\/\/blogdalucianaoliveira.com.br\/blog\/wp-json\/wp\/v2\/users\/1"}],"replies":[{"embeddable":true,"href":"http:\/\/blogdalucianaoliveira.com.br\/blog\/wp-json\/wp\/v2\/comments?post=11121"}],"version-history":[{"count":1,"href":"http:\/\/blogdalucianaoliveira.com.br\/blog\/wp-json\/wp\/v2\/posts\/11121\/revisions"}],"predecessor-version":[{"id":11134,"href":"http:\/\/blogdalucianaoliveira.com.br\/blog\/wp-json\/wp\/v2\/posts\/11121\/revisions\/11134"}],"wp:attachment":[{"href":"http:\/\/blogdalucianaoliveira.com.br\/blog\/wp-json\/wp\/v2\/media?parent=11121"}],"wp:term":[{"taxonomy":"category","embeddable":true,"href":"http:\/\/blogdalucianaoliveira.com.br\/blog\/wp-json\/wp\/v2\/categories?post=11121"},{"taxonomy":"post_tag","embeddable":true,"href":"http:\/\/blogdalucianaoliveira.com.br\/blog\/wp-json\/wp\/v2\/tags?post=11121"}],"curies":[{"name":"wp","href":"https:\/\/api.w.org\/{rel}","templated":true}]}}