{"id":11135,"date":"2017-05-30T22:23:16","date_gmt":"2017-05-31T02:23:16","guid":{"rendered":"http:\/\/blogdalucianaoliveira.com.br\/blog\/?p=11135"},"modified":"2017-05-30T22:23:16","modified_gmt":"2017-05-31T02:23:16","slug":"economistas-pedem-fora-temer-e-diretas-ja","status":"publish","type":"post","link":"http:\/\/blogdalucianaoliveira.com.br\/blog\/2017\/05\/30\/economistas-pedem-fora-temer-e-diretas-ja\/","title":{"rendered":"ECONOMISTAS PEDEM FORA TEMER E DIRETAS J\u00c1"},"content":{"rendered":"<p><img data-recalc-dims=\"1\" loading=\"lazy\" decoding=\"async\" data-attachment-id=\"11136\" data-permalink=\"http:\/\/blogdalucianaoliveira.com.br\/blog\/2017\/05\/30\/economistas-pedem-fora-temer-e-diretas-ja\/eco\/\" data-orig-file=\"https:\/\/i0.wp.com\/blogdalucianaoliveira.com.br\/blog\/wp-content\/uploads\/2017\/05\/eco.jpg?fit=1000%2C357\" data-orig-size=\"1000,357\" data-comments-opened=\"0\" data-image-meta=\"{&quot;aperture&quot;:&quot;0&quot;,&quot;credit&quot;:&quot;&quot;,&quot;camera&quot;:&quot;&quot;,&quot;caption&quot;:&quot;&quot;,&quot;created_timestamp&quot;:&quot;0&quot;,&quot;copyright&quot;:&quot;&quot;,&quot;focal_length&quot;:&quot;0&quot;,&quot;iso&quot;:&quot;0&quot;,&quot;shutter_speed&quot;:&quot;0&quot;,&quot;title&quot;:&quot;&quot;,&quot;orientation&quot;:&quot;0&quot;}\" data-image-title=\"eco\" data-image-description=\"\" data-image-caption=\"\" data-medium-file=\"https:\/\/i0.wp.com\/blogdalucianaoliveira.com.br\/blog\/wp-content\/uploads\/2017\/05\/eco.jpg?fit=300%2C107\" data-large-file=\"https:\/\/i0.wp.com\/blogdalucianaoliveira.com.br\/blog\/wp-content\/uploads\/2017\/05\/eco.jpg?fit=600%2C214\" src=\"https:\/\/i0.wp.com\/blogdalucianaoliveira.com.br\/blog\/wp-content\/uploads\/2017\/05\/eco.jpg?resize=600%2C214\" alt=\"eco\" width=\"600\" height=\"214\" class=\"alignnone size-full wp-image-11136\" srcset=\"https:\/\/i0.wp.com\/blogdalucianaoliveira.com.br\/blog\/wp-content\/uploads\/2017\/05\/eco.jpg?w=1000 1000w, https:\/\/i0.wp.com\/blogdalucianaoliveira.com.br\/blog\/wp-content\/uploads\/2017\/05\/eco.jpg?resize=300%2C107 300w, https:\/\/i0.wp.com\/blogdalucianaoliveira.com.br\/blog\/wp-content\/uploads\/2017\/05\/eco.jpg?resize=768%2C274 768w, https:\/\/i0.wp.com\/blogdalucianaoliveira.com.br\/blog\/wp-content\/uploads\/2017\/05\/eco.jpg?resize=800%2C286 800w\" sizes=\"auto, (max-width: 600px) 100vw, 600px\" \/><\/p>\n<p>Do Infomoney &#8211; O Conselho Federal de Economia (Cofecon) divulgou nota nesta ter\u00e7a-feira (30) em que critica as reformas do governo federal, como a trabalhista e a previdenci\u00e1ria, pede o afastamento do presidente Michel Temer do cargo e ainda prega pela realiza\u00e7\u00e3o de elei\u00e7\u00f5es diretas como &#8220;passos indispens\u00e1veis para a t\u00e3o desejada retomada do crescimento econ\u00f4mico&#8221;.<!--more--><\/p>\n<p>O Cofecon ressalta que j\u00e1 havia pedido, em 19 de maio, a &#8220;apura\u00e7\u00e3o c\u00e9lere das graves den\u00fancias envolvendo a Presid\u00eancia&#8221; e prop\u00f4s que &#8220;em havendo vac\u00e2ncia do cargo de Presidente, que sejam convocadas elei\u00e7\u00f5es gerais diretas antecipadas para a Presid\u00eancia da Rep\u00fablica e para a C\u00e2mara dos Deputados e 2\/3 do Senado Federal, com mandatos que excepcionalmente finalizem em 2022, mediante a aprova\u00e7\u00e3o de uma Proposta de Emenda Constitucional&#8221;.<\/p>\n<p>Agora, o Conselho afirma que novos e graves fatos surgiram nos \u00faltimos 10 dias: a) a libera\u00e7\u00e3o, pela Procuradoria Geral da Rep\u00fablica, da \u00edntegra da grava\u00e7\u00e3o da conversa entre Temer e Joesley Batista; b) entrevista do presidente ao jornal Folha de S\u00e3o Paulo, reconhecendo o teor da grava\u00e7\u00e3o; c) a &#8220;Marcha dos 100 mil&#8221; em Bras\u00edlia contra as reformas; d) os 13 pedidos de impeachment de Temer j\u00e1 impetrados, em especial o da OAB; e e) o ato com 150 mil manifestantes no Rio de Janeiro pelo impeachment e pelas Diretas J\u00e1.<\/p>\n<p>&#8220;Tratam-se de fatos que aprofundaram ainda mais a crise pol\u00edtico-institucional, com consequ\u00eancias negativas para o cen\u00e1rio econ\u00f4mico&#8221;, diz a nota.<\/p>\n<p>&#8220;Tanto a perman\u00eancia de Temer quanto a elei\u00e7\u00e3o indireta de um novo presidente manter\u00e3o a economia brasileira &#8216;na UTI&#8217; nos pr\u00f3ximos 18 meses, com a retra\u00e7\u00e3o dos investimentos e a consequente amplia\u00e7\u00e3o do desemprego, fomentando a desesperan\u00e7a e ampliando o risco de explos\u00e3o do &#8216;caldeir\u00e3o social'&#8221;, diz o texto.<\/p>\n<p>&#8220;Portanto, afastar Temer, sustar a agenda de &#8216;reformas&#8217; e realizar elei\u00e7\u00f5es diretas s\u00e3o passos indispens\u00e1veis para a t\u00e3o desejada retomada do crescimento econ\u00f4mico&#8221;, conclui a nota do Cofecon.<\/p>\n","protected":false},"excerpt":{"rendered":"<p>Do Infomoney &#8211; O Conselho Federal de Economia (Cofecon) divulgou nota nesta ter\u00e7a-feira (30) em que critica as reformas do governo federal, como a trabalhista e a previdenci\u00e1ria, pede o afastamento do presidente Michel Temer do cargo e ainda prega pela realiza\u00e7\u00e3o de elei\u00e7\u00f5es diretas como &#8220;passos indispens\u00e1veis para a t\u00e3o desejada retomada do crescimento&#8230;<a class=\"more-link\" href=\"http:\/\/blogdalucianaoliveira.com.br\/blog\/2017\/05\/30\/economistas-pedem-fora-temer-e-diretas-ja\/\">Continue a leitura <span class=\"meta-nav\">&raquo;<\/span><\/a><\/p>\n","protected":false},"author":1,"featured_media":0,"comment_status":"closed","ping_status":"open","sticky":false,"template":"","format":"standard","meta":{"_exactmetrics_skip_tracking":false,"_exactmetrics_sitenote_active":false,"_exactmetrics_sitenote_note":"","_exactmetrics_sitenote_category":0,"jetpack_post_was_ever_published":false,"_jetpack_newsletter_access":"","_jetpack_dont_email_post_to_subs":false,"_jetpack_newsletter_tier_id":0,"_jetpack_memberships_contains_paywalled_content":false,"_jetpack_memberships_contains_paid_content":false,"footnotes":"","jetpack_publicize_message":"","jetpack_publicize_feature_enabled":true,"jetpack_social_post_already_shared":true,"jetpack_social_options":{"image_generator_settings":{"template":"highway","enabled":false},"version":2}},"categories":[1],"tags":[],"class_list":["post-11135","post","type-post","status-publish","format-standard","hentry","category-notas"],"jetpack_publicize_connections":[],"jetpack_sharing_enabled":true,"jetpack_featured_media_url":"","jetpack_shortlink":"https:\/\/wp.me\/p7wKYW-2TB","jetpack-related-posts":[],"_links":{"self":[{"href":"http:\/\/blogdalucianaoliveira.com.br\/blog\/wp-json\/wp\/v2\/posts\/11135","targetHints":{"allow":["GET"]}}],"collection":[{"href":"http:\/\/blogdalucianaoliveira.com.br\/blog\/wp-json\/wp\/v2\/posts"}],"about":[{"href":"http:\/\/blogdalucianaoliveira.com.br\/blog\/wp-json\/wp\/v2\/types\/post"}],"author":[{"embeddable":true,"href":"http:\/\/blogdalucianaoliveira.com.br\/blog\/wp-json\/wp\/v2\/users\/1"}],"replies":[{"embeddable":true,"href":"http:\/\/blogdalucianaoliveira.com.br\/blog\/wp-json\/wp\/v2\/comments?post=11135"}],"version-history":[{"count":1,"href":"http:\/\/blogdalucianaoliveira.com.br\/blog\/wp-json\/wp\/v2\/posts\/11135\/revisions"}],"predecessor-version":[{"id":11137,"href":"http:\/\/blogdalucianaoliveira.com.br\/blog\/wp-json\/wp\/v2\/posts\/11135\/revisions\/11137"}],"wp:attachment":[{"href":"http:\/\/blogdalucianaoliveira.com.br\/blog\/wp-json\/wp\/v2\/media?parent=11135"}],"wp:term":[{"taxonomy":"category","embeddable":true,"href":"http:\/\/blogdalucianaoliveira.com.br\/blog\/wp-json\/wp\/v2\/categories?post=11135"},{"taxonomy":"post_tag","embeddable":true,"href":"http:\/\/blogdalucianaoliveira.com.br\/blog\/wp-json\/wp\/v2\/tags?post=11135"}],"curies":[{"name":"wp","href":"https:\/\/api.w.org\/{rel}","templated":true}]}}