{"id":11138,"date":"2017-05-30T22:27:09","date_gmt":"2017-05-31T02:27:09","guid":{"rendered":"http:\/\/blogdalucianaoliveira.com.br\/blog\/?p=11138"},"modified":"2017-05-30T22:27:09","modified_gmt":"2017-05-31T02:27:09","slug":"menos-cinismo-com-a-democracia-por-favor","status":"publish","type":"post","link":"http:\/\/blogdalucianaoliveira.com.br\/blog\/2017\/05\/30\/menos-cinismo-com-a-democracia-por-favor\/","title":{"rendered":"Menos cinismo com a democracia, por favor"},"content":{"rendered":"<p><img data-recalc-dims=\"1\" loading=\"lazy\" decoding=\"async\" data-attachment-id=\"11139\" data-permalink=\"http:\/\/blogdalucianaoliveira.com.br\/blog\/2017\/05\/30\/menos-cinismo-com-a-democracia-por-favor\/direta-3\/\" data-orig-file=\"https:\/\/i0.wp.com\/blogdalucianaoliveira.com.br\/blog\/wp-content\/uploads\/2017\/05\/direta-1.jpg?fit=490%2C280\" data-orig-size=\"490,280\" data-comments-opened=\"0\" data-image-meta=\"{&quot;aperture&quot;:&quot;0&quot;,&quot;credit&quot;:&quot;&quot;,&quot;camera&quot;:&quot;&quot;,&quot;caption&quot;:&quot;&quot;,&quot;created_timestamp&quot;:&quot;0&quot;,&quot;copyright&quot;:&quot;&quot;,&quot;focal_length&quot;:&quot;0&quot;,&quot;iso&quot;:&quot;0&quot;,&quot;shutter_speed&quot;:&quot;0&quot;,&quot;title&quot;:&quot;&quot;,&quot;orientation&quot;:&quot;0&quot;}\" data-image-title=\"direta\" data-image-description=\"\" data-image-caption=\"\" data-medium-file=\"https:\/\/i0.wp.com\/blogdalucianaoliveira.com.br\/blog\/wp-content\/uploads\/2017\/05\/direta-1.jpg?fit=300%2C171\" data-large-file=\"https:\/\/i0.wp.com\/blogdalucianaoliveira.com.br\/blog\/wp-content\/uploads\/2017\/05\/direta-1.jpg?fit=490%2C280\" src=\"https:\/\/i0.wp.com\/blogdalucianaoliveira.com.br\/blog\/wp-content\/uploads\/2017\/05\/direta-1.jpg?resize=490%2C280\" alt=\"direta\" width=\"490\" height=\"280\" class=\"alignnone size-full wp-image-11139\" srcset=\"https:\/\/i0.wp.com\/blogdalucianaoliveira.com.br\/blog\/wp-content\/uploads\/2017\/05\/direta-1.jpg?w=490 490w, https:\/\/i0.wp.com\/blogdalucianaoliveira.com.br\/blog\/wp-content\/uploads\/2017\/05\/direta-1.jpg?resize=300%2C171 300w\" sizes=\"auto, (max-width: 490px) 100vw, 490px\" \/><\/p>\n<p>Advers\u00e1rios das Diretas-J\u00e1 poderiam contribuir para a cria\u00e7\u00e3o de um ambiente pol\u00edtico menos indecente se evitassem fazer do cinismo seu argumento principal.<!--more--><\/p>\n<p>No 247<br \/>\nPaulo Moreira<\/p>\n<p>Voc\u00ea sabe do que se trata. Sempre que se discute, na GloboNews ou numa mesa de bar, a poss\u00edvel queda de Michel Temer da presid\u00eancia,  assiste-se a uma cena previs\u00edvel. <\/p>\n<p>Os advers\u00e1rios das diretas-j\u00e1 &#8212; muito mais numerosos na GloboNews do que nos botequins &#8212; fazem express\u00e3o de simulada sabedoria, com gravidade na voz,  para lembrar que, quando se trata de cumprir um mandato presidencial num per\u00edodo inferior a dois anos, o artigo 81 da Constitui\u00e7\u00e3o prev\u00ea elei\u00e7\u00e3o indireta. O tom \u00e9 de quem acabou de ouvir uma revela\u00e7\u00e3o divina, \u00e0 qual os presentes devem render-se de cabe\u00e7a baixa. Ser\u00e1 que isso encerra o debate?<\/p>\n<p>Claro que n\u00e3o.<\/p>\n<p>A Reforma da Previd\u00eancia, principal batalha pol\u00edtica da coaliza\u00e7\u00e3o golpista, tamb\u00e9m contraria a Constitui\u00e7\u00e3o. Para ser aprovada, o governo ter\u00e1 de conseguir tr\u00eas quintos dos votos da C\u00e2mara e do Senado. Isso n\u00e3o tem impedido o Planalto travar uma batalha desleal e sangrenta, onde as chantagens se multiplicam, para garantir que seja aprovada de qualquer maneira. Algu\u00e9m se lembrou de seu car\u00e1ter inconstitucional? <\/p>\n<p>Emenda que criou o teto dos gastos contrariava a carta de 1988 e s\u00f3 foi aprovada porque, pagando a conta do apoio do mercado ao golpe, Temer-Meirelles conseguiram os votos necess\u00e1rios. Em v\u00e1rios est\u00e1gios de prepara\u00e7\u00e3o, a coaliz\u00e3o j\u00e1 possui outras tr\u00eas emendas constitucionais no forno.<\/p>\n<p>Para racionalizar o debate, \u00e9 bom lembrar um dado crucial. A Constitui\u00e7\u00e3o j\u00e1 foi emendada 105 vezes de 1988 para c\u00e1. Um placar significativo, numa carta com 250 artigos e 80 emendas.  <\/p>\n<p>Outro aspecto ajuda a demonstrar que o esfor\u00e7o para sacralizar um debate pol\u00edtico n\u00e3o passa de uma tentativa de fugir de uma discuss\u00e3o necess\u00e1ria sobre os fundamentos democr\u00e1ticos de nosso regime pol\u00edtico. Envolve aquilo que os estudiosos definem como &#8220;esp\u00edrito&#8221; da Constitui\u00e7\u00e3o.<\/p>\n<p>N\u00e3o h\u00e1 nenhum valor sobrenatural aqui. S\u00e3o aquelas verdades que n\u00e3o foram escritas, mas transparecem a partir de uma interpreta\u00e7\u00e3o l\u00f3gica e honesta do texto, necess\u00e1ria quando surge um contexto novo &#8212; como agora &#8212; para discutir uma decis\u00e3o j\u00e1 envelhecida. <\/p>\n<p>A prova de que a urna  \u00e9 um instrumento essencial da Carta de 88, uma no\u00e7\u00e3o fort\u00edssima, se encontra no par\u00e1grafo 4 do artigo 60. Ali s\u00e3o listadas as \u00fanicas quatro clausulas p\u00e9treas, aquelas que n\u00e3o podem ser modificadas nem por emenda constitucional. N\u00e3o por acaso, a primeira \u00e9 o &#8220;voto direto, secreto e universal&#8221;. (As outras s\u00e3o a Republica Federativa, a separa\u00e7\u00e3o dos Poderes, os direitos e garantias individuais). A Constitui\u00e7\u00e3o tamb\u00e9m diz que o voto deve ser &#8220;peri\u00f3dico&#8221;.  Um tra\u00e7o que cabe recordar agora,  quando se recorda que a escolha do sucessor de Temer, pelo Congresso, representa uma segunda ilegitimidade acumulada. <\/p>\n<p>(O mesmo &#8220;esp\u00edrito da Constitui\u00e7\u00e3o&#8221; permite apontar o car\u00e1ter estranho, constitucionalmente incoerente, da proposta de reforma da Previd\u00eancia e da emenda que congelou os gastos p\u00fablicos por 20 anos. No artigo terceiro, a Constitui\u00e7\u00e3o emprega termos absolutos, como &#8220;erradica\u00e7\u00e3o&#8221; da mis\u00e9ria, da pobreza e a desigualdade, para definir  seus &#8220;objetivos fundamentais&#8221;. Tamb\u00e9m inclui o &#8220;desenvolvimento nacional&#8221; &#8212; incompat\u00edvel com o congelamento de gastos p\u00fablicos &#8212; como um &#8220;objetivo fundamental&#8221; da Rep\u00fablica. Isso significa que mesmo um governo perversamente reacion\u00e1rio como Temer-Meirelles t\u00eam obriga\u00e7\u00e3o constitucional zelar pelos mais pobres e para regi\u00f5es menos desenvolvidas, em vez de entregar os direitos dos trabalhadores e as riquezas nacionais para aventureiros de todo tipo).     <\/p>\n<p>O debate, como se v\u00ea, \u00e9 pol\u00edtico e assim deve ser encarado. Quem combate a realiza\u00e7\u00e3o de diretas-j\u00e1 se esconde atr\u00e1s de artigo da Constitui\u00e7\u00e3o &#8212; sujeito a mudan\u00e7as por decis\u00e3o do Congresso &#8212; para escapar do constrangimento de dizer, em p\u00fablico, que n\u00e3o quer que a popula\u00e7\u00e3o tenha o direito de escolher o presidente. Num pa\u00eds onde o desprest\u00edgio do Congresso atingiu um patamar de abismo, essa \u00e9 uma postura de alto risco, em qualquer ambiente.<\/p>\n<p>No Brasil de 2017, seu sentido \u00e9 ainda mais escancarado. Admite-se a queda de Temer &#8212; desde que as reformas sigam seu curso, intoc\u00e1veis. O c\u00e1lculo \u00e9 simples: mesmo que uma chapa Jo\u00e3o Pedro St\u00e9dile-Guilherme Boulos seja eleita em 2018, pouco poder\u00e3o fazer &#8212; pois ter\u00e3o as m\u00e3os amarradas.<\/p>\n<p>Como se sabe, os advers\u00e1rios da democracia trabalham sem descanso &#8212; inclusive no futuro.  <\/p>\n<p>Em conversas com pessoas de convic\u00e7\u00f5es democr\u00e1ticas reais, \u00e9 poss\u00edvel ouvir um receio justificado. Teme-se que Temer (ou Tremer, como tem sido frequentemente designado, por raz\u00f5es pol\u00edticas \u00f3bvias) at\u00e9 possa cair. A pergunta \u00e9 como garantir a realiza\u00e7\u00e3o de diretas, a seguir.<\/p>\n<p>Minha opini\u00e3o \u00e9 a seguinte. Ningu\u00e9m pode adivinhar como uma na\u00e7\u00e3o de 200 milh\u00f5es de habitantes, que enfrenta o pior desemprego de sua hist\u00f3ria e um processo criminoso de empobrecimento ir\u00e1 reagir diante da queda de um presidente que se tornou alvo de desprezo e raiva num grau que nunca se viu antes.<\/p>\n<p>Sempre ser\u00e1 poss\u00edvel encontrar profetas capazes de dizer que tudo seguir\u00e1 igualzinho ao que se passava na v\u00e9spera. Neste cen\u00e1rio, todos ficar\u00e3o bem comportados em casa, sentados diante da TV Globo, at\u00e9 que o presidente da C\u00e2mara (como ele se chama mesmo?) anuncie o nome do novo presidente. \u00c9 o retorno do retorno. Novelinha que n\u00e3o d\u00e1 nem Netflix.<\/p>\n<p>Outra hip\u00f3tese \u00e9 de um momento de vit\u00f3ria e j\u00fabilo, num desses processos  hist\u00f3ricos que s\u00f3 o movimento de trabalhadores e da popula\u00e7\u00e3o sabe construir, que se forma quando luta pol\u00edtica atinge um patamar t\u00e3o alto pode ser traduzido pela boa poesia que vez por outra aparece em nossa m\u00fasica popular &#8212; como a festa anunciada em Porta Estandarte, de Geraldo Vandr\u00e9. Minha opini\u00e3o \u00e9 que \u00e9 preciso estar preparado para isso, inclusive debatendo caminhos legais como a emenda j\u00e1 em discuss\u00e3o na C\u00e2mara. Cabe, na verdade, entender a li\u00e7\u00e3o de um verso de Vandr\u00e9 naquela m\u00fasica, lan\u00e7ada em 1979, quando j\u00e1 era poss\u00edvel enxergar luzes da democracia no pesadelo da ditadura:  <\/p>\n<p>&#8220;Deixa que a tua certeza se fa\u00e7a do povo a can\u00e7\u00e3o\/<\/p>\n<p>para que o povo cantando teu canto ele n\u00e3o seja em v\u00e3o.&#8221; <\/p>\n<p>Essa \u00e9 a discuss\u00e3o.<\/p>\n","protected":false},"excerpt":{"rendered":"<p>Advers\u00e1rios das Diretas-J\u00e1 poderiam contribuir para a cria\u00e7\u00e3o de um ambiente pol\u00edtico menos indecente se evitassem fazer do cinismo seu argumento principal.<\/p>\n","protected":false},"author":1,"featured_media":0,"comment_status":"closed","ping_status":"open","sticky":false,"template":"","format":"standard","meta":{"_exactmetrics_skip_tracking":false,"_exactmetrics_sitenote_active":false,"_exactmetrics_sitenote_note":"","_exactmetrics_sitenote_category":0,"jetpack_post_was_ever_published":false,"_jetpack_newsletter_access":"","_jetpack_dont_email_post_to_subs":false,"_jetpack_newsletter_tier_id":0,"_jetpack_memberships_contains_paywalled_content":false,"_jetpack_memberships_contains_paid_content":false,"footnotes":"","jetpack_publicize_message":"","jetpack_publicize_feature_enabled":true,"jetpack_social_post_already_shared":true,"jetpack_social_options":{"image_generator_settings":{"template":"highway","enabled":false},"version":2}},"categories":[1],"tags":[],"class_list":["post-11138","post","type-post","status-publish","format-standard","hentry","category-notas"],"jetpack_publicize_connections":[],"jetpack_sharing_enabled":true,"jetpack_featured_media_url":"","jetpack_shortlink":"https:\/\/wp.me\/p7wKYW-2TE","jetpack-related-posts":[],"_links":{"self":[{"href":"http:\/\/blogdalucianaoliveira.com.br\/blog\/wp-json\/wp\/v2\/posts\/11138","targetHints":{"allow":["GET"]}}],"collection":[{"href":"http:\/\/blogdalucianaoliveira.com.br\/blog\/wp-json\/wp\/v2\/posts"}],"about":[{"href":"http:\/\/blogdalucianaoliveira.com.br\/blog\/wp-json\/wp\/v2\/types\/post"}],"author":[{"embeddable":true,"href":"http:\/\/blogdalucianaoliveira.com.br\/blog\/wp-json\/wp\/v2\/users\/1"}],"replies":[{"embeddable":true,"href":"http:\/\/blogdalucianaoliveira.com.br\/blog\/wp-json\/wp\/v2\/comments?post=11138"}],"version-history":[{"count":1,"href":"http:\/\/blogdalucianaoliveira.com.br\/blog\/wp-json\/wp\/v2\/posts\/11138\/revisions"}],"predecessor-version":[{"id":11140,"href":"http:\/\/blogdalucianaoliveira.com.br\/blog\/wp-json\/wp\/v2\/posts\/11138\/revisions\/11140"}],"wp:attachment":[{"href":"http:\/\/blogdalucianaoliveira.com.br\/blog\/wp-json\/wp\/v2\/media?parent=11138"}],"wp:term":[{"taxonomy":"category","embeddable":true,"href":"http:\/\/blogdalucianaoliveira.com.br\/blog\/wp-json\/wp\/v2\/categories?post=11138"},{"taxonomy":"post_tag","embeddable":true,"href":"http:\/\/blogdalucianaoliveira.com.br\/blog\/wp-json\/wp\/v2\/tags?post=11138"}],"curies":[{"name":"wp","href":"https:\/\/api.w.org\/{rel}","templated":true}]}}