{"id":11141,"date":"2017-05-30T22:33:55","date_gmt":"2017-05-31T02:33:55","guid":{"rendered":"http:\/\/blogdalucianaoliveira.com.br\/blog\/?p=11141"},"modified":"2017-05-30T22:33:55","modified_gmt":"2017-05-31T02:33:55","slug":"a-coisa-anda-braba-nao-consigo-explicar-pra-garotada","status":"publish","type":"post","link":"http:\/\/blogdalucianaoliveira.com.br\/blog\/2017\/05\/30\/a-coisa-anda-braba-nao-consigo-explicar-pra-garotada\/","title":{"rendered":"A coisa anda braba, n\u00e3o consigo explicar pra garotada."},"content":{"rendered":"<p><img data-recalc-dims=\"1\" loading=\"lazy\" decoding=\"async\" data-attachment-id=\"11142\" data-permalink=\"http:\/\/blogdalucianaoliveira.com.br\/blog\/2017\/05\/30\/a-coisa-anda-braba-nao-consigo-explicar-pra-garotada\/culpa-a-gazeta-amarildo\/\" data-orig-file=\"https:\/\/i0.wp.com\/blogdalucianaoliveira.com.br\/blog\/wp-content\/uploads\/2017\/05\/culpa-a-gazeta-amarildo.jpg?fit=446%2C303\" data-orig-size=\"446,303\" data-comments-opened=\"0\" data-image-meta=\"{&quot;aperture&quot;:&quot;0&quot;,&quot;credit&quot;:&quot;&quot;,&quot;camera&quot;:&quot;&quot;,&quot;caption&quot;:&quot;&quot;,&quot;created_timestamp&quot;:&quot;0&quot;,&quot;copyright&quot;:&quot;&quot;,&quot;focal_length&quot;:&quot;0&quot;,&quot;iso&quot;:&quot;0&quot;,&quot;shutter_speed&quot;:&quot;0&quot;,&quot;title&quot;:&quot;&quot;,&quot;orientation&quot;:&quot;0&quot;}\" data-image-title=\"\" data-image-description=\"\" data-image-caption=\"\" data-medium-file=\"https:\/\/i0.wp.com\/blogdalucianaoliveira.com.br\/blog\/wp-content\/uploads\/2017\/05\/culpa-a-gazeta-amarildo.jpg?fit=300%2C204\" data-large-file=\"https:\/\/i0.wp.com\/blogdalucianaoliveira.com.br\/blog\/wp-content\/uploads\/2017\/05\/culpa-a-gazeta-amarildo.jpg?fit=446%2C303\" src=\"https:\/\/i0.wp.com\/blogdalucianaoliveira.com.br\/blog\/wp-content\/uploads\/2017\/05\/culpa-a-gazeta-amarildo.jpg?resize=446%2C303\" alt=\" \" width=\"446\" height=\"303\" class=\"alignnone size-full wp-image-11142\" srcset=\"https:\/\/i0.wp.com\/blogdalucianaoliveira.com.br\/blog\/wp-content\/uploads\/2017\/05\/culpa-a-gazeta-amarildo.jpg?w=446 446w, https:\/\/i0.wp.com\/blogdalucianaoliveira.com.br\/blog\/wp-content\/uploads\/2017\/05\/culpa-a-gazeta-amarildo.jpg?resize=300%2C204 300w, https:\/\/i0.wp.com\/blogdalucianaoliveira.com.br\/blog\/wp-content\/uploads\/2017\/05\/culpa-a-gazeta-amarildo.jpg?resize=442%2C300 442w\" sizes=\"auto, (max-width: 446px) 100vw, 446px\" \/><\/p>\n<p>No Almanaqueiras<br \/>\nFabio Sa e Silva<\/p>\n<p>O Brasil chegou ao fundo do po\u00e7o. O presidente da C\u00e2mara diz que a agenda do Congresso \u00e9 a agenda do mercado. O presidente da Rep\u00fablica ser\u00e1 interrogado pela PF. A grande lideran\u00e7a da oposi\u00e7\u00e3o a Dilma e um dos maiores respons\u00e1veis pelo golpe \u00e9 pego em conversas onde se discute de tr\u00e1fico de drogas a obstru\u00e7\u00e3o da justi\u00e7a (sem que Deltan ou Celso de Mello fa\u00e7am com\u00edcio). Dois Minist\u00e9rios est\u00e3o sem titular (Cultura e CGU). Enquanto isso, o pessoal infla bonecos do Janot e do Gilmar, retratando-os como &#8220;defensores de petistas&#8221; (logo eles&#8230;). E em SP, onde desponta a &#8220;novidade&#8221;, n\u00e3o sei o que \u00e9 mais revelador: se Secret\u00e1rios de Direitos Humanos pedindo exonera\u00e7\u00e3o em s\u00e9rie ou se o Secret\u00e1rio de Cultura dizendo que vai &#8220;quebrar a cara&#8221; de cidad\u00e3o em audi\u00eancia.<\/p>\n","protected":false},"excerpt":{"rendered":"<p>No Almanaqueiras Fabio Sa e Silva O Brasil chegou ao fundo do po\u00e7o. O presidente da C\u00e2mara diz que a agenda do Congresso \u00e9 a agenda do mercado. O presidente da Rep\u00fablica ser\u00e1 interrogado pela PF. A grande lideran\u00e7a da oposi\u00e7\u00e3o a Dilma e um dos maiores respons\u00e1veis pelo golpe \u00e9 pego em conversas onde&#8230;<a class=\"more-link\" href=\"http:\/\/blogdalucianaoliveira.com.br\/blog\/2017\/05\/30\/a-coisa-anda-braba-nao-consigo-explicar-pra-garotada\/\">Continue a leitura <span class=\"meta-nav\">&raquo;<\/span><\/a><\/p>\n","protected":false},"author":1,"featured_media":0,"comment_status":"closed","ping_status":"open","sticky":false,"template":"","format":"standard","meta":{"_exactmetrics_skip_tracking":false,"_exactmetrics_sitenote_active":false,"_exactmetrics_sitenote_note":"","_exactmetrics_sitenote_category":0,"jetpack_post_was_ever_published":false,"_jetpack_newsletter_access":"","_jetpack_dont_email_post_to_subs":false,"_jetpack_newsletter_tier_id":0,"_jetpack_memberships_contains_paywalled_content":false,"_jetpack_memberships_contains_paid_content":false,"footnotes":"","jetpack_publicize_message":"","jetpack_publicize_feature_enabled":true,"jetpack_social_post_already_shared":true,"jetpack_social_options":{"image_generator_settings":{"template":"highway","enabled":false},"version":2}},"categories":[1],"tags":[],"class_list":["post-11141","post","type-post","status-publish","format-standard","hentry","category-notas"],"jetpack_publicize_connections":[],"jetpack_sharing_enabled":true,"jetpack_featured_media_url":"","jetpack_shortlink":"https:\/\/wp.me\/p7wKYW-2TH","jetpack-related-posts":[],"_links":{"self":[{"href":"http:\/\/blogdalucianaoliveira.com.br\/blog\/wp-json\/wp\/v2\/posts\/11141","targetHints":{"allow":["GET"]}}],"collection":[{"href":"http:\/\/blogdalucianaoliveira.com.br\/blog\/wp-json\/wp\/v2\/posts"}],"about":[{"href":"http:\/\/blogdalucianaoliveira.com.br\/blog\/wp-json\/wp\/v2\/types\/post"}],"author":[{"embeddable":true,"href":"http:\/\/blogdalucianaoliveira.com.br\/blog\/wp-json\/wp\/v2\/users\/1"}],"replies":[{"embeddable":true,"href":"http:\/\/blogdalucianaoliveira.com.br\/blog\/wp-json\/wp\/v2\/comments?post=11141"}],"version-history":[{"count":1,"href":"http:\/\/blogdalucianaoliveira.com.br\/blog\/wp-json\/wp\/v2\/posts\/11141\/revisions"}],"predecessor-version":[{"id":11143,"href":"http:\/\/blogdalucianaoliveira.com.br\/blog\/wp-json\/wp\/v2\/posts\/11141\/revisions\/11143"}],"wp:attachment":[{"href":"http:\/\/blogdalucianaoliveira.com.br\/blog\/wp-json\/wp\/v2\/media?parent=11141"}],"wp:term":[{"taxonomy":"category","embeddable":true,"href":"http:\/\/blogdalucianaoliveira.com.br\/blog\/wp-json\/wp\/v2\/categories?post=11141"},{"taxonomy":"post_tag","embeddable":true,"href":"http:\/\/blogdalucianaoliveira.com.br\/blog\/wp-json\/wp\/v2\/tags?post=11141"}],"curies":[{"name":"wp","href":"https:\/\/api.w.org\/{rel}","templated":true}]}}