{"id":11144,"date":"2017-05-31T10:29:47","date_gmt":"2017-05-31T14:29:47","guid":{"rendered":"http:\/\/blogdalucianaoliveira.com.br\/blog\/?p=11144"},"modified":"2017-05-31T10:33:59","modified_gmt":"2017-05-31T14:33:59","slug":"se-nao-nos-envergonhamos-por-que-eles","status":"publish","type":"post","link":"http:\/\/blogdalucianaoliveira.com.br\/blog\/2017\/05\/31\/se-nao-nos-envergonhamos-por-que-eles\/","title":{"rendered":"Se n\u00e3o nos envergonhamos, por que eles?"},"content":{"rendered":"<p><img data-recalc-dims=\"1\" loading=\"lazy\" decoding=\"async\" data-attachment-id=\"11146\" data-permalink=\"http:\/\/blogdalucianaoliveira.com.br\/blog\/2017\/05\/31\/se-nao-nos-envergonhamos-por-que-eles\/ratos\/\" data-orig-file=\"https:\/\/i0.wp.com\/blogdalucianaoliveira.com.br\/blog\/wp-content\/uploads\/2017\/05\/ratos.gif?fit=354%2C271\" data-orig-size=\"354,271\" data-comments-opened=\"0\" data-image-meta=\"{&quot;aperture&quot;:&quot;0&quot;,&quot;credit&quot;:&quot;&quot;,&quot;camera&quot;:&quot;&quot;,&quot;caption&quot;:&quot;&quot;,&quot;created_timestamp&quot;:&quot;0&quot;,&quot;copyright&quot;:&quot;&quot;,&quot;focal_length&quot;:&quot;0&quot;,&quot;iso&quot;:&quot;0&quot;,&quot;shutter_speed&quot;:&quot;0&quot;,&quot;title&quot;:&quot;&quot;,&quot;orientation&quot;:&quot;0&quot;}\" data-image-title=\"ratos\" data-image-description=\"\" data-image-caption=\"\" data-medium-file=\"https:\/\/i0.wp.com\/blogdalucianaoliveira.com.br\/blog\/wp-content\/uploads\/2017\/05\/ratos.gif?fit=300%2C230\" data-large-file=\"https:\/\/i0.wp.com\/blogdalucianaoliveira.com.br\/blog\/wp-content\/uploads\/2017\/05\/ratos.gif?fit=354%2C271\" src=\"https:\/\/i0.wp.com\/blogdalucianaoliveira.com.br\/blog\/wp-content\/uploads\/2017\/05\/ratos.gif?resize=354%2C271\" alt=\"ratos\" width=\"354\" height=\"271\" class=\"alignnone size-full wp-image-11146\" \/><\/p>\n<p>\u201cAlvo de 8 inqu\u00e9ritos, Juc\u00e1 \u00e9 membro do Conselho de \u00c9tica\u201d,  Conselho de \u00c9tica\u201d, destaca a imprensa nacional.<!--more--><\/p>\n<p>Ele e outros dois pemedebistas, Eduardo Braga (AM) e Jader Barbalho (PA), v\u00e3o analisar representa\u00e7\u00f5es e den\u00fancias contra senadores que podem resultar em cassa\u00e7\u00e3o.<\/p>\n<p>Os tr\u00eas s\u00e3o investigados por corrup\u00e7\u00e3o na Opera\u00e7\u00e3o na Lava Jato.<\/p>\n<p>Resumidamente, significa colocar tr\u00eas ratos para cuidar do queijo.<\/p>\n<p>Simples assim.<\/p>\n<p>N\u00e3o estivesse afastado do cargo por ordem do Supremo Tribunal Federal, por que n\u00e3o A\u00e9cio Neves tamb\u00e9m?<\/p>\n<p>Os dias t\u00eam sido assim, com not\u00edcias cada vez mais bizarras desse governo e de um congresso sem vergonha que em conluio deram um golpe para tomar o poder. <\/p>\n<p>Como que atingidas por abalos s\u00edsmicos, vemos as fendas abertas na estrutura institucional e na autoestima dos brasileiros.<\/p>\n<p>A indec\u00eancia \u00e9 a marca em relevo do pa\u00eds.<\/p>\n<p>A esperan\u00e7a? Dan\u00e7a na corda bamba de sobrinha.<\/p>\n<p>O que realmente faz falta \u00e0 sociedade nesses dias imorais \u00e9 honestidade e coragem.<\/p>\n<p>Se os brasileiros n\u00e3o se constrangem com a suruba na pornopol\u00edtica, n\u00e3o protestam juntos pra parar pornovota\u00e7\u00f5es e pornonomea\u00e7\u00f5es, por que os que gozam devem se envergonhar? <\/p>\n<p>Falta  aos brasileiros a honestidade que cobram dos pol\u00edticos.<\/p>\n<p>\u00c9 mais quem acomoda seus interesses onde acha conveniente ao ideal pol\u00edtico-partid\u00e1rio do que quem pensa no ideal de na\u00e7\u00e3o.<\/p>\n<p>Uma multid\u00e3o se recusa \u00e0 luta contra as reformas dos canalhas e a pedir elei\u00e7\u00f5es diretas, sob o \u2018argumento\u2019 de que fortalece a esquerda e promove a candidatura do ex-presidente Lula \u00e0 presid\u00eancia da rep\u00fablica.<\/p>\n<p>E n\u00e3o se envergonham do quanto pior, menos pior que a esquerda.<\/p>\n<p>Faz sentido? N\u00e3o.<\/p>\n<p>\u00c9 pura desonestidade.<\/p>\n","protected":false},"excerpt":{"rendered":"<p>\u201cAlvo de 8 inqu\u00e9ritos, Juc\u00e1 \u00e9 membro do Conselho de \u00c9tica\u201d, Conselho de \u00c9tica\u201d, destaca a imprensa nacional.<\/p>\n","protected":false},"author":1,"featured_media":0,"comment_status":"closed","ping_status":"open","sticky":false,"template":"","format":"standard","meta":{"_exactmetrics_skip_tracking":false,"_exactmetrics_sitenote_active":false,"_exactmetrics_sitenote_note":"","_exactmetrics_sitenote_category":0,"jetpack_post_was_ever_published":false,"_jetpack_newsletter_access":"","_jetpack_dont_email_post_to_subs":false,"_jetpack_newsletter_tier_id":0,"_jetpack_memberships_contains_paywalled_content":false,"_jetpack_memberships_contains_paid_content":false,"footnotes":"","jetpack_publicize_message":"","jetpack_publicize_feature_enabled":true,"jetpack_social_post_already_shared":true,"jetpack_social_options":{"image_generator_settings":{"template":"highway","enabled":false},"version":2}},"categories":[1],"tags":[],"class_list":["post-11144","post","type-post","status-publish","format-standard","hentry","category-notas"],"jetpack_publicize_connections":[],"jetpack_sharing_enabled":true,"jetpack_featured_media_url":"","jetpack_shortlink":"https:\/\/wp.me\/p7wKYW-2TK","jetpack-related-posts":[],"_links":{"self":[{"href":"http:\/\/blogdalucianaoliveira.com.br\/blog\/wp-json\/wp\/v2\/posts\/11144","targetHints":{"allow":["GET"]}}],"collection":[{"href":"http:\/\/blogdalucianaoliveira.com.br\/blog\/wp-json\/wp\/v2\/posts"}],"about":[{"href":"http:\/\/blogdalucianaoliveira.com.br\/blog\/wp-json\/wp\/v2\/types\/post"}],"author":[{"embeddable":true,"href":"http:\/\/blogdalucianaoliveira.com.br\/blog\/wp-json\/wp\/v2\/users\/1"}],"replies":[{"embeddable":true,"href":"http:\/\/blogdalucianaoliveira.com.br\/blog\/wp-json\/wp\/v2\/comments?post=11144"}],"version-history":[{"count":5,"href":"http:\/\/blogdalucianaoliveira.com.br\/blog\/wp-json\/wp\/v2\/posts\/11144\/revisions"}],"predecessor-version":[{"id":11151,"href":"http:\/\/blogdalucianaoliveira.com.br\/blog\/wp-json\/wp\/v2\/posts\/11144\/revisions\/11151"}],"wp:attachment":[{"href":"http:\/\/blogdalucianaoliveira.com.br\/blog\/wp-json\/wp\/v2\/media?parent=11144"}],"wp:term":[{"taxonomy":"category","embeddable":true,"href":"http:\/\/blogdalucianaoliveira.com.br\/blog\/wp-json\/wp\/v2\/categories?post=11144"},{"taxonomy":"post_tag","embeddable":true,"href":"http:\/\/blogdalucianaoliveira.com.br\/blog\/wp-json\/wp\/v2\/tags?post=11144"}],"curies":[{"name":"wp","href":"https:\/\/api.w.org\/{rel}","templated":true}]}}