{"id":11152,"date":"2017-05-31T15:40:30","date_gmt":"2017-05-31T19:40:30","guid":{"rendered":"http:\/\/blogdalucianaoliveira.com.br\/blog\/?p=11152"},"modified":"2017-05-31T15:40:30","modified_gmt":"2017-05-31T19:40:30","slug":"adeus-ex-amigo-a-culpa-e-minha","status":"publish","type":"post","link":"http:\/\/blogdalucianaoliveira.com.br\/blog\/2017\/05\/31\/adeus-ex-amigo-a-culpa-e-minha\/","title":{"rendered":"Adeus, ex-amigo. A culpa \u00e9 minha"},"content":{"rendered":"<p><img data-recalc-dims=\"1\" loading=\"lazy\" decoding=\"async\" data-attachment-id=\"11153\" data-permalink=\"http:\/\/blogdalucianaoliveira.com.br\/blog\/2017\/05\/31\/adeus-ex-amigo-a-culpa-e-minha\/diogenes-cpers\/\" data-orig-file=\"https:\/\/i0.wp.com\/blogdalucianaoliveira.com.br\/blog\/wp-content\/uploads\/2017\/05\/Diogenes-Cpers.jpg?fit=790%2C395\" data-orig-size=\"790,395\" data-comments-opened=\"0\" data-image-meta=\"{&quot;aperture&quot;:&quot;0&quot;,&quot;credit&quot;:&quot;&quot;,&quot;camera&quot;:&quot;&quot;,&quot;caption&quot;:&quot;&quot;,&quot;created_timestamp&quot;:&quot;0&quot;,&quot;copyright&quot;:&quot;&quot;,&quot;focal_length&quot;:&quot;0&quot;,&quot;iso&quot;:&quot;0&quot;,&quot;shutter_speed&quot;:&quot;0&quot;,&quot;title&quot;:&quot;&quot;,&quot;orientation&quot;:&quot;0&quot;}\" data-image-title=\"Diogenes-Cpers\" data-image-description=\"\" data-image-caption=\"\" data-medium-file=\"https:\/\/i0.wp.com\/blogdalucianaoliveira.com.br\/blog\/wp-content\/uploads\/2017\/05\/Diogenes-Cpers.jpg?fit=300%2C150\" data-large-file=\"https:\/\/i0.wp.com\/blogdalucianaoliveira.com.br\/blog\/wp-content\/uploads\/2017\/05\/Diogenes-Cpers.jpg?fit=600%2C300\" src=\"https:\/\/i0.wp.com\/blogdalucianaoliveira.com.br\/blog\/wp-content\/uploads\/2017\/05\/Diogenes-Cpers.jpg?resize=600%2C300\" alt=\"Diogenes-Cpers\" width=\"600\" height=\"300\" class=\"alignnone size-full wp-image-11153\" srcset=\"https:\/\/i0.wp.com\/blogdalucianaoliveira.com.br\/blog\/wp-content\/uploads\/2017\/05\/Diogenes-Cpers.jpg?w=790 790w, https:\/\/i0.wp.com\/blogdalucianaoliveira.com.br\/blog\/wp-content\/uploads\/2017\/05\/Diogenes-Cpers.jpg?resize=300%2C150 300w, https:\/\/i0.wp.com\/blogdalucianaoliveira.com.br\/blog\/wp-content\/uploads\/2017\/05\/Diogenes-Cpers.jpg?resize=768%2C384 768w, https:\/\/i0.wp.com\/blogdalucianaoliveira.com.br\/blog\/wp-content\/uploads\/2017\/05\/Diogenes-Cpers.jpg?resize=600%2C300 600w\" sizes=\"auto, (max-width: 600px) 100vw, 600px\" \/><\/p>\n<p>Tolerei voc\u00ea nessa rede social por anos a fio, desde 2010, quando da primeira elei\u00e7\u00e3o de Dilma. Seus ataques di\u00e1rios. Suas postagens exaltando a ditadura militar que, segundo voc\u00ea \u201ceram bons tempos em que s\u00f3 morria quem era bandido\u201d.<!--more--><\/p>\n<p>Respondi a todas as mentiras que voc\u00ea compartilhou na internet, sem se preocupar com a fonte dessas informa\u00e7\u00f5es: sendo contra o governo Dilma, para voc\u00ea servia, j\u00e1 que alimentava seu \u00f3dio e ego\u00edsmo.<\/p>\n<p>Cansei-me de suas palmas para o canalha jair bolsonaro, de seus aplausos para aquela senhora de nome raquel e cujo sobrenome \u00e9 impronunci\u00e1vel.<\/p>\n<p>De voc\u00ea todo dia reclamar do Brasil, mesmo empregado em uma das maiores empresas do pa\u00eds, morando em frente a praia. Me cansei de voc\u00ea chamando Jos\u00e9 Genoino de corrupto, de ladr\u00e3o. Voc\u00ea que nada sabe sobre ele e o pouco que sabe ouviu no Jornal Nacional. Eu estudo a AP 470 h\u00e1 anos, e j\u00e1 li todos os livros que versam sobre o assunto.<\/p>\n<p>Mas isso n\u00e3o importa para voc\u00ea: o que vale \u00e9 seu \u00f3dio pelo PT\u2026 e olha que nem sou nem jamais fui filiado ao PT. Sou comunista, filiado ao PCdoB mas qual nada!<br \/>\nNa sua mente brilhante a palavra \u201ccomunista\u201d \u00e9 um xingamento.<\/p>\n<p>Logo voc\u00ea, t\u00e3o estudioso da revista \u00f3ia, fonte de tanta cultura e conhecimento, principalmente sobre o marxismo.<\/p>\n<p>Me cansei de suas piadinhas homof\u00f3bicas, de responder as postagens que voc\u00ea compartilhava do canalha \u00e1lvaro dias, do canalha agripino maia, do canalha ronaldo caiado.<\/p>\n<p>Me cansei de explicar todo dia sobre o investimento no Porto de Mariel, sobre o Programa Mais M\u00e9dicos, sobre o Bolsa Fam\u00edlia. De explicar que n\u00e3o existe \u201cBolsa Prostituta\u201d, nem \u201cBolsa Crack\u201d.<\/p>\n<p>Me cansei de sua indiferen\u00e7a para com aqueles que n\u00e3o t\u00eam for\u00e7as para empunhar uma vara de pescar: na sua cabe\u00e7a, tais pessoas \u201ct\u00eam de se virar\u201d, tendo for\u00e7as ou n\u00e3o, tendo peixe ou n\u00e3o.<\/p>\n<p>Mesmo quem n\u00e3o teve a sorte de ter pai e m\u00e3e presentes, uma fam\u00edlia tradicional.<\/p>\n<p>Eu mesmo n\u00e3o tive, mas o que importa?<\/p>\n<p>Ver que aplaudiu a a\u00e7\u00e3o da pulissa (que tu tanto ama, tanto que tens fotos travestido de verde e amarelo ao lado de \u201cpoliciais\u201d) no final de semana na Cracol\u00e2ndia, quando um problema social, de sa\u00fade p\u00fablica, foi tratado como problema de seguran\u00e7a p\u00fablica, foi a gota d\u2019\u00e1gua.<\/p>\n<p>Adeus, ex-amigo que nunca foi.<\/p>\n<p>Voc\u00ea votou no A\u00e9cio.<\/p>\n<p>A culpa n\u00e3o \u00e9 sua, n\u00e3o \u00e9 mesmo?<\/p>\n<p>Siga feliz com sua intoler\u00e2ncia e ego\u00edsmo e com a consci\u00eancia tranquila.<\/p>\n<p>Afinal, a culpa \u00e9 minha.<\/p>\n<p>Di\u00f3genes J\u00fanior \u00e9 assessor sindical no Centro dos Professores do Estado do Rio Grande do Sul (CPERS\/Sindicato), assessor de Comunica\u00e7\u00e3o Social da CTB Educa\u00e7\u00e3o-RS <\/p>\n<p>No Portal CTB<\/p>\n","protected":false},"excerpt":{"rendered":"<p>Tolerei voc\u00ea nessa rede social por anos a fio, desde 2010, quando da primeira elei\u00e7\u00e3o de Dilma. Seus ataques di\u00e1rios. Suas postagens exaltando a ditadura militar que, segundo voc\u00ea \u201ceram bons tempos em que s\u00f3 morria quem era bandido\u201d.<\/p>\n","protected":false},"author":1,"featured_media":0,"comment_status":"closed","ping_status":"open","sticky":false,"template":"","format":"standard","meta":{"_exactmetrics_skip_tracking":false,"_exactmetrics_sitenote_active":false,"_exactmetrics_sitenote_note":"","_exactmetrics_sitenote_category":0,"jetpack_post_was_ever_published":false,"_jetpack_newsletter_access":"","_jetpack_dont_email_post_to_subs":false,"_jetpack_newsletter_tier_id":0,"_jetpack_memberships_contains_paywalled_content":false,"_jetpack_memberships_contains_paid_content":false,"footnotes":"","jetpack_publicize_message":"","jetpack_publicize_feature_enabled":true,"jetpack_social_post_already_shared":true,"jetpack_social_options":{"image_generator_settings":{"template":"highway","enabled":false},"version":2}},"categories":[1],"tags":[],"class_list":["post-11152","post","type-post","status-publish","format-standard","hentry","category-notas"],"jetpack_publicize_connections":[],"jetpack_sharing_enabled":true,"jetpack_featured_media_url":"","jetpack_shortlink":"https:\/\/wp.me\/p7wKYW-2TS","jetpack-related-posts":[],"_links":{"self":[{"href":"http:\/\/blogdalucianaoliveira.com.br\/blog\/wp-json\/wp\/v2\/posts\/11152","targetHints":{"allow":["GET"]}}],"collection":[{"href":"http:\/\/blogdalucianaoliveira.com.br\/blog\/wp-json\/wp\/v2\/posts"}],"about":[{"href":"http:\/\/blogdalucianaoliveira.com.br\/blog\/wp-json\/wp\/v2\/types\/post"}],"author":[{"embeddable":true,"href":"http:\/\/blogdalucianaoliveira.com.br\/blog\/wp-json\/wp\/v2\/users\/1"}],"replies":[{"embeddable":true,"href":"http:\/\/blogdalucianaoliveira.com.br\/blog\/wp-json\/wp\/v2\/comments?post=11152"}],"version-history":[{"count":1,"href":"http:\/\/blogdalucianaoliveira.com.br\/blog\/wp-json\/wp\/v2\/posts\/11152\/revisions"}],"predecessor-version":[{"id":11154,"href":"http:\/\/blogdalucianaoliveira.com.br\/blog\/wp-json\/wp\/v2\/posts\/11152\/revisions\/11154"}],"wp:attachment":[{"href":"http:\/\/blogdalucianaoliveira.com.br\/blog\/wp-json\/wp\/v2\/media?parent=11152"}],"wp:term":[{"taxonomy":"category","embeddable":true,"href":"http:\/\/blogdalucianaoliveira.com.br\/blog\/wp-json\/wp\/v2\/categories?post=11152"},{"taxonomy":"post_tag","embeddable":true,"href":"http:\/\/blogdalucianaoliveira.com.br\/blog\/wp-json\/wp\/v2\/tags?post=11152"}],"curies":[{"name":"wp","href":"https:\/\/api.w.org\/{rel}","templated":true}]}}