{"id":11158,"date":"2017-05-31T16:17:19","date_gmt":"2017-05-31T20:17:19","guid":{"rendered":"http:\/\/blogdalucianaoliveira.com.br\/blog\/?p=11158"},"modified":"2017-05-31T16:19:08","modified_gmt":"2017-05-31T20:19:08","slug":"cut-repudia-acao-movida-por-prefeito-contra-professora","status":"publish","type":"post","link":"http:\/\/blogdalucianaoliveira.com.br\/blog\/2017\/05\/31\/cut-repudia-acao-movida-por-prefeito-contra-professora\/","title":{"rendered":"CUT repudia a\u00e7\u00e3o movida por prefeito contra professora"},"content":{"rendered":"<p><img data-recalc-dims=\"1\" loading=\"lazy\" decoding=\"async\" data-attachment-id=\"11159\" data-permalink=\"http:\/\/blogdalucianaoliveira.com.br\/blog\/2017\/05\/31\/cut-repudia-acao-movida-por-prefeito-contra-professora\/img_8303\/\" data-orig-file=\"https:\/\/i0.wp.com\/blogdalucianaoliveira.com.br\/blog\/wp-content\/uploads\/2017\/05\/IMG_8303.jpg?fit=310%2C165\" data-orig-size=\"310,165\" data-comments-opened=\"0\" data-image-meta=\"{&quot;aperture&quot;:&quot;0&quot;,&quot;credit&quot;:&quot;&quot;,&quot;camera&quot;:&quot;&quot;,&quot;caption&quot;:&quot;&quot;,&quot;created_timestamp&quot;:&quot;0&quot;,&quot;copyright&quot;:&quot;&quot;,&quot;focal_length&quot;:&quot;0&quot;,&quot;iso&quot;:&quot;0&quot;,&quot;shutter_speed&quot;:&quot;0&quot;,&quot;title&quot;:&quot;&quot;,&quot;orientation&quot;:&quot;0&quot;}\" data-image-title=\"IMG_8303\" data-image-description=\"\" data-image-caption=\"\" data-medium-file=\"https:\/\/i0.wp.com\/blogdalucianaoliveira.com.br\/blog\/wp-content\/uploads\/2017\/05\/IMG_8303.jpg?fit=300%2C160\" data-large-file=\"https:\/\/i0.wp.com\/blogdalucianaoliveira.com.br\/blog\/wp-content\/uploads\/2017\/05\/IMG_8303.jpg?fit=310%2C165\" src=\"https:\/\/i0.wp.com\/blogdalucianaoliveira.com.br\/blog\/wp-content\/uploads\/2017\/05\/IMG_8303.jpg?resize=310%2C165\" alt=\"IMG_8303\" width=\"310\" height=\"165\" class=\"alignnone size-full wp-image-11159\" srcset=\"https:\/\/i0.wp.com\/blogdalucianaoliveira.com.br\/blog\/wp-content\/uploads\/2017\/05\/IMG_8303.jpg?w=310 310w, https:\/\/i0.wp.com\/blogdalucianaoliveira.com.br\/blog\/wp-content\/uploads\/2017\/05\/IMG_8303.jpg?resize=300%2C160 300w\" sizes=\"auto, (max-width: 310px) 100vw, 310px\" \/><\/p>\n<p>NOTA P\u00daBLICA DA CUT \u2013 EM DEFESA DA LIBERDADE E AUTONOMIA SINDICAL<!--more--><\/p>\n<p>A administra\u00e7\u00e3o municipal de Porto Velho &#8211; RO tem agido com desrespeito \u00e0 liberdade e autonomia sindical com atitudes autorit\u00e1rias perante os servidores p\u00fablicos municipais.<\/p>\n<p>A Central \u00danica dos Trabalhadores (CUT) vem a p\u00fablico manifestar veemente rep\u00fadio \u00e0 administra\u00e7\u00e3o municipal de Porto Velho, que sob o comando do prefeito Hildon Chaves, tem agido de forma desrespeitosa e autorit\u00e1ria com os servidores municipais na quest\u00e3o da retirada do quinqu\u00eanio.<\/p>\n<p>De maneira atabalhoada, irrespons\u00e1vel e propagandista a administra\u00e7\u00e3o municipal de Porto Velho &#8211; RO encaminhou \u00e0 C\u00e2mara Municipal um Projeto de lei complementar, que acaba com o quinqu\u00eanio de servidores, sobre argumento de que representaria uma \u201ceconomia\u201d fabulosa aos cofres dos munic\u00edpios, entretanto, estudos mais s\u00e9rios feitos posteriormente demonstraram que a tal economia representaria apenas 5% do que fora falsamente anunciado como justificativa para cortar o direito.<br \/>\nIsto pode ser considerado uma medida enganadora e autorit\u00e1ria. <\/p>\n<p>\u00c9 neste contexto que a servidora LUCIANA BAS\u00cdLIO se manifestou em uma assembleia de servidores, indignada com essa postura da administra\u00e7\u00e3o do prefeito Hildon Chaves. Luciana se valeu do direito de livre manifesta\u00e7\u00e3o do pensamento e express\u00e3o, n\u00e3o se referia ao cidad\u00e3o, empres\u00e1rio e ex-promotor, mas sim \u00e0s decis\u00f5es do Chefe do Executivo municipal, que estava vilipendiando um direito da categoria.<\/p>\n<p>O Sr. Hildon Chaves est\u00e1 se notabilizando em desrespeitar e procurar deslegitimar as entidades Sindicais, afrontando os direitos constitucionais e acusando-as em agir em defesa de direitos particulares, n\u00e3o reconhece o Direito de o Sindicato reunir-se com a categoria, por conseguinte, pratica ass\u00e9dio moral. Parece desconhecer o que s\u00e3o direito coletivos.<\/p>\n<p>A CUT den\u00fancia que a postura do prefeito, de processar judicialmente a servidora, tem como objetivo principal intimidar, servir de exemplo e inibir a resist\u00eancia dos servidores em geral, contra esse e outros futuros ataques aos servidores municipais. A medida extremista \u00e9 um modo de coibir a liberdade de pensamento e express\u00e3o uma afronta aos princ\u00edpios democr\u00e1ticos.<\/p>\n<p>Diante do exposto a CUT conclama todo o movimento SINDICAL de Rond\u00f4nia, tanto do servi\u00e7o p\u00fablico quanto da iniciativa privada, a hipotecarem todo apoio \u00e0 servidora que est\u00e1 sendo processada na justi\u00e7a, o que consideramos uma persegui\u00e7\u00e3o. Um apoio efetivo, inclusive, nos aspectos jur\u00eddicos, pol\u00edtico-sindical e financeiro. <\/p>\n<p>N\u00e3o vamos aceitar que LUCIANA seja transformada num \u201cexemplo\u201d do que acontece com quem desagrada a atual administra\u00e7\u00e3o.<\/p>\n","protected":false},"excerpt":{"rendered":"<p>NOTA P\u00daBLICA DA CUT \u2013 EM DEFESA DA LIBERDADE E AUTONOMIA SINDICAL<\/p>\n","protected":false},"author":1,"featured_media":11159,"comment_status":"closed","ping_status":"open","sticky":false,"template":"","format":"standard","meta":{"_exactmetrics_skip_tracking":false,"_exactmetrics_sitenote_active":false,"_exactmetrics_sitenote_note":"","_exactmetrics_sitenote_category":0,"jetpack_post_was_ever_published":false,"_jetpack_newsletter_access":"","_jetpack_dont_email_post_to_subs":false,"_jetpack_newsletter_tier_id":0,"_jetpack_memberships_contains_paywalled_content":false,"_jetpack_memberships_contains_paid_content":false,"footnotes":"","jetpack_publicize_message":"","jetpack_publicize_feature_enabled":true,"jetpack_social_post_already_shared":true,"jetpack_social_options":{"image_generator_settings":{"template":"highway","enabled":false},"version":2}},"categories":[1],"tags":[],"class_list":["post-11158","post","type-post","status-publish","format-standard","has-post-thumbnail","hentry","category-notas"],"jetpack_publicize_connections":[],"jetpack_sharing_enabled":true,"jetpack_featured_media_url":"https:\/\/i0.wp.com\/blogdalucianaoliveira.com.br\/blog\/wp-content\/uploads\/2017\/05\/IMG_8303.jpg?fit=310%2C165","jetpack_shortlink":"https:\/\/wp.me\/p7wKYW-2TY","jetpack-related-posts":[],"_links":{"self":[{"href":"http:\/\/blogdalucianaoliveira.com.br\/blog\/wp-json\/wp\/v2\/posts\/11158","targetHints":{"allow":["GET"]}}],"collection":[{"href":"http:\/\/blogdalucianaoliveira.com.br\/blog\/wp-json\/wp\/v2\/posts"}],"about":[{"href":"http:\/\/blogdalucianaoliveira.com.br\/blog\/wp-json\/wp\/v2\/types\/post"}],"author":[{"embeddable":true,"href":"http:\/\/blogdalucianaoliveira.com.br\/blog\/wp-json\/wp\/v2\/users\/1"}],"replies":[{"embeddable":true,"href":"http:\/\/blogdalucianaoliveira.com.br\/blog\/wp-json\/wp\/v2\/comments?post=11158"}],"version-history":[{"count":1,"href":"http:\/\/blogdalucianaoliveira.com.br\/blog\/wp-json\/wp\/v2\/posts\/11158\/revisions"}],"predecessor-version":[{"id":11160,"href":"http:\/\/blogdalucianaoliveira.com.br\/blog\/wp-json\/wp\/v2\/posts\/11158\/revisions\/11160"}],"wp:featuredmedia":[{"embeddable":true,"href":"http:\/\/blogdalucianaoliveira.com.br\/blog\/wp-json\/wp\/v2\/media\/11159"}],"wp:attachment":[{"href":"http:\/\/blogdalucianaoliveira.com.br\/blog\/wp-json\/wp\/v2\/media?parent=11158"}],"wp:term":[{"taxonomy":"category","embeddable":true,"href":"http:\/\/blogdalucianaoliveira.com.br\/blog\/wp-json\/wp\/v2\/categories?post=11158"},{"taxonomy":"post_tag","embeddable":true,"href":"http:\/\/blogdalucianaoliveira.com.br\/blog\/wp-json\/wp\/v2\/tags?post=11158"}],"curies":[{"name":"wp","href":"https:\/\/api.w.org\/{rel}","templated":true}]}}