{"id":11164,"date":"2017-06-01T10:01:25","date_gmt":"2017-06-01T14:01:25","guid":{"rendered":"http:\/\/blogdalucianaoliveira.com.br\/blog\/?p=11164"},"modified":"2017-06-01T10:02:48","modified_gmt":"2017-06-01T14:02:48","slug":"janio-torquato-e-um-ministro-deploravel","status":"publish","type":"post","link":"http:\/\/blogdalucianaoliveira.com.br\/blog\/2017\/06\/01\/janio-torquato-e-um-ministro-deploravel\/","title":{"rendered":"JANIO: TORQUATO \u00c9 UM MINISTRO DEPLOR\u00c1VEL"},"content":{"rendered":"<p><img data-recalc-dims=\"1\" loading=\"lazy\" decoding=\"async\" data-attachment-id=\"11165\" data-permalink=\"http:\/\/blogdalucianaoliveira.com.br\/blog\/2017\/06\/01\/janio-torquato-e-um-ministro-deploravel\/deplo\/\" data-orig-file=\"https:\/\/i0.wp.com\/blogdalucianaoliveira.com.br\/blog\/wp-content\/uploads\/2017\/06\/deplo.png?fit=1002%2C357\" data-orig-size=\"1002,357\" data-comments-opened=\"0\" data-image-meta=\"{&quot;aperture&quot;:&quot;0&quot;,&quot;credit&quot;:&quot;&quot;,&quot;camera&quot;:&quot;&quot;,&quot;caption&quot;:&quot;&quot;,&quot;created_timestamp&quot;:&quot;0&quot;,&quot;copyright&quot;:&quot;&quot;,&quot;focal_length&quot;:&quot;0&quot;,&quot;iso&quot;:&quot;0&quot;,&quot;shutter_speed&quot;:&quot;0&quot;,&quot;title&quot;:&quot;&quot;,&quot;orientation&quot;:&quot;0&quot;}\" data-image-title=\"deplo\" data-image-description=\"\" data-image-caption=\"\" data-medium-file=\"https:\/\/i0.wp.com\/blogdalucianaoliveira.com.br\/blog\/wp-content\/uploads\/2017\/06\/deplo.png?fit=300%2C107\" data-large-file=\"https:\/\/i0.wp.com\/blogdalucianaoliveira.com.br\/blog\/wp-content\/uploads\/2017\/06\/deplo.png?fit=600%2C214\" src=\"https:\/\/i0.wp.com\/blogdalucianaoliveira.com.br\/blog\/wp-content\/uploads\/2017\/06\/deplo.png?resize=600%2C214\" alt=\"deplo\" width=\"600\" height=\"214\" class=\"alignnone size-full wp-image-11165\" srcset=\"https:\/\/i0.wp.com\/blogdalucianaoliveira.com.br\/blog\/wp-content\/uploads\/2017\/06\/deplo.png?w=1002 1002w, https:\/\/i0.wp.com\/blogdalucianaoliveira.com.br\/blog\/wp-content\/uploads\/2017\/06\/deplo.png?resize=300%2C107 300w, https:\/\/i0.wp.com\/blogdalucianaoliveira.com.br\/blog\/wp-content\/uploads\/2017\/06\/deplo.png?resize=768%2C274 768w, https:\/\/i0.wp.com\/blogdalucianaoliveira.com.br\/blog\/wp-content\/uploads\/2017\/06\/deplo.png?resize=800%2C285 800w\" sizes=\"auto, (max-width: 600px) 100vw, 600px\" \/><\/p>\n<p>247 &#8211; Em sua coluna nesta quinta (1\u00ba), Janio de Freitas n\u00e3o poupa cr\u00edticas ao novo ministro da Justi\u00e7a, Torquato Jardim, indicado por Michel Temer para o cargo com a miss\u00e3o de catimbar seu julgamento e de interferir na Pol\u00edcia Federal.<!--more--><\/p>\n<p>&#8220;Torquato Jardim n\u00e3o esperou ser ministro da Justi\u00e7a de fato e de direito para devastar a sua imagem. Na primeira entrevista depois de escolhido, para Daniela Lima na Folha, exalou disposi\u00e7\u00f5es subservientes. N\u00e3o bastando a fuga \u00e0s indaga\u00e7\u00f5es, mesmo as mais simples, fez afirma\u00e7\u00f5es que entraram pelo grotesco e sa\u00edram na indica\u00e7\u00e3o de que trouxe um risco \u00e0 continuidade de investiga\u00e7\u00f5es importantes. A come\u00e7ar das que se apliquem a comprometimentos de Michel Temer.<\/p>\n<p>Deplor\u00e1vel \u00e9 a palavra mais branda a aplicar-se ao Torquato Jardim que emerge do cargo de ministro da Justi\u00e7a de Temer. Mas a palavra merece companhia: deplor\u00e1vel e pat\u00e9tico.<\/p>\n<p>Integrantes da Lava Jato enfim estar\u00e3o certos, e sem paranoias, se deduzirem que as investiga\u00e7\u00f5es agora est\u00e3o sob amea\u00e7a real de cerceamento.&#8221;<\/p>\n","protected":false},"excerpt":{"rendered":"<p>247 &#8211; Em sua coluna nesta quinta (1\u00ba), Janio de Freitas n\u00e3o poupa cr\u00edticas ao novo ministro da Justi\u00e7a, Torquato Jardim, indicado por Michel Temer para o cargo com a miss\u00e3o de catimbar seu julgamento e de interferir na Pol\u00edcia Federal.<\/p>\n","protected":false},"author":1,"featured_media":11165,"comment_status":"closed","ping_status":"open","sticky":false,"template":"","format":"standard","meta":{"_exactmetrics_skip_tracking":false,"_exactmetrics_sitenote_active":false,"_exactmetrics_sitenote_note":"","_exactmetrics_sitenote_category":0,"jetpack_post_was_ever_published":false,"_jetpack_newsletter_access":"","_jetpack_dont_email_post_to_subs":false,"_jetpack_newsletter_tier_id":0,"_jetpack_memberships_contains_paywalled_content":false,"_jetpack_memberships_contains_paid_content":false,"footnotes":"","jetpack_publicize_message":"","jetpack_publicize_feature_enabled":true,"jetpack_social_post_already_shared":true,"jetpack_social_options":{"image_generator_settings":{"template":"highway","enabled":false},"version":2}},"categories":[1],"tags":[],"class_list":["post-11164","post","type-post","status-publish","format-standard","has-post-thumbnail","hentry","category-notas"],"jetpack_publicize_connections":[],"jetpack_sharing_enabled":true,"jetpack_featured_media_url":"https:\/\/i0.wp.com\/blogdalucianaoliveira.com.br\/blog\/wp-content\/uploads\/2017\/06\/deplo.png?fit=1002%2C357","jetpack_shortlink":"https:\/\/wp.me\/p7wKYW-2U4","jetpack-related-posts":[],"_links":{"self":[{"href":"http:\/\/blogdalucianaoliveira.com.br\/blog\/wp-json\/wp\/v2\/posts\/11164","targetHints":{"allow":["GET"]}}],"collection":[{"href":"http:\/\/blogdalucianaoliveira.com.br\/blog\/wp-json\/wp\/v2\/posts"}],"about":[{"href":"http:\/\/blogdalucianaoliveira.com.br\/blog\/wp-json\/wp\/v2\/types\/post"}],"author":[{"embeddable":true,"href":"http:\/\/blogdalucianaoliveira.com.br\/blog\/wp-json\/wp\/v2\/users\/1"}],"replies":[{"embeddable":true,"href":"http:\/\/blogdalucianaoliveira.com.br\/blog\/wp-json\/wp\/v2\/comments?post=11164"}],"version-history":[{"count":1,"href":"http:\/\/blogdalucianaoliveira.com.br\/blog\/wp-json\/wp\/v2\/posts\/11164\/revisions"}],"predecessor-version":[{"id":11166,"href":"http:\/\/blogdalucianaoliveira.com.br\/blog\/wp-json\/wp\/v2\/posts\/11164\/revisions\/11166"}],"wp:featuredmedia":[{"embeddable":true,"href":"http:\/\/blogdalucianaoliveira.com.br\/blog\/wp-json\/wp\/v2\/media\/11165"}],"wp:attachment":[{"href":"http:\/\/blogdalucianaoliveira.com.br\/blog\/wp-json\/wp\/v2\/media?parent=11164"}],"wp:term":[{"taxonomy":"category","embeddable":true,"href":"http:\/\/blogdalucianaoliveira.com.br\/blog\/wp-json\/wp\/v2\/categories?post=11164"},{"taxonomy":"post_tag","embeddable":true,"href":"http:\/\/blogdalucianaoliveira.com.br\/blog\/wp-json\/wp\/v2\/tags?post=11164"}],"curies":[{"name":"wp","href":"https:\/\/api.w.org\/{rel}","templated":true}]}}