{"id":1121,"date":"2016-05-21T08:55:01","date_gmt":"2016-05-21T12:55:01","guid":{"rendered":"http:\/\/blogdalucianaoliveira.com.br\/blog\/?p=1121"},"modified":"2016-05-21T08:55:01","modified_gmt":"2016-05-21T12:55:01","slug":"hoje-tem-mesa-de-debates-no-encontro-nacional-de-blogueiros","status":"publish","type":"post","link":"http:\/\/blogdalucianaoliveira.com.br\/blog\/2016\/05\/21\/hoje-tem-mesa-de-debates-no-encontro-nacional-de-blogueiros\/","title":{"rendered":"Hoje tem mesa de debates no Encontro Nacional de Blogueiros"},"content":{"rendered":"<p><img data-recalc-dims=\"1\" loading=\"lazy\" decoding=\"async\" data-attachment-id=\"1122\" data-permalink=\"http:\/\/blogdalucianaoliveira.com.br\/blog\/2016\/05\/21\/hoje-tem-mesa-de-debates-no-encontro-nacional-de-blogueiros\/image-254\/\" data-orig-file=\"https:\/\/i0.wp.com\/blogdalucianaoliveira.com.br\/blog\/wp-content\/uploads\/2016\/05\/image-220.jpeg?fit=3021%2C2443\" data-orig-size=\"3021,2443\" data-comments-opened=\"0\" data-image-meta=\"{&quot;aperture&quot;:&quot;2.2&quot;,&quot;credit&quot;:&quot;&quot;,&quot;camera&quot;:&quot;iPhone 6&quot;,&quot;caption&quot;:&quot;&quot;,&quot;created_timestamp&quot;:&quot;1463823402&quot;,&quot;copyright&quot;:&quot;&quot;,&quot;focal_length&quot;:&quot;4.15&quot;,&quot;iso&quot;:&quot;160&quot;,&quot;shutter_speed&quot;:&quot;0.0333333333333&quot;,&quot;title&quot;:&quot;&quot;,&quot;orientation&quot;:&quot;0&quot;}\" data-image-title=\"image\" data-image-description=\"\" data-image-caption=\"\" data-medium-file=\"https:\/\/i0.wp.com\/blogdalucianaoliveira.com.br\/blog\/wp-content\/uploads\/2016\/05\/image-220.jpeg?fit=300%2C243\" data-large-file=\"https:\/\/i0.wp.com\/blogdalucianaoliveira.com.br\/blog\/wp-content\/uploads\/2016\/05\/image-220.jpeg?fit=600%2C485\" src=\"https:\/\/i0.wp.com\/blogdalucianaoliveira.com.br\/blog\/wp-content\/uploads\/2016\/05\/image-220.jpeg?resize=600%2C485\" alt=\"image\" width=\"600\" height=\"485\" class=\"alignnone size-full wp-image-1122\" srcset=\"https:\/\/i0.wp.com\/blogdalucianaoliveira.com.br\/blog\/wp-content\/uploads\/2016\/05\/image-220.jpeg?w=3021 3021w, https:\/\/i0.wp.com\/blogdalucianaoliveira.com.br\/blog\/wp-content\/uploads\/2016\/05\/image-220.jpeg?resize=300%2C243 300w, https:\/\/i0.wp.com\/blogdalucianaoliveira.com.br\/blog\/wp-content\/uploads\/2016\/05\/image-220.jpeg?resize=768%2C621 768w, https:\/\/i0.wp.com\/blogdalucianaoliveira.com.br\/blog\/wp-content\/uploads\/2016\/05\/image-220.jpeg?resize=1024%2C828 1024w, https:\/\/i0.wp.com\/blogdalucianaoliveira.com.br\/blog\/wp-content\/uploads\/2016\/05\/image-220.jpeg?resize=371%2C300 371w, https:\/\/i0.wp.com\/blogdalucianaoliveira.com.br\/blog\/wp-content\/uploads\/2016\/05\/image-220.jpeg?w=1200 1200w, https:\/\/i0.wp.com\/blogdalucianaoliveira.com.br\/blog\/wp-content\/uploads\/2016\/05\/image-220.jpeg?w=1800 1800w\" sizes=\"auto, (max-width: 600px) 100vw, 600px\" \/><\/p>\n<p>Hoje acontecem palestras, seguidas de uma mesa de debates no encontro que re\u00fane 400 blogueiros de todo o Estado. <\/p>\n<p>Rond\u00f4nia participa pela primeira vez atrav\u00e9s deste blog. <!--more--><\/p>\n<p>\u00c9 um evento grandioso, organizado pelo Centro de Estudos da M\u00eddia Alternativa \u201cBar\u00e3o de Itarar\u00e9\u201d que se une a entidades e movimentos sociais na luta pela democratiza\u00e7\u00e3o da comunica\u00e7\u00e3o, visando conquistar maior pluralidade e diversidade informativa e cultural no pa\u00eds. <\/p>\n<p><img data-recalc-dims=\"1\" loading=\"lazy\" decoding=\"async\" data-attachment-id=\"1123\" data-permalink=\"http:\/\/blogdalucianaoliveira.com.br\/blog\/2016\/05\/21\/hoje-tem-mesa-de-debates-no-encontro-nacional-de-blogueiros\/image-255\/\" data-orig-file=\"https:\/\/i0.wp.com\/blogdalucianaoliveira.com.br\/blog\/wp-content\/uploads\/2016\/05\/image-221.jpeg?fit=3264%2C2448\" data-orig-size=\"3264,2448\" data-comments-opened=\"0\" data-image-meta=\"{&quot;aperture&quot;:&quot;2.2&quot;,&quot;credit&quot;:&quot;&quot;,&quot;camera&quot;:&quot;iPhone 6&quot;,&quot;caption&quot;:&quot;&quot;,&quot;created_timestamp&quot;:&quot;1463823746&quot;,&quot;copyright&quot;:&quot;&quot;,&quot;focal_length&quot;:&quot;4.15&quot;,&quot;iso&quot;:&quot;125&quot;,&quot;shutter_speed&quot;:&quot;0.0333333333333&quot;,&quot;title&quot;:&quot;&quot;,&quot;orientation&quot;:&quot;6&quot;}\" data-image-title=\"image\" data-image-description=\"\" data-image-caption=\"\" data-medium-file=\"https:\/\/i0.wp.com\/blogdalucianaoliveira.com.br\/blog\/wp-content\/uploads\/2016\/05\/image-221.jpeg?fit=300%2C225\" data-large-file=\"https:\/\/i0.wp.com\/blogdalucianaoliveira.com.br\/blog\/wp-content\/uploads\/2016\/05\/image-221.jpeg?fit=600%2C450\" src=\"https:\/\/i0.wp.com\/blogdalucianaoliveira.com.br\/blog\/wp-content\/uploads\/2016\/05\/image-221.jpeg?resize=600%2C450\" alt=\"image\" width=\"600\" height=\"450\" class=\"alignnone size-full wp-image-1123\" srcset=\"https:\/\/i0.wp.com\/blogdalucianaoliveira.com.br\/blog\/wp-content\/uploads\/2016\/05\/image-221.jpeg?w=3264 3264w, https:\/\/i0.wp.com\/blogdalucianaoliveira.com.br\/blog\/wp-content\/uploads\/2016\/05\/image-221.jpeg?resize=300%2C225 300w, https:\/\/i0.wp.com\/blogdalucianaoliveira.com.br\/blog\/wp-content\/uploads\/2016\/05\/image-221.jpeg?resize=768%2C576 768w, https:\/\/i0.wp.com\/blogdalucianaoliveira.com.br\/blog\/wp-content\/uploads\/2016\/05\/image-221.jpeg?resize=1024%2C768 1024w, https:\/\/i0.wp.com\/blogdalucianaoliveira.com.br\/blog\/wp-content\/uploads\/2016\/05\/image-221.jpeg?resize=400%2C300 400w, https:\/\/i0.wp.com\/blogdalucianaoliveira.com.br\/blog\/wp-content\/uploads\/2016\/05\/image-221.jpeg?w=1200 1200w, https:\/\/i0.wp.com\/blogdalucianaoliveira.com.br\/blog\/wp-content\/uploads\/2016\/05\/image-221.jpeg?w=1800 1800w\" sizes=\"auto, (max-width: 600px) 100vw, 600px\" \/><\/p>\n<p>Quem foi Bar\u00e3o de Itarar\u00e9?<\/p>\n<p>Bar\u00e3o de Itarar\u00e9 \u2013 pseud\u00f4nimo irreverente do jornalista ga\u00facho Appar\u00edcio Torelli (1895-1971) \u2013 \u00e9 considerado um dos criadores do jornalismo alternativo no pa\u00eds e o pai do humorismo brasileiro. Com os jornais A Manha e Almanhaque, ele ironizou as elites, criticou a explora\u00e7\u00e3o e enfrentou os governos autorit\u00e1rios. Preso v\u00e1rias vezes, ele nunca perdeu o seu humor. Itarar\u00e9 \u00e9 o nome da batalha que n\u00e3o houve entre a oligarquia e as for\u00e7as vitoriosas na revolu\u00e7\u00e3o de 1930.<\/p>\n<p>Frasista genial, ele cunhou incont\u00e1veis p\u00e9rolas. Cansado de apanhar da pol\u00edcia secreta do Estado Novo, colocou na porta do seu escrit\u00f3rio uma placa com a hoje famosa frase \u201centre sem bater\u201d. Pol\u00edtico sagaz, ele percebeu a guinada progressista de Get\u00falio Vargas e respondeu aos cr\u00edticos udenistas: \u201cN\u00e3o \u00e9 triste mudar de ideias; triste \u00e9 n\u00e3o ter ideias para mudar\u201d. Militante do Partido Comunista do Brasil (PCB), Appar\u00edcio foi eleito vereador pelo Rio de Janeiro em 1946 com o lema \u201cmais leite, mais \u00e1gua e menos \u00e1gua no leite\u201d \u2013 denunciando fraudes da ind\u00fastria leiteira.<\/p>\n<p>Seu mandato foi combativo e irreverente. Segundo o ent\u00e3o senador Luiz Carlos Prestes, \u201co Bar\u00e3o n\u00e3o s\u00f3 fez a C\u00e2mara rir, como as lavadeiras e os trabalhadores. As favelas suspendiam as novelas para ouvir as sess\u00f5es que eram transmitidas pela r\u00e1dio\u201d. Ele teve o mandato cassado juntamente com a anula\u00e7\u00e3o do registro do PCB, em 1947, e declarou solenemente: \u201cEu saio da vida p\u00fablica para entrar na privada\u201d. O seu jornal, A Manha, foi novamente empastelado e, com dificuldades financeiras, escreveu: \u201cDevo tanto que, se eu chamar algu\u00e9m de \u2018meu bem\u2019, o banco toma\u201d.<\/p>\n<p>Diante da crise que resultou no suic\u00eddio de Get\u00falio Vargas, em 1954, ele afirmou: \u201cH\u00e1 qualquer coisa no ar, al\u00e9m dos avi\u00f5es de carreira\u201d. Bar\u00e3o de Itarar\u00e9 foi um cr\u00edtico dos jornais golpistas de Assis Chateaubriand e Carlos Lacerda e um entusiasta da imprensa alternativa. Ap\u00f3s o golpe de 1964, ele passou por v\u00e1rias priva\u00e7\u00f5es, mas manteve a sua m\u00e1xima: <\/p>\n","protected":false},"excerpt":{"rendered":"<p>Hoje acontecem palestras, seguidas de uma mesa de debates no encontro que re\u00fane 400 blogueiros de todo o Estado. Rond\u00f4nia participa pela primeira vez atrav\u00e9s deste blog.<\/p>\n","protected":false},"author":1,"featured_media":0,"comment_status":"closed","ping_status":"open","sticky":false,"template":"","format":"standard","meta":{"_exactmetrics_skip_tracking":false,"_exactmetrics_sitenote_active":false,"_exactmetrics_sitenote_note":"","_exactmetrics_sitenote_category":0,"jetpack_post_was_ever_published":false,"_jetpack_newsletter_access":"","_jetpack_dont_email_post_to_subs":false,"_jetpack_newsletter_tier_id":0,"_jetpack_memberships_contains_paywalled_content":false,"_jetpack_memberships_contains_paid_content":false,"footnotes":"","jetpack_publicize_message":"","jetpack_publicize_feature_enabled":true,"jetpack_social_post_already_shared":true,"jetpack_social_options":{"image_generator_settings":{"template":"highway","enabled":false},"version":2}},"categories":[1],"tags":[],"class_list":["post-1121","post","type-post","status-publish","format-standard","hentry","category-notas"],"jetpack_publicize_connections":[],"jetpack_sharing_enabled":true,"jetpack_featured_media_url":"","jetpack_shortlink":"https:\/\/wp.me\/p7wKYW-i5","jetpack-related-posts":[],"_links":{"self":[{"href":"http:\/\/blogdalucianaoliveira.com.br\/blog\/wp-json\/wp\/v2\/posts\/1121","targetHints":{"allow":["GET"]}}],"collection":[{"href":"http:\/\/blogdalucianaoliveira.com.br\/blog\/wp-json\/wp\/v2\/posts"}],"about":[{"href":"http:\/\/blogdalucianaoliveira.com.br\/blog\/wp-json\/wp\/v2\/types\/post"}],"author":[{"embeddable":true,"href":"http:\/\/blogdalucianaoliveira.com.br\/blog\/wp-json\/wp\/v2\/users\/1"}],"replies":[{"embeddable":true,"href":"http:\/\/blogdalucianaoliveira.com.br\/blog\/wp-json\/wp\/v2\/comments?post=1121"}],"version-history":[{"count":1,"href":"http:\/\/blogdalucianaoliveira.com.br\/blog\/wp-json\/wp\/v2\/posts\/1121\/revisions"}],"predecessor-version":[{"id":1124,"href":"http:\/\/blogdalucianaoliveira.com.br\/blog\/wp-json\/wp\/v2\/posts\/1121\/revisions\/1124"}],"wp:attachment":[{"href":"http:\/\/blogdalucianaoliveira.com.br\/blog\/wp-json\/wp\/v2\/media?parent=1121"}],"wp:term":[{"taxonomy":"category","embeddable":true,"href":"http:\/\/blogdalucianaoliveira.com.br\/blog\/wp-json\/wp\/v2\/categories?post=1121"},{"taxonomy":"post_tag","embeddable":true,"href":"http:\/\/blogdalucianaoliveira.com.br\/blog\/wp-json\/wp\/v2\/tags?post=1121"}],"curies":[{"name":"wp","href":"https:\/\/api.w.org\/{rel}","templated":true}]}}