{"id":1131,"date":"2016-05-21T15:51:03","date_gmt":"2016-05-21T19:51:03","guid":{"rendered":"http:\/\/blogdalucianaoliveira.com.br\/blog\/?p=1131"},"modified":"2016-05-21T15:51:03","modified_gmt":"2016-05-21T19:51:03","slug":"ataque-de-temer-aos-blogueiros-indica-a-imposicao-do-pensamento-unico","status":"publish","type":"post","link":"http:\/\/blogdalucianaoliveira.com.br\/blog\/2016\/05\/21\/ataque-de-temer-aos-blogueiros-indica-a-imposicao-do-pensamento-unico\/","title":{"rendered":"Ataque de Temer aos blogueiros indica a imposi\u00e7\u00e3o do pensamento \u00fanico"},"content":{"rendered":"<p><img data-recalc-dims=\"1\" loading=\"lazy\" decoding=\"async\" data-attachment-id=\"1132\" data-permalink=\"http:\/\/blogdalucianaoliveira.com.br\/blog\/2016\/05\/21\/ataque-de-temer-aos-blogueiros-indica-a-imposicao-do-pensamento-unico\/image-256\/\" data-orig-file=\"https:\/\/i0.wp.com\/blogdalucianaoliveira.com.br\/blog\/wp-content\/uploads\/2016\/05\/image-222.jpeg?fit=1280%2C960\" data-orig-size=\"1280,960\" data-comments-opened=\"0\" data-image-meta=\"{&quot;aperture&quot;:&quot;2.2&quot;,&quot;credit&quot;:&quot;&quot;,&quot;camera&quot;:&quot;iPhone 6&quot;,&quot;caption&quot;:&quot;&quot;,&quot;created_timestamp&quot;:&quot;1463844065&quot;,&quot;copyright&quot;:&quot;&quot;,&quot;focal_length&quot;:&quot;2.65&quot;,&quot;iso&quot;:&quot;640&quot;,&quot;shutter_speed&quot;:&quot;0.0666666666667&quot;,&quot;title&quot;:&quot;&quot;,&quot;orientation&quot;:&quot;1&quot;}\" data-image-title=\"image\" data-image-description=\"\" data-image-caption=\"\" data-medium-file=\"https:\/\/i0.wp.com\/blogdalucianaoliveira.com.br\/blog\/wp-content\/uploads\/2016\/05\/image-222.jpeg?fit=300%2C225\" data-large-file=\"https:\/\/i0.wp.com\/blogdalucianaoliveira.com.br\/blog\/wp-content\/uploads\/2016\/05\/image-222.jpeg?fit=600%2C450\" src=\"https:\/\/i0.wp.com\/blogdalucianaoliveira.com.br\/blog\/wp-content\/uploads\/2016\/05\/image-222.jpeg?resize=600%2C450\" alt=\"image\" width=\"600\" height=\"450\" class=\"alignnone size-full wp-image-1132\" srcset=\"https:\/\/i0.wp.com\/blogdalucianaoliveira.com.br\/blog\/wp-content\/uploads\/2016\/05\/image-222.jpeg?w=1280 1280w, https:\/\/i0.wp.com\/blogdalucianaoliveira.com.br\/blog\/wp-content\/uploads\/2016\/05\/image-222.jpeg?resize=300%2C225 300w, https:\/\/i0.wp.com\/blogdalucianaoliveira.com.br\/blog\/wp-content\/uploads\/2016\/05\/image-222.jpeg?resize=768%2C576 768w, https:\/\/i0.wp.com\/blogdalucianaoliveira.com.br\/blog\/wp-content\/uploads\/2016\/05\/image-222.jpeg?resize=1024%2C768 1024w, https:\/\/i0.wp.com\/blogdalucianaoliveira.com.br\/blog\/wp-content\/uploads\/2016\/05\/image-222.jpeg?resize=400%2C300 400w, https:\/\/i0.wp.com\/blogdalucianaoliveira.com.br\/blog\/wp-content\/uploads\/2016\/05\/image-222.jpeg?w=1200 1200w\" sizes=\"auto, (max-width: 600px) 100vw, 600px\" \/><\/p>\n<p>Foto: Jornalistas Livres<\/p>\n<p>Contra os \u201cblogueiros sujos\u201d<\/p>\n<p>Por Maur\u00edcio Dias, na Carta Capital<\/p>\n<p>Ao entrar no quinto dia \u00fatil de exerc\u00edcio do poder, exclu\u00eddo o primeiro fim de semana, o presidente provis\u00f3rio Michel Temer aplicou um golpe duro na liberdade de express\u00e3o.<!--more--><\/p>\n<p>Naquele dia, 18 de maio, a Secretaria de Comunica\u00e7\u00e3o do governo provis\u00f3rio enviou aos blogueiros, hoje influentes porta-vozes de setores da opini\u00e3o p\u00fablica, um comunicado oficial de que os contratos de publicidade com os \u00f3rg\u00e3os do governo estavam interrompidos. Triste novidade para eles e para os que vierem depois.<\/p>\n<p>Embora n\u00e3o seja aqui o primeiro lugar, ou o \u00fanico, a badalar os sinos, \u00e9 poss\u00edvel anunciar o risco da emerg\u00eancia do obscurantismo no Pa\u00eds. Isso ocorre pouco mais de 30 anos ap\u00f3s o derradeiro suspiro da ditadura de 21 anos. Grave demais? Talvez.<\/p>\n<p>Que restri\u00e7\u00e3o \u00e9 essa? Pren\u00fancio do governo provis\u00f3rio de Temer? De fato, a medida reflete a consolida\u00e7\u00e3o de um pensamento \u00fanico imposto no Pa\u00eds. Quem pensar diferente pode perder a cabe\u00e7a, sem necessidade de invocar a presen\u00e7a do monsieur Guillotin.<\/p>\n<p>Transposto do plural para o singular, o governo destruiu um modesto contrato financeiro, no mundo virtual, incapaz de comprometer o desventurado d\u00e9ficit fiscal. \u00c9 importante, no entanto, para os blogs e para o exerc\u00edcio democr\u00e1tico da liberdade de express\u00e3o.<\/p>\n<p>Embora em outro plano, serve como refer\u00eancia, neste caso, a situa\u00e7\u00e3o excepcional de Jos\u00e9 Catal\u00e3o, que servia caf\u00e9 no Pal\u00e1cio do Planalto e foi demitido por suspei\u00e7\u00e3o de ser petista. Ele se orgulha de ter servido a Temer como vice-presidente.<\/p>\n<p>Catal\u00e3o, gar\u00e7om sol\u00edcito, pode tornar-se o \u00edcone do trabalhador exonerado no projeto econ\u00f4mico arquitetado agora por Henrique Meirelles, ministro da Fazenda.<\/p>\n<p><img data-recalc-dims=\"1\" loading=\"lazy\" decoding=\"async\" data-attachment-id=\"1133\" data-permalink=\"http:\/\/blogdalucianaoliveira.com.br\/blog\/2016\/05\/21\/ataque-de-temer-aos-blogueiros-indica-a-imposicao-do-pensamento-unico\/image-257\/\" data-orig-file=\"https:\/\/i0.wp.com\/blogdalucianaoliveira.com.br\/blog\/wp-content\/uploads\/2016\/05\/image-223.jpeg?fit=768%2C576\" data-orig-size=\"768,576\" data-comments-opened=\"0\" data-image-meta=\"{&quot;aperture&quot;:&quot;0&quot;,&quot;credit&quot;:&quot;&quot;,&quot;camera&quot;:&quot;&quot;,&quot;caption&quot;:&quot;&quot;,&quot;created_timestamp&quot;:&quot;0&quot;,&quot;copyright&quot;:&quot;&quot;,&quot;focal_length&quot;:&quot;0&quot;,&quot;iso&quot;:&quot;0&quot;,&quot;shutter_speed&quot;:&quot;0&quot;,&quot;title&quot;:&quot;&quot;,&quot;orientation&quot;:&quot;0&quot;}\" data-image-title=\"image\" data-image-description=\"\" data-image-caption=\"\" data-medium-file=\"https:\/\/i0.wp.com\/blogdalucianaoliveira.com.br\/blog\/wp-content\/uploads\/2016\/05\/image-223.jpeg?fit=300%2C225\" data-large-file=\"https:\/\/i0.wp.com\/blogdalucianaoliveira.com.br\/blog\/wp-content\/uploads\/2016\/05\/image-223.jpeg?fit=600%2C450\" src=\"https:\/\/i0.wp.com\/blogdalucianaoliveira.com.br\/blog\/wp-content\/uploads\/2016\/05\/image-223.jpeg?resize=600%2C450\" alt=\"image\" width=\"600\" height=\"450\" class=\"alignnone size-full wp-image-1133\" srcset=\"https:\/\/i0.wp.com\/blogdalucianaoliveira.com.br\/blog\/wp-content\/uploads\/2016\/05\/image-223.jpeg?w=768 768w, https:\/\/i0.wp.com\/blogdalucianaoliveira.com.br\/blog\/wp-content\/uploads\/2016\/05\/image-223.jpeg?resize=300%2C225 300w, https:\/\/i0.wp.com\/blogdalucianaoliveira.com.br\/blog\/wp-content\/uploads\/2016\/05\/image-223.jpeg?resize=400%2C300 400w\" sizes=\"auto, (max-width: 600px) 100vw, 600px\" \/><\/p>\n<p>A aus\u00eancia da publicidade tem condi\u00e7\u00f5es de sufocar os blogueiros. Assim como pode frear o \u00edmpeto do restrito c\u00edrculo monopolista dos bar\u00f5es da imprensa. Este n\u00e3o \u00e9 assunto, por\u00e9m, para o presidente provis\u00f3rio. A imprensa ainda \u00e9 um setor da economia dependente da publicidade governamental.<\/p>\n<p>No mundo novo da internet, a veicula\u00e7\u00e3o da publicidade ainda se guia pela discut\u00edvel rela\u00e7\u00e3o utilizada para a m\u00eddia impressa. Ou seja, a aplica\u00e7\u00e3o da m\u00eddia t\u00e9cnica que sobrep\u00f5e a potencial circula\u00e7\u00e3o do ve\u00edculo \u00e0 qualidade do conte\u00fado veiculado. Usa-se um conceito velho neste mundo novo, ainda mal avaliado,  invadido, sem permiss\u00e3o, pelos blogueiros.<\/p>\n<p>A decis\u00e3o repercute no mundo virtual. Mas n\u00e3o se daria n\u00e3o fosse, objetivamente, a vingan\u00e7a contra os chamados \u201cblogueiros sujos\u201d. Ou seja, aqueles que n\u00e3o engoliam o prato que a m\u00eddia conservadora oferecia diariamente. Com raras exce\u00e7\u00f5es na m\u00eddia impressa, falada e televisada, eles atacaram com vigor, na batalha contra o golpe, as deturpa\u00e7\u00f5es disseminadas diariamente pela oposi\u00e7\u00e3o ao governo de Dilma Rousseff.<\/p>\n<p>Em outras palavras, combateram a manobra golpista que, ao fim e ao cabo, n\u00e3o foi contida. <\/p>\n<p>A decis\u00e3o restritiva, punitiva, imposta pelo governo Temer talvez seja apenas o recome\u00e7o de uma velha hist\u00f3ria<\/p>\n","protected":false},"excerpt":{"rendered":"<p>Foto: Jornalistas Livres Contra os \u201cblogueiros sujos\u201d Por Maur\u00edcio Dias, na Carta Capital Ao entrar no quinto dia \u00fatil de exerc\u00edcio do poder, exclu\u00eddo o primeiro fim de semana, o presidente provis\u00f3rio Michel Temer aplicou um golpe duro na liberdade de express\u00e3o.<\/p>\n","protected":false},"author":1,"featured_media":0,"comment_status":"closed","ping_status":"open","sticky":false,"template":"","format":"standard","meta":{"_exactmetrics_skip_tracking":false,"_exactmetrics_sitenote_active":false,"_exactmetrics_sitenote_note":"","_exactmetrics_sitenote_category":0,"jetpack_post_was_ever_published":false,"_jetpack_newsletter_access":"","_jetpack_dont_email_post_to_subs":false,"_jetpack_newsletter_tier_id":0,"_jetpack_memberships_contains_paywalled_content":false,"_jetpack_memberships_contains_paid_content":false,"footnotes":"","jetpack_publicize_message":"","jetpack_publicize_feature_enabled":true,"jetpack_social_post_already_shared":true,"jetpack_social_options":{"image_generator_settings":{"template":"highway","enabled":false},"version":2}},"categories":[1],"tags":[],"class_list":["post-1131","post","type-post","status-publish","format-standard","hentry","category-notas"],"jetpack_publicize_connections":[],"jetpack_sharing_enabled":true,"jetpack_featured_media_url":"","jetpack_shortlink":"https:\/\/wp.me\/p7wKYW-if","jetpack-related-posts":[],"_links":{"self":[{"href":"http:\/\/blogdalucianaoliveira.com.br\/blog\/wp-json\/wp\/v2\/posts\/1131","targetHints":{"allow":["GET"]}}],"collection":[{"href":"http:\/\/blogdalucianaoliveira.com.br\/blog\/wp-json\/wp\/v2\/posts"}],"about":[{"href":"http:\/\/blogdalucianaoliveira.com.br\/blog\/wp-json\/wp\/v2\/types\/post"}],"author":[{"embeddable":true,"href":"http:\/\/blogdalucianaoliveira.com.br\/blog\/wp-json\/wp\/v2\/users\/1"}],"replies":[{"embeddable":true,"href":"http:\/\/blogdalucianaoliveira.com.br\/blog\/wp-json\/wp\/v2\/comments?post=1131"}],"version-history":[{"count":1,"href":"http:\/\/blogdalucianaoliveira.com.br\/blog\/wp-json\/wp\/v2\/posts\/1131\/revisions"}],"predecessor-version":[{"id":1134,"href":"http:\/\/blogdalucianaoliveira.com.br\/blog\/wp-json\/wp\/v2\/posts\/1131\/revisions\/1134"}],"wp:attachment":[{"href":"http:\/\/blogdalucianaoliveira.com.br\/blog\/wp-json\/wp\/v2\/media?parent=1131"}],"wp:term":[{"taxonomy":"category","embeddable":true,"href":"http:\/\/blogdalucianaoliveira.com.br\/blog\/wp-json\/wp\/v2\/categories?post=1131"},{"taxonomy":"post_tag","embeddable":true,"href":"http:\/\/blogdalucianaoliveira.com.br\/blog\/wp-json\/wp\/v2\/tags?post=1131"}],"curies":[{"name":"wp","href":"https:\/\/api.w.org\/{rel}","templated":true}]}}