{"id":1145,"date":"2016-05-22T12:37:00","date_gmt":"2016-05-22T16:37:00","guid":{"rendered":"http:\/\/blogdalucianaoliveira.com.br\/blog\/?p=1145"},"modified":"2016-05-22T12:45:44","modified_gmt":"2016-05-22T16:45:44","slug":"blogueiros-aprovam-carta-de-belo-horizonte-este-blog-foi-eleito-membro-na-comissao-nacional","status":"publish","type":"post","link":"http:\/\/blogdalucianaoliveira.com.br\/blog\/2016\/05\/22\/blogueiros-aprovam-carta-de-belo-horizonte-este-blog-foi-eleito-membro-na-comissao-nacional\/","title":{"rendered":"Blogueiros aprovam Carta de Belo Horizonte. Este blog foi eleito membro na Comiss\u00e3o Nacional"},"content":{"rendered":"<p><img data-recalc-dims=\"1\" loading=\"lazy\" decoding=\"async\" data-attachment-id=\"1146\" data-permalink=\"http:\/\/blogdalucianaoliveira.com.br\/blog\/2016\/05\/22\/blogueiros-aprovam-carta-de-belo-horizonte-este-blog-foi-eleito-membro-na-comissao-nacional\/image-260\/\" data-orig-file=\"https:\/\/i0.wp.com\/blogdalucianaoliveira.com.br\/blog\/wp-content\/uploads\/2016\/05\/image-226.jpeg?fit=720%2C480\" data-orig-size=\"720,480\" data-comments-opened=\"0\" data-image-meta=\"{&quot;aperture&quot;:&quot;0&quot;,&quot;credit&quot;:&quot;&quot;,&quot;camera&quot;:&quot;&quot;,&quot;caption&quot;:&quot;&quot;,&quot;created_timestamp&quot;:&quot;0&quot;,&quot;copyright&quot;:&quot;&quot;,&quot;focal_length&quot;:&quot;0&quot;,&quot;iso&quot;:&quot;0&quot;,&quot;shutter_speed&quot;:&quot;0&quot;,&quot;title&quot;:&quot;&quot;,&quot;orientation&quot;:&quot;1&quot;}\" data-image-title=\"image\" data-image-description=\"\" data-image-caption=\"\" data-medium-file=\"https:\/\/i0.wp.com\/blogdalucianaoliveira.com.br\/blog\/wp-content\/uploads\/2016\/05\/image-226.jpeg?fit=300%2C200\" data-large-file=\"https:\/\/i0.wp.com\/blogdalucianaoliveira.com.br\/blog\/wp-content\/uploads\/2016\/05\/image-226.jpeg?fit=600%2C400\" src=\"https:\/\/i0.wp.com\/blogdalucianaoliveira.com.br\/blog\/wp-content\/uploads\/2016\/05\/image-226.jpeg?resize=600%2C400\" alt=\"image\" width=\"600\" height=\"400\" class=\"alignnone size-full wp-image-1146\" srcset=\"https:\/\/i0.wp.com\/blogdalucianaoliveira.com.br\/blog\/wp-content\/uploads\/2016\/05\/image-226.jpeg?w=720 720w, https:\/\/i0.wp.com\/blogdalucianaoliveira.com.br\/blog\/wp-content\/uploads\/2016\/05\/image-226.jpeg?resize=300%2C200 300w, https:\/\/i0.wp.com\/blogdalucianaoliveira.com.br\/blog\/wp-content\/uploads\/2016\/05\/image-226.jpeg?resize=450%2C300 450w\" sizes=\"auto, (max-width: 600px) 100vw, 600px\" \/><\/p>\n<p>Foram tr\u00eas dias de encontro, 400 inscritos, debates e grupos de trabalho com a participa\u00e7\u00e3o de blogueiros e ativistas de todos os estados. <!--more--><\/p>\n<p>A quinta edi\u00e7\u00e3o do encontro terminou com a aprova\u00e7\u00e3o de uma carta com a qual todos se comprometem. Os blogueiros repudiam o governo ileg\u00edtimo que se instalou no Brasil no \u00faltimo dia 12. <\/p>\n<p>Entre os temas que mais preocupam e que ser\u00e3o combatidos pela m\u00eddia alternativa est\u00e3o: manifestar rep\u00fadio \u00e0 interven\u00e7\u00e3o ilegal dos golpistas na EBC; denunciar o car\u00e1ter machista e preconceituoso que expulsa as mulheres do centro do poder; mostrar que mulheres, jovens negros, trabalhadores que lutam pela reforma agr\u00e1ria e povos ind\u00edgenas s\u00e3o v\u00edtimas imediatas da escalada autorit\u00e1ria; lutar contra o desmanche dos programas sociais; resistir ao desmonte da Previd\u00eancia Social; denunciar as inten\u00e7\u00f5es autorit\u00e1rias do novo Ministro da Justi\u00e7a; denunciar ju\u00edzes que atuam como militantes partid\u00e1rios; lutar contra a amea\u00e7a de retrocessos no Marco Civil da Internet; lutar contra as tentativas de entregar o Pr\u00e9-Sal \u00e0s multinacionais e apoiar os esfor\u00e7os da Frente Brasil Popular. <\/p>\n<p>Por unanimidade, uma Comiss\u00e3o Nacional de Blogueiros Bar\u00e3o de Itarar\u00e9 foi eleita e este blog se tornou membro representando o estado de Rond\u00f4nia.  <\/p>\n<p><img data-recalc-dims=\"1\" loading=\"lazy\" decoding=\"async\" data-attachment-id=\"1147\" data-permalink=\"http:\/\/blogdalucianaoliveira.com.br\/blog\/2016\/05\/22\/blogueiros-aprovam-carta-de-belo-horizonte-este-blog-foi-eleito-membro-na-comissao-nacional\/image-261\/\" data-orig-file=\"https:\/\/i0.wp.com\/blogdalucianaoliveira.com.br\/blog\/wp-content\/uploads\/2016\/05\/image-227.jpeg?fit=2133%2C1825\" data-orig-size=\"2133,1825\" data-comments-opened=\"0\" data-image-meta=\"{&quot;aperture&quot;:&quot;2.2&quot;,&quot;credit&quot;:&quot;&quot;,&quot;camera&quot;:&quot;iPhone 6&quot;,&quot;caption&quot;:&quot;&quot;,&quot;created_timestamp&quot;:&quot;1463918367&quot;,&quot;copyright&quot;:&quot;&quot;,&quot;focal_length&quot;:&quot;4.15&quot;,&quot;iso&quot;:&quot;250&quot;,&quot;shutter_speed&quot;:&quot;0.0333333333333&quot;,&quot;title&quot;:&quot;&quot;,&quot;orientation&quot;:&quot;1&quot;}\" data-image-title=\"image\" data-image-description=\"\" data-image-caption=\"\" data-medium-file=\"https:\/\/i0.wp.com\/blogdalucianaoliveira.com.br\/blog\/wp-content\/uploads\/2016\/05\/image-227.jpeg?fit=300%2C257\" data-large-file=\"https:\/\/i0.wp.com\/blogdalucianaoliveira.com.br\/blog\/wp-content\/uploads\/2016\/05\/image-227.jpeg?fit=600%2C513\" src=\"https:\/\/i0.wp.com\/blogdalucianaoliveira.com.br\/blog\/wp-content\/uploads\/2016\/05\/image-227.jpeg?resize=600%2C513\" alt=\"image\" width=\"600\" height=\"513\" class=\"alignnone size-full wp-image-1147\" srcset=\"https:\/\/i0.wp.com\/blogdalucianaoliveira.com.br\/blog\/wp-content\/uploads\/2016\/05\/image-227.jpeg?w=2133 2133w, https:\/\/i0.wp.com\/blogdalucianaoliveira.com.br\/blog\/wp-content\/uploads\/2016\/05\/image-227.jpeg?resize=300%2C257 300w, https:\/\/i0.wp.com\/blogdalucianaoliveira.com.br\/blog\/wp-content\/uploads\/2016\/05\/image-227.jpeg?resize=768%2C657 768w, https:\/\/i0.wp.com\/blogdalucianaoliveira.com.br\/blog\/wp-content\/uploads\/2016\/05\/image-227.jpeg?resize=351%2C300 351w, https:\/\/i0.wp.com\/blogdalucianaoliveira.com.br\/blog\/wp-content\/uploads\/2016\/05\/image-227.jpeg?w=1200 1200w, https:\/\/i0.wp.com\/blogdalucianaoliveira.com.br\/blog\/wp-content\/uploads\/2016\/05\/image-227.jpeg?w=1800 1800w\" sizes=\"auto, (max-width: 600px) 100vw, 600px\" \/><\/p>\n","protected":false},"excerpt":{"rendered":"<p>Foram tr\u00eas dias de encontro, 400 inscritos, debates e grupos de trabalho com a participa\u00e7\u00e3o de blogueiros e ativistas de todos os estados.<\/p>\n","protected":false},"author":1,"featured_media":0,"comment_status":"closed","ping_status":"open","sticky":false,"template":"","format":"standard","meta":{"_exactmetrics_skip_tracking":false,"_exactmetrics_sitenote_active":false,"_exactmetrics_sitenote_note":"","_exactmetrics_sitenote_category":0,"jetpack_post_was_ever_published":false,"_jetpack_newsletter_access":"","_jetpack_dont_email_post_to_subs":false,"_jetpack_newsletter_tier_id":0,"_jetpack_memberships_contains_paywalled_content":false,"_jetpack_memberships_contains_paid_content":false,"footnotes":"","jetpack_publicize_message":"","jetpack_publicize_feature_enabled":true,"jetpack_social_post_already_shared":true,"jetpack_social_options":{"image_generator_settings":{"template":"highway","enabled":false},"version":2}},"categories":[1],"tags":[],"class_list":["post-1145","post","type-post","status-publish","format-standard","hentry","category-notas"],"jetpack_publicize_connections":[],"jetpack_sharing_enabled":true,"jetpack_featured_media_url":"","jetpack_shortlink":"https:\/\/wp.me\/p7wKYW-it","jetpack-related-posts":[],"_links":{"self":[{"href":"http:\/\/blogdalucianaoliveira.com.br\/blog\/wp-json\/wp\/v2\/posts\/1145","targetHints":{"allow":["GET"]}}],"collection":[{"href":"http:\/\/blogdalucianaoliveira.com.br\/blog\/wp-json\/wp\/v2\/posts"}],"about":[{"href":"http:\/\/blogdalucianaoliveira.com.br\/blog\/wp-json\/wp\/v2\/types\/post"}],"author":[{"embeddable":true,"href":"http:\/\/blogdalucianaoliveira.com.br\/blog\/wp-json\/wp\/v2\/users\/1"}],"replies":[{"embeddable":true,"href":"http:\/\/blogdalucianaoliveira.com.br\/blog\/wp-json\/wp\/v2\/comments?post=1145"}],"version-history":[{"count":2,"href":"http:\/\/blogdalucianaoliveira.com.br\/blog\/wp-json\/wp\/v2\/posts\/1145\/revisions"}],"predecessor-version":[{"id":1149,"href":"http:\/\/blogdalucianaoliveira.com.br\/blog\/wp-json\/wp\/v2\/posts\/1145\/revisions\/1149"}],"wp:attachment":[{"href":"http:\/\/blogdalucianaoliveira.com.br\/blog\/wp-json\/wp\/v2\/media?parent=1145"}],"wp:term":[{"taxonomy":"category","embeddable":true,"href":"http:\/\/blogdalucianaoliveira.com.br\/blog\/wp-json\/wp\/v2\/categories?post=1145"},{"taxonomy":"post_tag","embeddable":true,"href":"http:\/\/blogdalucianaoliveira.com.br\/blog\/wp-json\/wp\/v2\/tags?post=1145"}],"curies":[{"name":"wp","href":"https:\/\/api.w.org\/{rel}","templated":true}]}}