{"id":11617,"date":"2017-06-20T12:48:38","date_gmt":"2017-06-20T16:48:38","guid":{"rendered":"http:\/\/blogdalucianaoliveira.com.br\/blog\/?p=11617"},"modified":"2017-06-20T12:48:38","modified_gmt":"2017-06-20T16:48:38","slug":"feliciano-e-outros-87-deputados-se-contradizem-em-votos-da-pec-do-teto-e-da-reforma-da-previdencia","status":"publish","type":"post","link":"http:\/\/blogdalucianaoliveira.com.br\/blog\/2017\/06\/20\/feliciano-e-outros-87-deputados-se-contradizem-em-votos-da-pec-do-teto-e-da-reforma-da-previdencia\/","title":{"rendered":"FELICIANO E OUTROS 87 DEPUTADOS SE CONTRADIZEM EM VOTOS DA PEC DO TETO E DA REFORMA DA PREVID\u00caNCIA"},"content":{"rendered":"<p><img data-recalc-dims=\"1\" loading=\"lazy\" decoding=\"async\" data-attachment-id=\"11618\" data-permalink=\"http:\/\/blogdalucianaoliveira.com.br\/blog\/2017\/06\/20\/feliciano-e-outros-87-deputados-se-contradizem-em-votos-da-pec-do-teto-e-da-reforma-da-previdencia\/pai-2\/\" data-orig-file=\"https:\/\/i0.wp.com\/blogdalucianaoliveira.com.br\/blog\/wp-content\/uploads\/2017\/06\/pai.jpg?fit=1440%2C720\" data-orig-size=\"1440,720\" data-comments-opened=\"0\" data-image-meta=\"{&quot;aperture&quot;:&quot;0&quot;,&quot;credit&quot;:&quot;&quot;,&quot;camera&quot;:&quot;&quot;,&quot;caption&quot;:&quot;&quot;,&quot;created_timestamp&quot;:&quot;0&quot;,&quot;copyright&quot;:&quot;&quot;,&quot;focal_length&quot;:&quot;0&quot;,&quot;iso&quot;:&quot;0&quot;,&quot;shutter_speed&quot;:&quot;0&quot;,&quot;title&quot;:&quot;&quot;,&quot;orientation&quot;:&quot;0&quot;}\" data-image-title=\"pai\" data-image-description=\"\" data-image-caption=\"\" data-medium-file=\"https:\/\/i0.wp.com\/blogdalucianaoliveira.com.br\/blog\/wp-content\/uploads\/2017\/06\/pai.jpg?fit=300%2C150\" data-large-file=\"https:\/\/i0.wp.com\/blogdalucianaoliveira.com.br\/blog\/wp-content\/uploads\/2017\/06\/pai.jpg?fit=600%2C300\" src=\"https:\/\/i0.wp.com\/blogdalucianaoliveira.com.br\/blog\/wp-content\/uploads\/2017\/06\/pai.jpg?resize=600%2C300\" alt=\"pai\" width=\"600\" height=\"300\" class=\"alignnone size-full wp-image-11618\" srcset=\"https:\/\/i0.wp.com\/blogdalucianaoliveira.com.br\/blog\/wp-content\/uploads\/2017\/06\/pai.jpg?w=1440 1440w, https:\/\/i0.wp.com\/blogdalucianaoliveira.com.br\/blog\/wp-content\/uploads\/2017\/06\/pai.jpg?resize=300%2C150 300w, https:\/\/i0.wp.com\/blogdalucianaoliveira.com.br\/blog\/wp-content\/uploads\/2017\/06\/pai.jpg?resize=768%2C384 768w, https:\/\/i0.wp.com\/blogdalucianaoliveira.com.br\/blog\/wp-content\/uploads\/2017\/06\/pai.jpg?resize=1024%2C512 1024w, https:\/\/i0.wp.com\/blogdalucianaoliveira.com.br\/blog\/wp-content\/uploads\/2017\/06\/pai.jpg?resize=600%2C300 600w, https:\/\/i0.wp.com\/blogdalucianaoliveira.com.br\/blog\/wp-content\/uploads\/2017\/06\/pai.jpg?w=1200 1200w\" sizes=\"auto, (max-width: 600px) 100vw, 600px\" \/><\/p>\n<p>The Intercept<br \/>\nHelena Borges<\/p>\n<p>SEIS MESES DEPOIS de o Congresso Nacional aprovar a emenda constitucional que estabelece um limite para os gastos p\u00fablicos pelos pr\u00f3ximos 20 anos,  os mesmos parlamentares que aprovaram os cortes, agora, reclamam dos seus efeitos colaterais. O principal deles \u00e9 a Reforma da Previd\u00eancia. A incoer\u00eancia salta aos olhos: 25% dos parlamentares que votaram \u201csim\u201d pela PEC do Teto agora n\u00e3o querem assinar a reforma que obedece ao \u201cteto\u201d imposto por eles mesmos. Se defendiam tanto a \u201cconten\u00e7\u00e3o de despesas\u201d, ser\u00e1 que eles n\u00e3o sabiam o que significava um corte de gastos?<!--more--><\/p>\n<p>Deputados como o pastor Marco Feliciano (PSC-SP) parecem n\u00e3o ter entendido a extens\u00e3o de seus atos quando disseram \u201csim\u201d ao \u201ccongelamento\u201d. Em franca campanha pela \u201cconten\u00e7\u00e3o dos gastos\u201d, o parlamentar chegou a publicar v\u00eddeos no qual afirma ser a favor da PEC e diz que \u201ca PEC preserva e consolida as conquistas sociais\u201d:<\/p>\n<div class=\"jetpack-video-wrapper\"><iframe loading=\"lazy\" title=\"POR QUE AP\u00d3IO A PEC 241\/2016 DEP. PASTOR MARCO FELICIANO\" width=\"600\" height=\"450\" src=\"https:\/\/www.youtube.com\/embed\/CJJa_qFU4wQ?feature=oembed\" frameborder=\"0\" allow=\"accelerometer; autoplay; clipboard-write; encrypted-media; gyroscope; picture-in-picture; web-share\" referrerpolicy=\"strict-origin-when-cross-origin\" allowfullscreen><\/iframe><\/div>\n<p>Diferentemente das previs\u00f5es do pastor, o limite or\u00e7ament\u00e1rio imposto pela PEC \u00e9 o principal motivo da realiza\u00e7\u00e3o da Reforma da Previd\u00eancia. Ou seja, a PEC n\u00e3o apenas n\u00e3o preserva as conquistas sociais, como \u00e9 o principal motivo do ataque a elas.<\/p>\n<p>\u201cFilho feio n\u00e3o tem pai\u201d<\/p>\n<p>Incensada por ve\u00edculos jornal\u00edsticos de grande circula\u00e7\u00e3o \u2014 \u201cEntenda por que o Brasil precisa da PEC do Teto\u201d e \u201cTeto dos gastos \u00e9 fundamental para ajuste\u201d s\u00e3o apenas dois exemplos do que se viu circulando \u2014, a PEC foi aprovada rapidamente e com apoio da grande maioria da C\u00e2mara (75,3%). Foram 359 deputados federais a favor e apenas 116 foram contr\u00e1rios.<\/p>\n<p>J\u00e1 Reforma da Previd\u00eancia, por mais que conte com certo apoio midi\u00e1tico e silenciamento de cr\u00edticos, n\u00e3o conquista tantos cora\u00e7\u00f5es parlamentares: at\u00e9 a publica\u00e7\u00e3o desta mat\u00e9ria, o placar feito pelo jornal O Estado de S. Paulo marca apenas 83 votos a favor e 225 contra. The Intercept Brasil consultou os deputados para checar seus posicionamentos e dois deles pediram corre\u00e7\u00e3o: L\u00e1zaro Botelho (PP-TO), registrado como \u201ca favor\u201d no placar afirma n\u00e3o declarar seu voto, e Roberto Alves (PRB-SP) tamb\u00e9m registrado como favor\u00e1vel, n\u00e3o se decidiu ainda.<\/p>\n<p>https:\/\/twitter.com\/reporterb\/status\/857249083039330307\/photo\/1?ref_src=twsrc%5Etfw&#038;ref_url=https%3A%2F%2Ftheintercept.com%2F2017%2F06%2F20%2Ffeliciano-e-outros-87-deputados-se-contradizem-em-votos-da-pec-do-teto-e-da-reforma-da-previdencia%2F<\/p>\n<p>Os motivos da rejei\u00e7\u00e3o residem no fato de que os efeitos pr\u00e1ticos da reforma s\u00e3o mais vis\u00edveis para o eleitorado. Isso porque ela dever\u00e1, entre outras coisas, diminuir a arrecada\u00e7\u00e3o, obrigar uma parcela da popula\u00e7\u00e3o a trabalhar at\u00e9 a morte e reduzir ainda mais o valor das aposentadorias. Aproximadamente 63% dos benefici\u00e1rios recebem um sal\u00e1rio m\u00ednimo (R$ 937,00).<\/p>\n<p>Ser\u00e1 que eles n\u00e3o sabiam o que significa um corte de gastos?<\/p>\n<p>N\u00e3o foi por falta de aviso ou de explica\u00e7\u00f5es sobre o or\u00e7amento, garante o economista J\u00falio Miragaya, presidente do Conselho Federal de Economia (Cofecon). Ele mesmo esteve no Congresso para uma audi\u00eancia p\u00fablica, em novembro, para explicar os impactos da PEC nos investimentos sociais e na Previd\u00eancia. Sua experi\u00eancia na Comiss\u00e3o de Assuntos Econ\u00f4micos deixou claro o que estava por vir: \u201ca maioria dos parlamentares n\u00e3o est\u00e1 aberta ao di\u00e1logo, eles j\u00e1 chegam de cabe\u00e7a feita, representando os determinados interesses que os colocaram ali, os dos mais ricos, \u00e9 uma quest\u00e3o de classe\u201d.<\/p>\n<p>Na \u00faltima elei\u00e7\u00e3o para a C\u00e2mara, em 2014, 70% dos deputados eleitos receberam doa\u00e7\u00f5es de campanha das mesmas 10 grandes empresas. S\u00f3 uma delas, a JBS, distribuiu R$ 61,2 milh\u00f5es para 162 deputados eleitos, montando uma bancada duas vezes maior que a do PT \u2014 ent\u00e3o maior partido na C\u00e2mara.<\/p>\n<p>ImagesCuriosamente, a JBS lidera outra lista: a de empresas devedoras da Previd\u00eancia. Perdendo apenas para uma companhia falida (o que a coloca em primeiro lugar), a holding deve R$ 2,39 bilh\u00f5es ao INSS. E n\u00e3o \u00e9 por falta de condi\u00e7\u00f5es, j\u00e1 que se trata de pouco menos de um quarto do quanto pagou em seu acordo de leni\u00eancia.<br \/>\nMiragaya explica que o posicionamento amb\u00edguo dos deputados \u00e9 um reflexo do conflito entre as duas for\u00e7as que d\u00e3o poder a eles: o eleitorado, que lhes d\u00e1 votos, e a elite financeira, que banca suas campanhas pelos mesmos votos. O economista lembra que, quando o corte de gastos estava no centro do debate, uma parte da popula\u00e7\u00e3o chegou a aprovar a austeridade, adotando os argumentos apresentados em muitos jornais de grande circula\u00e7\u00e3o. \u00c0s v\u00e9speras da vota\u00e7\u00e3o final no Senado, no entanto, o Datafolha indicava que 60% da popula\u00e7\u00e3o era contra a PEC do Teto.<\/p>\n<p>J\u00e1 na \u00e9poca da aprova\u00e7\u00e3o da PEC na C\u00e2mara, em outubro passado, o primeiro a aprender a li\u00e7\u00e3o sobre a rela\u00e7\u00e3o entre seus votos no Congresso e os votos que recebe na urna foi o deputado Jair Bolsonaro (PSC-RJ). A princ\u00edpio, ele se dizia contra a PEC do Teto, mas mudou de ideia em uma reuni\u00e3o com o presidente Michel Temer poucas horas antes da vota\u00e7\u00e3o. O posicionamento n\u00e3o passou inc\u00f3lume, e Bolsonaro foi duramente criticado por seus eleitores.<\/p>\n<p>Com a Previd\u00eancia e a Reforma Trabalhista, no entanto, esta rela\u00e7\u00e3o se torna mais direta. O eleitor m\u00e9dio percebe as consequ\u00eancias de forma mais direta, o que eleva a reprova\u00e7\u00e3o das reformas: 71% dos brasileiros s\u00e3o contra a Reforma da Previd\u00eancia, segundo o mesmo Datafolha, e 58% s\u00e3o contra a Reforma Trabalhista, segundo a Ipsos.<\/p>\n<p>Na matem\u00e1tica eleitoral, aqueles parlamentares que disserem sim \u00e0 Reforma da Previd\u00eancia ter\u00e3o altas chances de rejei\u00e7\u00e3o nas elei\u00e7\u00f5es do ano que vem. Li\u00e7\u00e3o aprendida, Bolsonaro pai e filho (Eduardo tamb\u00e9m \u00e9 deputado federal), registraram suas posi\u00e7\u00f5es contr\u00e1rias \u00e0 Reforma da Previd\u00eancia desta vez. Em entrevista \u00e0 Folha de S. Paulo, em mar\u00e7o, Jair Bolsonaro chamou a reforma de \u201cremendo de a\u00e7o numa cal\u00e7a podre\u201d e disse que a proposta est\u00e1 \u201cmuito forte\u201d.<\/p>\n<p>\u00c9 essa rela\u00e7\u00e3o din\u00e2mica entre votos que guia o caminho trilhado na C\u00e2mara, explica Miragaya:<\/p>\n<p>Explica\u00e7\u00f5es?<\/p>\n<p>O deputado Jair Bolsonaro \u00e9 um dos que votou a favor da PEC do Teto e agora se posiciona contra a Reforma da Previd\u00eancia. Foto: F\u00e1bio Rodrigues Pozzebom\/Ag\u00eancia BrasilThe Intercept Brasil entrou em contato com a equipe dos deputados Jair Bolsonaro e Marco Feliciano, bem como as dos demais deputados que votaram pela PEC do Teto e que agora,  contraditoriamente, se posicionam contra a Reforma da Previd\u00eancia. Questionamos como cada um deles espera que o limite or\u00e7ament\u00e1rio imposto pela PEC (e aprovado por eles mesmos) seja respeitado sem que a reforma seja feita, sabendo que a propor\u00e7\u00e3o de idosos deve dobrar nos pr\u00f3ximos vinte anos e que os repasses \u00e0 pasta da Previd\u00eancia ficar\u00e3o congelados nos n\u00edveis de 2016, reajustados apenas pela infla\u00e7\u00e3o.<br \/>\nA assessoria de imprensa de Jair Bolsonaro respondeu, por telefone, que ele est\u00e1 com a agenda muito cheia para responder aos questionamentos enviados. A assessoria do pastor Marco Feliciano confirmou o recebimento da demanda, mas n\u00e3o respondeu at\u00e9 a publica\u00e7\u00e3o da reportagem.<\/p>\n<p>As equipes dos deputados Cabo Sabino (PR-CE) e Hissa Abrah\u00e3o (PDT-AM), ambos contr\u00e1rios \u00e0 reforma, explicam que os parlamentares se posicionaram favoravelmente \u00e0 PEC apenas no primeiro turno de vota\u00e7\u00f5es, quando foram registrados sete votos a mais a favor da PEC. Na vota\u00e7\u00e3o final, Cabo Sabino n\u00e3o esteve presente e Hissa Abrah\u00e3o votou contra a emenda.<\/p>\n<p>At\u00e9 agora, nenhum dos parlamentares que deu \u201csim\u201d \u00e0 PEC em sua vota\u00e7\u00e3o final respondeu aos questionamentos.<\/p>\n<p>_Esta mat\u00e9ria ser\u00e1 atualizada quando recebermos suas respostas<\/p>\n","protected":false},"excerpt":{"rendered":"<p>The Intercept Helena Borges SEIS MESES DEPOIS de o Congresso Nacional aprovar a emenda constitucional que estabelece um limite para os gastos p\u00fablicos pelos pr\u00f3ximos 20 anos, os mesmos parlamentares que aprovaram os cortes, agora, reclamam dos seus efeitos colaterais. O principal deles \u00e9 a Reforma da Previd\u00eancia. A incoer\u00eancia salta aos olhos: 25% dos&#8230;<a class=\"more-link\" href=\"http:\/\/blogdalucianaoliveira.com.br\/blog\/2017\/06\/20\/feliciano-e-outros-87-deputados-se-contradizem-em-votos-da-pec-do-teto-e-da-reforma-da-previdencia\/\">Continue a leitura <span class=\"meta-nav\">&raquo;<\/span><\/a><\/p>\n","protected":false},"author":1,"featured_media":0,"comment_status":"closed","ping_status":"open","sticky":false,"template":"","format":"standard","meta":{"_exactmetrics_skip_tracking":false,"_exactmetrics_sitenote_active":false,"_exactmetrics_sitenote_note":"","_exactmetrics_sitenote_category":0,"jetpack_post_was_ever_published":false,"_jetpack_newsletter_access":"","_jetpack_dont_email_post_to_subs":false,"_jetpack_newsletter_tier_id":0,"_jetpack_memberships_contains_paywalled_content":false,"_jetpack_memberships_contains_paid_content":false,"footnotes":"","jetpack_publicize_message":"","jetpack_publicize_feature_enabled":true,"jetpack_social_post_already_shared":true,"jetpack_social_options":{"image_generator_settings":{"template":"highway","enabled":false},"version":2}},"categories":[1],"tags":[],"class_list":["post-11617","post","type-post","status-publish","format-standard","hentry","category-notas"],"jetpack_publicize_connections":[],"jetpack_sharing_enabled":true,"jetpack_featured_media_url":"","jetpack_shortlink":"https:\/\/wp.me\/p7wKYW-31n","jetpack-related-posts":[],"_links":{"self":[{"href":"http:\/\/blogdalucianaoliveira.com.br\/blog\/wp-json\/wp\/v2\/posts\/11617","targetHints":{"allow":["GET"]}}],"collection":[{"href":"http:\/\/blogdalucianaoliveira.com.br\/blog\/wp-json\/wp\/v2\/posts"}],"about":[{"href":"http:\/\/blogdalucianaoliveira.com.br\/blog\/wp-json\/wp\/v2\/types\/post"}],"author":[{"embeddable":true,"href":"http:\/\/blogdalucianaoliveira.com.br\/blog\/wp-json\/wp\/v2\/users\/1"}],"replies":[{"embeddable":true,"href":"http:\/\/blogdalucianaoliveira.com.br\/blog\/wp-json\/wp\/v2\/comments?post=11617"}],"version-history":[{"count":1,"href":"http:\/\/blogdalucianaoliveira.com.br\/blog\/wp-json\/wp\/v2\/posts\/11617\/revisions"}],"predecessor-version":[{"id":11619,"href":"http:\/\/blogdalucianaoliveira.com.br\/blog\/wp-json\/wp\/v2\/posts\/11617\/revisions\/11619"}],"wp:attachment":[{"href":"http:\/\/blogdalucianaoliveira.com.br\/blog\/wp-json\/wp\/v2\/media?parent=11617"}],"wp:term":[{"taxonomy":"category","embeddable":true,"href":"http:\/\/blogdalucianaoliveira.com.br\/blog\/wp-json\/wp\/v2\/categories?post=11617"},{"taxonomy":"post_tag","embeddable":true,"href":"http:\/\/blogdalucianaoliveira.com.br\/blog\/wp-json\/wp\/v2\/tags?post=11617"}],"curies":[{"name":"wp","href":"https:\/\/api.w.org\/{rel}","templated":true}]}}