{"id":11620,"date":"2017-06-20T15:40:32","date_gmt":"2017-06-20T19:40:32","guid":{"rendered":"http:\/\/blogdalucianaoliveira.com.br\/blog\/?p=11620"},"modified":"2017-06-20T15:40:32","modified_gmt":"2017-06-20T19:40:32","slug":"derrota-do-golpe-senado-rejeita-relatorio-da-reforma-trabalhista","status":"publish","type":"post","link":"http:\/\/blogdalucianaoliveira.com.br\/blog\/2017\/06\/20\/derrota-do-golpe-senado-rejeita-relatorio-da-reforma-trabalhista\/","title":{"rendered":"DERROTA DO GOLPE: SENADO REJEITA RELAT\u00d3RIO DA REFORMA TRABALHISTA"},"content":{"rendered":"<p><img data-recalc-dims=\"1\" loading=\"lazy\" decoding=\"async\" data-attachment-id=\"11621\" data-permalink=\"http:\/\/blogdalucianaoliveira.com.br\/blog\/2017\/06\/20\/derrota-do-golpe-senado-rejeita-relatorio-da-reforma-trabalhista\/pega-2\/\" data-orig-file=\"https:\/\/i0.wp.com\/blogdalucianaoliveira.com.br\/blog\/wp-content\/uploads\/2017\/06\/pega.jpg?fit=1000%2C357\" data-orig-size=\"1000,357\" data-comments-opened=\"0\" data-image-meta=\"{&quot;aperture&quot;:&quot;0&quot;,&quot;credit&quot;:&quot;&quot;,&quot;camera&quot;:&quot;&quot;,&quot;caption&quot;:&quot;&quot;,&quot;created_timestamp&quot;:&quot;0&quot;,&quot;copyright&quot;:&quot;&quot;,&quot;focal_length&quot;:&quot;0&quot;,&quot;iso&quot;:&quot;0&quot;,&quot;shutter_speed&quot;:&quot;0&quot;,&quot;title&quot;:&quot;&quot;,&quot;orientation&quot;:&quot;0&quot;}\" data-image-title=\"pega\" data-image-description=\"\" data-image-caption=\"\" data-medium-file=\"https:\/\/i0.wp.com\/blogdalucianaoliveira.com.br\/blog\/wp-content\/uploads\/2017\/06\/pega.jpg?fit=300%2C107\" data-large-file=\"https:\/\/i0.wp.com\/blogdalucianaoliveira.com.br\/blog\/wp-content\/uploads\/2017\/06\/pega.jpg?fit=600%2C214\" src=\"https:\/\/i0.wp.com\/blogdalucianaoliveira.com.br\/blog\/wp-content\/uploads\/2017\/06\/pega.jpg?resize=600%2C214\" alt=\"pega\" width=\"600\" height=\"214\" class=\"alignnone size-full wp-image-11621\" srcset=\"https:\/\/i0.wp.com\/blogdalucianaoliveira.com.br\/blog\/wp-content\/uploads\/2017\/06\/pega.jpg?w=1000 1000w, https:\/\/i0.wp.com\/blogdalucianaoliveira.com.br\/blog\/wp-content\/uploads\/2017\/06\/pega.jpg?resize=300%2C107 300w, https:\/\/i0.wp.com\/blogdalucianaoliveira.com.br\/blog\/wp-content\/uploads\/2017\/06\/pega.jpg?resize=768%2C274 768w, https:\/\/i0.wp.com\/blogdalucianaoliveira.com.br\/blog\/wp-content\/uploads\/2017\/06\/pega.jpg?resize=800%2C286 800w\" sizes=\"auto, (max-width: 600px) 100vw, 600px\" \/><\/p>\n<p>Ag\u00eancia Brasil &#8211; Em uma reuni\u00e3o tensa, a Comiss\u00e3o de Assuntos Sociais (CAS) do Senado rejeitou, por 10 votos a 9, o texto principal da reforma trabalhista. O resultado foi aplaudido e bastante comemorado por senadores de oposi\u00e7\u00e3o, que dominaram o debate na reuni\u00e3o de hoje (20).<!--more--><\/p>\n<p>Com a rejei\u00e7\u00e3o do relat\u00f3rio do senador Ricardo Ferra\u00e7o (PSDB-ES), o voto em separado apresentado pelo senador Paulo Paim (PT-RS) foi aprovado por unanimidade e segue agora para a Comiss\u00e3o de Constitui\u00e7\u00e3o e Justi\u00e7a (CCJ), onde o relator \u00e9 o senador Romero Juc\u00e1 (PMDB-RR).<\/p>\n<p>Debate<\/p>\n<p>Durante a reuni\u00e3o, senadores do PT, PSB e PcdoB fizeram duras cr\u00edticas ao texto e disseram estar convencidos de que, da forma como est\u00e1, a proposta retirar\u00e1 direitos do trabalhador. Outra cr\u00edtica dos oposicionistas foi o fato de o relator ter mantido o mesmo texto aprovado pelos deputados ao rejeitar todas as emendas apresentadas, inclusive as 87 da base governista que modificavam pontos do texto considerados pol\u00eamicos. O objetivo do relator, ao recusar as emendas, era dar celeridade \u00e0 tramita\u00e7\u00e3o da proposta, j\u00e1 que qualquer mudan\u00e7a de m\u00e9rito faria com que o projeto voltasse \u00e0 an\u00e1lise da C\u00e2mara dos Deputados.<\/p>\n<p>&#8220;Os senhores hoje, se votarem esse projeto, estar\u00e3o renunciando ao mandato de senador. Est\u00e3o dizendo: Olha, n\u00f3s n\u00e3o queremos mais ser senadores. Que a C\u00e2mara fa\u00e7a o que bem entender, e n\u00f3s assinamos embaixo. Vamos botar aqui na entrada da portaria do Senado uma f\u00e1brica de carimbos. Cada senador compra um carimbo, carimba o que vem da C\u00e2mara e manda para o presidente. \u00c9 isso o que estamos fazendo. Estamos renunciando&#8221;, apelou o senador Paulo Paim (PT-RS).<\/p>\n<p>&#8220;O projeto tem muitas falhas, muitos defeitos, mas o Senado n\u00e3o vai mudar absolutamente nada. O Senado s\u00f3 vai dar uma carta branca para que, se o presidente quiser vetar, ele vete&#8221;, disse a senadora Vanessa Grazziotin (PCdoB-AM).<\/p>\n<p>O l\u00edder do PMDB no Senado, Renan Calheiros (AL), tamb\u00e9m criticou a proposta de reforma. Disse que &#8220;este \u00e9 um dia triste para o Senado&#8221;, com o avan\u00e7o de uma proposta que, para ele, causar\u00e1 &#8220;males&#8221; ao pa\u00eds. &#8220;Quando n\u00f3s somarmos essa reforma trabalhista, com o que de maldade ela cont\u00e9m, com a reonera\u00e7\u00e3o de setores da economia, vamos ter um desemprego alarmante no Brasil&#8221;, afirmou.<\/p>\n<p>O l\u00edder do governo no Senado, Romero Juc\u00e1 (PMDB-RR), disse que \u00e9 preciso restabelecer a verdade e defendeu a proposta. &#8220;N\u00e3o se est\u00e1 abrindo a porteira, \u00e9 falta de responsabilidade dizer isso. Retirar d\u00e9cimo terceiro n\u00e3o \u00e9 verdade. Estamos fazendo um ajuste para melhorar a situa\u00e7\u00e3o de empregabilidade do pa\u00eds&#8221;, disse Juc\u00e1, destacando que o projeto tamb\u00e9m n\u00e3o trar\u00e1 redu\u00e7\u00e3o de sal\u00e1rios.<\/p>\n<p>Ricardo Ferra\u00e7o lembrou que a mudan\u00e7a na legisla\u00e7\u00e3o trabalhista est\u00e1 sendo feita por uma lei ordin\u00e1ria e, por isso, nenhum direito do trabalhador garantido pela Constitui\u00e7\u00e3o Federal, lei maior do pa\u00eds, estaria amea\u00e7ado. &#8221; Estou seguro e convicto de que, pela hierarquia das leis, a legisla\u00e7\u00e3o ordin\u00e1ria n\u00e3o viola o que est\u00e1 consagrado na Constitui\u00e7\u00e3o Federal. Estou pronto a acertar contas com o presente e com o futuro daquilo que estou fazendo&#8221;, afirmou Ferra\u00e7o.<\/p>\n","protected":false},"excerpt":{"rendered":"<p>Ag\u00eancia Brasil &#8211; Em uma reuni\u00e3o tensa, a Comiss\u00e3o de Assuntos Sociais (CAS) do Senado rejeitou, por 10 votos a 9, o texto principal da reforma trabalhista. O resultado foi aplaudido e bastante comemorado por senadores de oposi\u00e7\u00e3o, que dominaram o debate na reuni\u00e3o de hoje (20).<\/p>\n","protected":false},"author":1,"featured_media":0,"comment_status":"closed","ping_status":"open","sticky":false,"template":"","format":"standard","meta":{"_exactmetrics_skip_tracking":false,"_exactmetrics_sitenote_active":false,"_exactmetrics_sitenote_note":"","_exactmetrics_sitenote_category":0,"jetpack_post_was_ever_published":false,"_jetpack_newsletter_access":"","_jetpack_dont_email_post_to_subs":false,"_jetpack_newsletter_tier_id":0,"_jetpack_memberships_contains_paywalled_content":false,"_jetpack_memberships_contains_paid_content":false,"footnotes":"","jetpack_publicize_message":"","jetpack_publicize_feature_enabled":true,"jetpack_social_post_already_shared":true,"jetpack_social_options":{"image_generator_settings":{"template":"highway","enabled":false},"version":2}},"categories":[1],"tags":[],"class_list":["post-11620","post","type-post","status-publish","format-standard","hentry","category-notas"],"jetpack_publicize_connections":[],"jetpack_sharing_enabled":true,"jetpack_featured_media_url":"","jetpack_shortlink":"https:\/\/wp.me\/p7wKYW-31q","jetpack-related-posts":[],"_links":{"self":[{"href":"http:\/\/blogdalucianaoliveira.com.br\/blog\/wp-json\/wp\/v2\/posts\/11620","targetHints":{"allow":["GET"]}}],"collection":[{"href":"http:\/\/blogdalucianaoliveira.com.br\/blog\/wp-json\/wp\/v2\/posts"}],"about":[{"href":"http:\/\/blogdalucianaoliveira.com.br\/blog\/wp-json\/wp\/v2\/types\/post"}],"author":[{"embeddable":true,"href":"http:\/\/blogdalucianaoliveira.com.br\/blog\/wp-json\/wp\/v2\/users\/1"}],"replies":[{"embeddable":true,"href":"http:\/\/blogdalucianaoliveira.com.br\/blog\/wp-json\/wp\/v2\/comments?post=11620"}],"version-history":[{"count":1,"href":"http:\/\/blogdalucianaoliveira.com.br\/blog\/wp-json\/wp\/v2\/posts\/11620\/revisions"}],"predecessor-version":[{"id":11622,"href":"http:\/\/blogdalucianaoliveira.com.br\/blog\/wp-json\/wp\/v2\/posts\/11620\/revisions\/11622"}],"wp:attachment":[{"href":"http:\/\/blogdalucianaoliveira.com.br\/blog\/wp-json\/wp\/v2\/media?parent=11620"}],"wp:term":[{"taxonomy":"category","embeddable":true,"href":"http:\/\/blogdalucianaoliveira.com.br\/blog\/wp-json\/wp\/v2\/categories?post=11620"},{"taxonomy":"post_tag","embeddable":true,"href":"http:\/\/blogdalucianaoliveira.com.br\/blog\/wp-json\/wp\/v2\/tags?post=11620"}],"curies":[{"name":"wp","href":"https:\/\/api.w.org\/{rel}","templated":true}]}}