{"id":11626,"date":"2017-06-20T19:18:06","date_gmt":"2017-06-20T23:18:06","guid":{"rendered":"http:\/\/blogdalucianaoliveira.com.br\/blog\/?p=11626"},"modified":"2017-06-20T19:18:06","modified_gmt":"2017-06-20T23:18:06","slug":"lancamento-do-caderno-de-conflitos-no-campo-em-rondonia","status":"publish","type":"post","link":"http:\/\/blogdalucianaoliveira.com.br\/blog\/2017\/06\/20\/lancamento-do-caderno-de-conflitos-no-campo-em-rondonia\/","title":{"rendered":"Lan\u00e7amento do Caderno de Conflitos no Campo em Rond\u00f4nia"},"content":{"rendered":"<p><img data-recalc-dims=\"1\" loading=\"lazy\" decoding=\"async\" data-attachment-id=\"11627\" data-permalink=\"http:\/\/blogdalucianaoliveira.com.br\/blog\/2017\/06\/20\/lancamento-do-caderno-de-conflitos-no-campo-em-rondonia\/cpt\/\" data-orig-file=\"https:\/\/i0.wp.com\/blogdalucianaoliveira.com.br\/blog\/wp-content\/uploads\/2017\/06\/cpt.jpeg?fit=4000%2C2672\" data-orig-size=\"4000,2672\" data-comments-opened=\"0\" data-image-meta=\"{&quot;aperture&quot;:&quot;3.5&quot;,&quot;credit&quot;:&quot;&quot;,&quot;camera&quot;:&quot;DMC-GF1&quot;,&quot;caption&quot;:&quot;&quot;,&quot;created_timestamp&quot;:&quot;1497954995&quot;,&quot;copyright&quot;:&quot;&quot;,&quot;focal_length&quot;:&quot;14&quot;,&quot;iso&quot;:&quot;1600&quot;,&quot;shutter_speed&quot;:&quot;0.02&quot;,&quot;title&quot;:&quot;&quot;,&quot;orientation&quot;:&quot;1&quot;}\" data-image-title=\"cpt\" data-image-description=\"\" data-image-caption=\"\" data-medium-file=\"https:\/\/i0.wp.com\/blogdalucianaoliveira.com.br\/blog\/wp-content\/uploads\/2017\/06\/cpt.jpeg?fit=300%2C200\" data-large-file=\"https:\/\/i0.wp.com\/blogdalucianaoliveira.com.br\/blog\/wp-content\/uploads\/2017\/06\/cpt.jpeg?fit=600%2C401\" src=\"https:\/\/i0.wp.com\/blogdalucianaoliveira.com.br\/blog\/wp-content\/uploads\/2017\/06\/cpt.jpeg?resize=600%2C401\" alt=\"cpt\" width=\"600\" height=\"401\" class=\"alignnone size-full wp-image-11627\" srcset=\"https:\/\/i0.wp.com\/blogdalucianaoliveira.com.br\/blog\/wp-content\/uploads\/2017\/06\/cpt.jpeg?w=4000 4000w, https:\/\/i0.wp.com\/blogdalucianaoliveira.com.br\/blog\/wp-content\/uploads\/2017\/06\/cpt.jpeg?resize=300%2C200 300w, https:\/\/i0.wp.com\/blogdalucianaoliveira.com.br\/blog\/wp-content\/uploads\/2017\/06\/cpt.jpeg?resize=768%2C513 768w, https:\/\/i0.wp.com\/blogdalucianaoliveira.com.br\/blog\/wp-content\/uploads\/2017\/06\/cpt.jpeg?resize=1024%2C684 1024w, https:\/\/i0.wp.com\/blogdalucianaoliveira.com.br\/blog\/wp-content\/uploads\/2017\/06\/cpt.jpeg?resize=449%2C300 449w, https:\/\/i0.wp.com\/blogdalucianaoliveira.com.br\/blog\/wp-content\/uploads\/2017\/06\/cpt.jpeg?w=1200 1200w, https:\/\/i0.wp.com\/blogdalucianaoliveira.com.br\/blog\/wp-content\/uploads\/2017\/06\/cpt.jpeg?w=1800 1800w\" sizes=\"auto, (max-width: 600px) 100vw, 600px\" \/><br \/>\nFotos e texto do MAB<\/p>\n<p>Hoje (20), em Porto Velho, aconteceu o lan\u00e7amento do Caderno de Conflitos no Campo 2016, organizado pela Comiss\u00e3o Pastoral da Terra e a diocese de Porto Velho. O Relat\u00f3rio anual traz registros das ocorr\u00eancias de conflito e de viol\u00eancia sofrida pelos trabalhadores e trabalhadoras da terra, e \u00e9 uma refer\u00eancia no Brasil.<!--more--><\/p>\n<p>O lan\u00e7amento contou com a participa\u00e7\u00e3o de dezenas de lideran\u00e7as do campo, de movimentos sociais e organiza\u00e7\u00f5es como o Movimento dos Atingidos por Barragens \u2013 MAB, Movimento dos Trabalhadores Rurais Sem Terra \u2013 MST, Liga dos Camponeses Pobres \u2013 LCP, Conselho Indigenista Mission\u00e1rio \u2013 CIMI e Organiza\u00e7\u00e3o dos Seringueiros de Rond\u00f4nia \u2013 OSR. <\/p>\n<p>\u201cEm Rond\u00f4nia os conflitos se concentram em maior n\u00famero na regi\u00e3o do Cone Sul e do Vale do Jamary, com diversidade de sujeitos envolvidos e tamb\u00e9m em tipos diferentes de conflitos\u201d como apontou Zezinho da CPT. Segundo ele, \u201cforam 14 camponeses assassinados em 2016 no estado, sendo que parte deles tem envolvimento direto de agentes do estado, atrav\u00e9s de mil\u00edcias paramilitares, que envolvem policiais militares e oficiais do alto comando da pr\u00f3pria Policia Militar\u201d.<\/p>\n<p>Dom Roque, arcebispo de Porto Velho e presidente do Conselho Indigenista Mission\u00e1rio \u2013 CIMI, destacou a necessidade de organiza\u00e7\u00e3o para enfrentar a viol\u00eancia no campo, e que \u201cn\u00e3o deixamos de lutar e ter esperan\u00e7a, que os pobres possuir\u00e3o a terra\u201d.<\/p>\n<p><img data-recalc-dims=\"1\" loading=\"lazy\" decoding=\"async\" data-attachment-id=\"11628\" data-permalink=\"http:\/\/blogdalucianaoliveira.com.br\/blog\/2017\/06\/20\/lancamento-do-caderno-de-conflitos-no-campo-em-rondonia\/spt2\/\" data-orig-file=\"https:\/\/i0.wp.com\/blogdalucianaoliveira.com.br\/blog\/wp-content\/uploads\/2017\/06\/spt2.jpeg?fit=4000%2C2457\" data-orig-size=\"4000,2457\" data-comments-opened=\"0\" data-image-meta=\"{&quot;aperture&quot;:&quot;3.5&quot;,&quot;credit&quot;:&quot;&quot;,&quot;camera&quot;:&quot;DMC-GF1&quot;,&quot;caption&quot;:&quot;&quot;,&quot;created_timestamp&quot;:&quot;1497955354&quot;,&quot;copyright&quot;:&quot;&quot;,&quot;focal_length&quot;:&quot;14&quot;,&quot;iso&quot;:&quot;800&quot;,&quot;shutter_speed&quot;:&quot;0.02&quot;,&quot;title&quot;:&quot;&quot;,&quot;orientation&quot;:&quot;1&quot;}\" data-image-title=\"spt2\" data-image-description=\"\" data-image-caption=\"\" data-medium-file=\"https:\/\/i0.wp.com\/blogdalucianaoliveira.com.br\/blog\/wp-content\/uploads\/2017\/06\/spt2.jpeg?fit=300%2C184\" data-large-file=\"https:\/\/i0.wp.com\/blogdalucianaoliveira.com.br\/blog\/wp-content\/uploads\/2017\/06\/spt2.jpeg?fit=600%2C369\" src=\"https:\/\/i0.wp.com\/blogdalucianaoliveira.com.br\/blog\/wp-content\/uploads\/2017\/06\/spt2.jpeg?resize=600%2C369\" alt=\"spt2\" width=\"600\" height=\"369\" class=\"alignnone size-full wp-image-11628\" srcset=\"https:\/\/i0.wp.com\/blogdalucianaoliveira.com.br\/blog\/wp-content\/uploads\/2017\/06\/spt2.jpeg?w=4000 4000w, https:\/\/i0.wp.com\/blogdalucianaoliveira.com.br\/blog\/wp-content\/uploads\/2017\/06\/spt2.jpeg?resize=300%2C184 300w, https:\/\/i0.wp.com\/blogdalucianaoliveira.com.br\/blog\/wp-content\/uploads\/2017\/06\/spt2.jpeg?resize=768%2C472 768w, https:\/\/i0.wp.com\/blogdalucianaoliveira.com.br\/blog\/wp-content\/uploads\/2017\/06\/spt2.jpeg?resize=1024%2C629 1024w, https:\/\/i0.wp.com\/blogdalucianaoliveira.com.br\/blog\/wp-content\/uploads\/2017\/06\/spt2.jpeg?resize=488%2C300 488w, https:\/\/i0.wp.com\/blogdalucianaoliveira.com.br\/blog\/wp-content\/uploads\/2017\/06\/spt2.jpeg?w=1200 1200w, https:\/\/i0.wp.com\/blogdalucianaoliveira.com.br\/blog\/wp-content\/uploads\/2017\/06\/spt2.jpeg?w=1800 1800w\" sizes=\"auto, (max-width: 600px) 100vw, 600px\" \/><\/p>\n<p>A Amaz\u00f4nia Legal, que compreende toda a regi\u00e3o Norte mais partes do Maranh\u00e3o e Mato Grosso, concentrou, em 2016, 79% dos \u201cassassinatos\u201d: 48 dos 61 registrados; 68% das \u201ctentativas de assassinato\u201d, 50 das 74; 391 das 571 \u201cagress\u00f5es f\u00edsicas\u201d, e 171 das 200 \u201camea\u00e7as de morte\u201d, 86% e 192 das 228 pessoas presas. <\/p>\n<p>\u201cNo contexto de crise internacional do capital, a tend\u00eancia \u00e9 que a situa\u00e7\u00e3o no campo piore, principalmente na Amaz\u00f4nia, pois em crise o capital procura avan\u00e7ar sobre base naturais\u201d como explica Jo\u00e3o Dutra do MAB, ainda segundo Jo\u00e3o \u201cn\u00e3o h\u00e1 sa\u00eddas institucionais para a solu\u00e7\u00e3o dos conflitos, o direito \u00e9 conquistado na luta\u201d.<\/p>\n","protected":false},"excerpt":{"rendered":"<p>Fotos e texto do MAB Hoje (20), em Porto Velho, aconteceu o lan\u00e7amento do Caderno de Conflitos no Campo 2016, organizado pela Comiss\u00e3o Pastoral da Terra e a diocese de Porto Velho. O Relat\u00f3rio anual traz registros das ocorr\u00eancias de conflito e de viol\u00eancia sofrida pelos trabalhadores e trabalhadoras da terra, e \u00e9 uma refer\u00eancia&#8230;<a class=\"more-link\" href=\"http:\/\/blogdalucianaoliveira.com.br\/blog\/2017\/06\/20\/lancamento-do-caderno-de-conflitos-no-campo-em-rondonia\/\">Continue a leitura <span class=\"meta-nav\">&raquo;<\/span><\/a><\/p>\n","protected":false},"author":1,"featured_media":0,"comment_status":"closed","ping_status":"open","sticky":false,"template":"","format":"standard","meta":{"_exactmetrics_skip_tracking":false,"_exactmetrics_sitenote_active":false,"_exactmetrics_sitenote_note":"","_exactmetrics_sitenote_category":0,"jetpack_post_was_ever_published":false,"_jetpack_newsletter_access":"","_jetpack_dont_email_post_to_subs":false,"_jetpack_newsletter_tier_id":0,"_jetpack_memberships_contains_paywalled_content":false,"_jetpack_memberships_contains_paid_content":false,"footnotes":"","jetpack_publicize_message":"","jetpack_publicize_feature_enabled":true,"jetpack_social_post_already_shared":true,"jetpack_social_options":{"image_generator_settings":{"template":"highway","enabled":false},"version":2}},"categories":[1],"tags":[],"class_list":["post-11626","post","type-post","status-publish","format-standard","hentry","category-notas"],"jetpack_publicize_connections":[],"jetpack_sharing_enabled":true,"jetpack_featured_media_url":"","jetpack_shortlink":"https:\/\/wp.me\/p7wKYW-31w","jetpack-related-posts":[],"_links":{"self":[{"href":"http:\/\/blogdalucianaoliveira.com.br\/blog\/wp-json\/wp\/v2\/posts\/11626","targetHints":{"allow":["GET"]}}],"collection":[{"href":"http:\/\/blogdalucianaoliveira.com.br\/blog\/wp-json\/wp\/v2\/posts"}],"about":[{"href":"http:\/\/blogdalucianaoliveira.com.br\/blog\/wp-json\/wp\/v2\/types\/post"}],"author":[{"embeddable":true,"href":"http:\/\/blogdalucianaoliveira.com.br\/blog\/wp-json\/wp\/v2\/users\/1"}],"replies":[{"embeddable":true,"href":"http:\/\/blogdalucianaoliveira.com.br\/blog\/wp-json\/wp\/v2\/comments?post=11626"}],"version-history":[{"count":1,"href":"http:\/\/blogdalucianaoliveira.com.br\/blog\/wp-json\/wp\/v2\/posts\/11626\/revisions"}],"predecessor-version":[{"id":11629,"href":"http:\/\/blogdalucianaoliveira.com.br\/blog\/wp-json\/wp\/v2\/posts\/11626\/revisions\/11629"}],"wp:attachment":[{"href":"http:\/\/blogdalucianaoliveira.com.br\/blog\/wp-json\/wp\/v2\/media?parent=11626"}],"wp:term":[{"taxonomy":"category","embeddable":true,"href":"http:\/\/blogdalucianaoliveira.com.br\/blog\/wp-json\/wp\/v2\/categories?post=11626"},{"taxonomy":"post_tag","embeddable":true,"href":"http:\/\/blogdalucianaoliveira.com.br\/blog\/wp-json\/wp\/v2\/tags?post=11626"}],"curies":[{"name":"wp","href":"https:\/\/api.w.org\/{rel}","templated":true}]}}