{"id":11634,"date":"2017-06-21T11:24:44","date_gmt":"2017-06-21T15:24:44","guid":{"rendered":"http:\/\/blogdalucianaoliveira.com.br\/blog\/?p=11634"},"modified":"2017-06-21T11:24:44","modified_gmt":"2017-06-21T15:24:44","slug":"so-para-voce-nao-esquecer-que-pais-e-este","status":"publish","type":"post","link":"http:\/\/blogdalucianaoliveira.com.br\/blog\/2017\/06\/21\/so-para-voce-nao-esquecer-que-pais-e-este\/","title":{"rendered":"S\u00f3 para voc\u00ea n\u00e3o esquecer que pa\u00eds \u00e9 este"},"content":{"rendered":"<p><img data-recalc-dims=\"1\" loading=\"lazy\" decoding=\"async\" data-attachment-id=\"11635\" data-permalink=\"http:\/\/blogdalucianaoliveira.com.br\/blog\/2017\/06\/21\/so-para-voce-nao-esquecer-que-pais-e-este\/raposa\/\" data-orig-file=\"https:\/\/i0.wp.com\/blogdalucianaoliveira.com.br\/blog\/wp-content\/uploads\/2017\/06\/raposa.jpg?fit=600%2C296\" data-orig-size=\"600,296\" data-comments-opened=\"0\" data-image-meta=\"{&quot;aperture&quot;:&quot;0&quot;,&quot;credit&quot;:&quot;&quot;,&quot;camera&quot;:&quot;&quot;,&quot;caption&quot;:&quot;&quot;,&quot;created_timestamp&quot;:&quot;0&quot;,&quot;copyright&quot;:&quot;&quot;,&quot;focal_length&quot;:&quot;0&quot;,&quot;iso&quot;:&quot;0&quot;,&quot;shutter_speed&quot;:&quot;0&quot;,&quot;title&quot;:&quot;&quot;,&quot;orientation&quot;:&quot;0&quot;}\" data-image-title=\"raposa\" data-image-description=\"\" data-image-caption=\"\" data-medium-file=\"https:\/\/i0.wp.com\/blogdalucianaoliveira.com.br\/blog\/wp-content\/uploads\/2017\/06\/raposa.jpg?fit=300%2C148\" data-large-file=\"https:\/\/i0.wp.com\/blogdalucianaoliveira.com.br\/blog\/wp-content\/uploads\/2017\/06\/raposa.jpg?fit=600%2C296\" src=\"https:\/\/i0.wp.com\/blogdalucianaoliveira.com.br\/blog\/wp-content\/uploads\/2017\/06\/raposa.jpg?resize=600%2C296\" alt=\"raposa\" width=\"600\" height=\"296\" class=\"alignnone size-full wp-image-11635\" srcset=\"https:\/\/i0.wp.com\/blogdalucianaoliveira.com.br\/blog\/wp-content\/uploads\/2017\/06\/raposa.jpg?w=600 600w, https:\/\/i0.wp.com\/blogdalucianaoliveira.com.br\/blog\/wp-content\/uploads\/2017\/06\/raposa.jpg?resize=300%2C148 300w\" sizes=\"auto, (max-width: 600px) 100vw, 600px\" \/><\/p>\n<p>Tijola\u00e7o, por Fernando Brito<!--more--><\/p>\n<p>\u00c9 prov\u00e1vel que as decis\u00f5es de hoje, no STF, confirmem n\u00e3o s\u00f3 a homologa\u00e7\u00e3o do acordo de dela\u00e7\u00e3o da JBS e a relatoria de Luiz Edson Fachin na sua relatoria.<\/p>\n<p>Embora haja aspectos morais e jur\u00eddicos na primeira e jur\u00eddicos na segunda para serem revistos.<\/p>\n<p>Mas depois da exposi\u00e7\u00e3o pol\u00edtica no julgamento do TSE, dificilmente algu\u00e9m mais, al\u00e9m de Gilmar Mendes e Alexandre de Moraes \u2013 se receber instru\u00e7\u00f5es \u2013 vai topar entra na contra-m\u00e3o da onda.<\/p>\n<p>De qualquer forma, publico a imagem da nota da coluna de Lauro Jardim, hoje, em O Globo.<\/p>\n<p>S\u00f3 para a gente n\u00e3o esquecer de onde vive e que Justi\u00e7a temos por aqui.<\/p>\n","protected":false},"excerpt":{"rendered":"<p>Tijola\u00e7o, por Fernando Brito<\/p>\n","protected":false},"author":1,"featured_media":0,"comment_status":"closed","ping_status":"open","sticky":false,"template":"","format":"standard","meta":{"_exactmetrics_skip_tracking":false,"_exactmetrics_sitenote_active":false,"_exactmetrics_sitenote_note":"","_exactmetrics_sitenote_category":0,"jetpack_post_was_ever_published":false,"_jetpack_newsletter_access":"","_jetpack_dont_email_post_to_subs":false,"_jetpack_newsletter_tier_id":0,"_jetpack_memberships_contains_paywalled_content":false,"_jetpack_memberships_contains_paid_content":false,"footnotes":"","jetpack_publicize_message":"","jetpack_publicize_feature_enabled":true,"jetpack_social_post_already_shared":true,"jetpack_social_options":{"image_generator_settings":{"template":"highway","enabled":false},"version":2}},"categories":[1],"tags":[],"class_list":["post-11634","post","type-post","status-publish","format-standard","hentry","category-notas"],"jetpack_publicize_connections":[],"jetpack_sharing_enabled":true,"jetpack_featured_media_url":"","jetpack_shortlink":"https:\/\/wp.me\/p7wKYW-31E","jetpack-related-posts":[],"_links":{"self":[{"href":"http:\/\/blogdalucianaoliveira.com.br\/blog\/wp-json\/wp\/v2\/posts\/11634","targetHints":{"allow":["GET"]}}],"collection":[{"href":"http:\/\/blogdalucianaoliveira.com.br\/blog\/wp-json\/wp\/v2\/posts"}],"about":[{"href":"http:\/\/blogdalucianaoliveira.com.br\/blog\/wp-json\/wp\/v2\/types\/post"}],"author":[{"embeddable":true,"href":"http:\/\/blogdalucianaoliveira.com.br\/blog\/wp-json\/wp\/v2\/users\/1"}],"replies":[{"embeddable":true,"href":"http:\/\/blogdalucianaoliveira.com.br\/blog\/wp-json\/wp\/v2\/comments?post=11634"}],"version-history":[{"count":1,"href":"http:\/\/blogdalucianaoliveira.com.br\/blog\/wp-json\/wp\/v2\/posts\/11634\/revisions"}],"predecessor-version":[{"id":11636,"href":"http:\/\/blogdalucianaoliveira.com.br\/blog\/wp-json\/wp\/v2\/posts\/11634\/revisions\/11636"}],"wp:attachment":[{"href":"http:\/\/blogdalucianaoliveira.com.br\/blog\/wp-json\/wp\/v2\/media?parent=11634"}],"wp:term":[{"taxonomy":"category","embeddable":true,"href":"http:\/\/blogdalucianaoliveira.com.br\/blog\/wp-json\/wp\/v2\/categories?post=11634"},{"taxonomy":"post_tag","embeddable":true,"href":"http:\/\/blogdalucianaoliveira.com.br\/blog\/wp-json\/wp\/v2\/tags?post=11634"}],"curies":[{"name":"wp","href":"https:\/\/api.w.org\/{rel}","templated":true}]}}