{"id":11637,"date":"2017-06-21T11:40:49","date_gmt":"2017-06-21T15:40:49","guid":{"rendered":"http:\/\/blogdalucianaoliveira.com.br\/blog\/?p=11637"},"modified":"2017-06-21T11:40:49","modified_gmt":"2017-06-21T15:40:49","slug":"chico-pinheiro-sobre-marta-saiu-do-pt-por-causa-da-corrupcao-e-hoje-defende-temer","status":"publish","type":"post","link":"http:\/\/blogdalucianaoliveira.com.br\/blog\/2017\/06\/21\/chico-pinheiro-sobre-marta-saiu-do-pt-por-causa-da-corrupcao-e-hoje-defende-temer\/","title":{"rendered":"Chico Pinheiro sobre Marta: saiu do PT por causa da corrup\u00e7\u00e3o e hoje defende Temer"},"content":{"rendered":"<p><img data-recalc-dims=\"1\" loading=\"lazy\" decoding=\"async\" data-attachment-id=\"11638\" data-permalink=\"http:\/\/blogdalucianaoliveira.com.br\/blog\/2017\/06\/21\/chico-pinheiro-sobre-marta-saiu-do-pt-por-causa-da-corrupcao-e-hoje-defende-temer\/marta\/\" data-orig-file=\"https:\/\/i0.wp.com\/blogdalucianaoliveira.com.br\/blog\/wp-content\/uploads\/2017\/06\/marta.jpg?fit=980%2C491\" data-orig-size=\"980,491\" data-comments-opened=\"0\" data-image-meta=\"{&quot;aperture&quot;:&quot;0&quot;,&quot;credit&quot;:&quot;&quot;,&quot;camera&quot;:&quot;&quot;,&quot;caption&quot;:&quot;&quot;,&quot;created_timestamp&quot;:&quot;0&quot;,&quot;copyright&quot;:&quot;&quot;,&quot;focal_length&quot;:&quot;0&quot;,&quot;iso&quot;:&quot;0&quot;,&quot;shutter_speed&quot;:&quot;0&quot;,&quot;title&quot;:&quot;&quot;,&quot;orientation&quot;:&quot;0&quot;}\" data-image-title=\"marta\" data-image-description=\"\" data-image-caption=\"\" data-medium-file=\"https:\/\/i0.wp.com\/blogdalucianaoliveira.com.br\/blog\/wp-content\/uploads\/2017\/06\/marta.jpg?fit=300%2C150\" data-large-file=\"https:\/\/i0.wp.com\/blogdalucianaoliveira.com.br\/blog\/wp-content\/uploads\/2017\/06\/marta.jpg?fit=600%2C301\" src=\"https:\/\/i0.wp.com\/blogdalucianaoliveira.com.br\/blog\/wp-content\/uploads\/2017\/06\/marta.jpg?resize=600%2C301\" alt=\"marta\" width=\"600\" height=\"301\" class=\"alignnone size-full wp-image-11638\" srcset=\"https:\/\/i0.wp.com\/blogdalucianaoliveira.com.br\/blog\/wp-content\/uploads\/2017\/06\/marta.jpg?w=980 980w, https:\/\/i0.wp.com\/blogdalucianaoliveira.com.br\/blog\/wp-content\/uploads\/2017\/06\/marta.jpg?resize=300%2C150 300w, https:\/\/i0.wp.com\/blogdalucianaoliveira.com.br\/blog\/wp-content\/uploads\/2017\/06\/marta.jpg?resize=768%2C385 768w, https:\/\/i0.wp.com\/blogdalucianaoliveira.com.br\/blog\/wp-content\/uploads\/2017\/06\/marta.jpg?resize=599%2C300 599w\" sizes=\"auto, (max-width: 600px) 100vw, 600px\" \/><\/p>\n<p>Do blog Esquerda Valente<\/p>\n<p>Em 26 de setembro de 2016, data de filia\u00e7\u00e3o de Marta Suplicy ao PMDB. Nela, a candidata \u00e0 Prefeitura de S\u00e3o Paulo aparece de m\u00e3os dadas com o presidente Michel Temer em uma corrente que ainda inclu\u00eda Renan Calheiros e Eduardo Cunha. <!--more--><\/p>\n<p>Quando \u00e9 compartilhada, a imagem invariavelmente vem acompanhada de algum coment\u00e1rio que ironiza o fato de Marta ter sa\u00eddo do PT se dizendo constrangida e indignada com as investiga\u00e7\u00f5es de esquemas de corrup\u00e7\u00e3o para se aliar ao PMDB de Cunha \u2013 recentemente cassado pela C\u00e2mara dos Deputados.<\/p>\n<p>H\u00e1 meses, em toda entrevista que d\u00e1, a candidata \u00e9 questionada sobre o assunto. Em conversa com o EL PA\u00cdS, em junho, disse que a diferen\u00e7a entre PT e PMDB \u00e9 que o primeiro tem na corrup\u00e7\u00e3o um projeto de perpetua\u00e7\u00e3o no poder, enquanto o segundo tem algumas pessoas investigadas, mas \u201cn\u00e3o tem essa canaliza\u00e7\u00e3o para uma perman\u00eancia no poder\u201d. Tamb\u00e9m disse que para seus eleitores mais cativos _ seu recall na periferia da cidade \u00e9 seu principal capital pol\u00edtico _pouco importa que ela tenha trocado de lado no impeachment de Dilma Rousseff.<\/p>\n<blockquote class=\"twitter-tweet\" data-width=\"550\" data-dnt=\"true\">\n<p lang=\"pt\" dir=\"ltr\">Marta saiu do PT, pois n\u00e3o tolerava mais a corrup\u00e7\u00e3o.E da\u00ed migrou para o PMDB de Cunha, de Juc\u00e1, de Moreira Franco. Hoje defende Temer.<\/p>\n<p>&mdash; Chico Pinheiro (@chico_pinheiro) <a href=\"https:\/\/twitter.com\/chico_pinheiro\/status\/877304054883520518?ref_src=twsrc%5Etfw\">June 20, 2017<\/a><\/p><\/blockquote>\n<p><script async src=\"https:\/\/platform.twitter.com\/widgets.js\" charset=\"utf-8\"><\/script><\/p>\n","protected":false},"excerpt":{"rendered":"<p>Do blog Esquerda Valente Em 26 de setembro de 2016, data de filia\u00e7\u00e3o de Marta Suplicy ao PMDB. Nela, a candidata \u00e0 Prefeitura de S\u00e3o Paulo aparece de m\u00e3os dadas com o presidente Michel Temer em uma corrente que ainda inclu\u00eda Renan Calheiros e Eduardo Cunha.<\/p>\n","protected":false},"author":1,"featured_media":0,"comment_status":"closed","ping_status":"open","sticky":false,"template":"","format":"standard","meta":{"_exactmetrics_skip_tracking":false,"_exactmetrics_sitenote_active":false,"_exactmetrics_sitenote_note":"","_exactmetrics_sitenote_category":0,"jetpack_post_was_ever_published":false,"_jetpack_newsletter_access":"","_jetpack_dont_email_post_to_subs":false,"_jetpack_newsletter_tier_id":0,"_jetpack_memberships_contains_paywalled_content":false,"_jetpack_memberships_contains_paid_content":false,"footnotes":"","jetpack_publicize_message":"","jetpack_publicize_feature_enabled":true,"jetpack_social_post_already_shared":true,"jetpack_social_options":{"image_generator_settings":{"template":"highway","enabled":false},"version":2}},"categories":[1],"tags":[],"class_list":["post-11637","post","type-post","status-publish","format-standard","hentry","category-notas"],"jetpack_publicize_connections":[],"jetpack_sharing_enabled":true,"jetpack_featured_media_url":"","jetpack_shortlink":"https:\/\/wp.me\/p7wKYW-31H","jetpack-related-posts":[],"_links":{"self":[{"href":"http:\/\/blogdalucianaoliveira.com.br\/blog\/wp-json\/wp\/v2\/posts\/11637","targetHints":{"allow":["GET"]}}],"collection":[{"href":"http:\/\/blogdalucianaoliveira.com.br\/blog\/wp-json\/wp\/v2\/posts"}],"about":[{"href":"http:\/\/blogdalucianaoliveira.com.br\/blog\/wp-json\/wp\/v2\/types\/post"}],"author":[{"embeddable":true,"href":"http:\/\/blogdalucianaoliveira.com.br\/blog\/wp-json\/wp\/v2\/users\/1"}],"replies":[{"embeddable":true,"href":"http:\/\/blogdalucianaoliveira.com.br\/blog\/wp-json\/wp\/v2\/comments?post=11637"}],"version-history":[{"count":1,"href":"http:\/\/blogdalucianaoliveira.com.br\/blog\/wp-json\/wp\/v2\/posts\/11637\/revisions"}],"predecessor-version":[{"id":11639,"href":"http:\/\/blogdalucianaoliveira.com.br\/blog\/wp-json\/wp\/v2\/posts\/11637\/revisions\/11639"}],"wp:attachment":[{"href":"http:\/\/blogdalucianaoliveira.com.br\/blog\/wp-json\/wp\/v2\/media?parent=11637"}],"wp:term":[{"taxonomy":"category","embeddable":true,"href":"http:\/\/blogdalucianaoliveira.com.br\/blog\/wp-json\/wp\/v2\/categories?post=11637"},{"taxonomy":"post_tag","embeddable":true,"href":"http:\/\/blogdalucianaoliveira.com.br\/blog\/wp-json\/wp\/v2\/tags?post=11637"}],"curies":[{"name":"wp","href":"https:\/\/api.w.org\/{rel}","templated":true}]}}