{"id":11640,"date":"2017-06-21T15:45:11","date_gmt":"2017-06-21T19:45:11","guid":{"rendered":"http:\/\/blogdalucianaoliveira.com.br\/blog\/?p=11640"},"modified":"2017-06-21T15:46:03","modified_gmt":"2017-06-21T19:46:03","slug":"michel-temer-virou-uma-margem-de-erro-2-de-avaliacao-positiva","status":"publish","type":"post","link":"http:\/\/blogdalucianaoliveira.com.br\/blog\/2017\/06\/21\/michel-temer-virou-uma-margem-de-erro-2-de-avaliacao-positiva\/","title":{"rendered":"Michel Temer virou uma margem de erro: 2% de avalia\u00e7\u00e3o positiva"},"content":{"rendered":"<p><img data-recalc-dims=\"1\" loading=\"lazy\" decoding=\"async\" data-attachment-id=\"11641\" data-permalink=\"http:\/\/blogdalucianaoliveira.com.br\/blog\/2017\/06\/21\/michel-temer-virou-uma-margem-de-erro-2-de-avaliacao-positiva\/data360\/\" data-orig-file=\"https:\/\/i0.wp.com\/blogdalucianaoliveira.com.br\/blog\/wp-content\/uploads\/2017\/06\/data360.png?fit=600%2C296\" data-orig-size=\"600,296\" data-comments-opened=\"0\" data-image-meta=\"{&quot;aperture&quot;:&quot;0&quot;,&quot;credit&quot;:&quot;&quot;,&quot;camera&quot;:&quot;&quot;,&quot;caption&quot;:&quot;&quot;,&quot;created_timestamp&quot;:&quot;0&quot;,&quot;copyright&quot;:&quot;&quot;,&quot;focal_length&quot;:&quot;0&quot;,&quot;iso&quot;:&quot;0&quot;,&quot;shutter_speed&quot;:&quot;0&quot;,&quot;title&quot;:&quot;&quot;,&quot;orientation&quot;:&quot;0&quot;}\" data-image-title=\"data360\" data-image-description=\"\" data-image-caption=\"\" data-medium-file=\"https:\/\/i0.wp.com\/blogdalucianaoliveira.com.br\/blog\/wp-content\/uploads\/2017\/06\/data360.png?fit=300%2C148\" data-large-file=\"https:\/\/i0.wp.com\/blogdalucianaoliveira.com.br\/blog\/wp-content\/uploads\/2017\/06\/data360.png?fit=600%2C296\" src=\"https:\/\/i0.wp.com\/blogdalucianaoliveira.com.br\/blog\/wp-content\/uploads\/2017\/06\/data360.png?resize=600%2C296\" alt=\"data360\" width=\"600\" height=\"296\" class=\"alignnone size-full wp-image-11641\" srcset=\"https:\/\/i0.wp.com\/blogdalucianaoliveira.com.br\/blog\/wp-content\/uploads\/2017\/06\/data360.png?w=600 600w, https:\/\/i0.wp.com\/blogdalucianaoliveira.com.br\/blog\/wp-content\/uploads\/2017\/06\/data360.png?resize=300%2C148 300w\" sizes=\"auto, (max-width: 600px) 100vw, 600px\" \/><\/p>\n<p>No Tijola\u00e7o, por Fernando Brito<\/p>\n<p>Em pesquisa Datafolha, divulgada nas v\u00e9speras da vota\u00e7\u00e3o do impeachment, Dilma Rousseff tinha 13% de avalia\u00e7\u00e3o positiva.<!--more--><\/p>\n<p>Michel Temer tem 2% , segundo registra hoje pesquisa divulgada pelo site Poder360, do jornalista Fernando Rodrigues.<\/p>\n<p>Menos, portanto, que a margem de erro da pesquisa,  que \u00e9 de 3 pontos percentuais.<\/p>\n<p>Nos piores momentos de avalia\u00e7\u00e3o da Presidenta, quando ela atingiu 9%, apenas, o ent\u00e3o vice Michel Temer disse que, com este \u00edndice,  \u201cningu\u00e9m chega ao final do governo\u201d.<\/p>\n<p>Ali\u00e1s, que Temer saia \u00e9 desejo de quatro em cada cinco (79%)  brasileiros.<\/p>\n<p>Um n\u00famero ainda maior (87%) querem o que os grandes meios de comunica\u00e7\u00e3o chamam de \u201cgolpismo\u201d: elei\u00e7\u00f5es diretas para escolher um novo presidente.<\/p>\n<p>\u00c9 este o grau de div\u00f3rcio do parlamento e da m\u00eddia do sentimento e desejo da popula\u00e7\u00e3o.<\/p>\n<p>Ser\u00e1 que acham que isso pode prevalecer sem destru\u00ed-los junto com o inevit\u00e1vel fim de Michel Temer?<\/p>\n","protected":false},"excerpt":{"rendered":"<p>No Tijola\u00e7o, por Fernando Brito Em pesquisa Datafolha, divulgada nas v\u00e9speras da vota\u00e7\u00e3o do impeachment, Dilma Rousseff tinha 13% de avalia\u00e7\u00e3o positiva.<\/p>\n","protected":false},"author":1,"featured_media":11641,"comment_status":"closed","ping_status":"open","sticky":false,"template":"","format":"standard","meta":{"_exactmetrics_skip_tracking":false,"_exactmetrics_sitenote_active":false,"_exactmetrics_sitenote_note":"","_exactmetrics_sitenote_category":0,"jetpack_post_was_ever_published":false,"_jetpack_newsletter_access":"","_jetpack_dont_email_post_to_subs":false,"_jetpack_newsletter_tier_id":0,"_jetpack_memberships_contains_paywalled_content":false,"_jetpack_memberships_contains_paid_content":false,"footnotes":"","jetpack_publicize_message":"","jetpack_publicize_feature_enabled":true,"jetpack_social_post_already_shared":true,"jetpack_social_options":{"image_generator_settings":{"template":"highway","enabled":false},"version":2}},"categories":[1],"tags":[],"class_list":["post-11640","post","type-post","status-publish","format-standard","has-post-thumbnail","hentry","category-notas"],"jetpack_publicize_connections":[],"jetpack_sharing_enabled":true,"jetpack_featured_media_url":"https:\/\/i0.wp.com\/blogdalucianaoliveira.com.br\/blog\/wp-content\/uploads\/2017\/06\/data360.png?fit=600%2C296","jetpack_shortlink":"https:\/\/wp.me\/p7wKYW-31K","jetpack-related-posts":[],"_links":{"self":[{"href":"http:\/\/blogdalucianaoliveira.com.br\/blog\/wp-json\/wp\/v2\/posts\/11640","targetHints":{"allow":["GET"]}}],"collection":[{"href":"http:\/\/blogdalucianaoliveira.com.br\/blog\/wp-json\/wp\/v2\/posts"}],"about":[{"href":"http:\/\/blogdalucianaoliveira.com.br\/blog\/wp-json\/wp\/v2\/types\/post"}],"author":[{"embeddable":true,"href":"http:\/\/blogdalucianaoliveira.com.br\/blog\/wp-json\/wp\/v2\/users\/1"}],"replies":[{"embeddable":true,"href":"http:\/\/blogdalucianaoliveira.com.br\/blog\/wp-json\/wp\/v2\/comments?post=11640"}],"version-history":[{"count":1,"href":"http:\/\/blogdalucianaoliveira.com.br\/blog\/wp-json\/wp\/v2\/posts\/11640\/revisions"}],"predecessor-version":[{"id":11642,"href":"http:\/\/blogdalucianaoliveira.com.br\/blog\/wp-json\/wp\/v2\/posts\/11640\/revisions\/11642"}],"wp:featuredmedia":[{"embeddable":true,"href":"http:\/\/blogdalucianaoliveira.com.br\/blog\/wp-json\/wp\/v2\/media\/11641"}],"wp:attachment":[{"href":"http:\/\/blogdalucianaoliveira.com.br\/blog\/wp-json\/wp\/v2\/media?parent=11640"}],"wp:term":[{"taxonomy":"category","embeddable":true,"href":"http:\/\/blogdalucianaoliveira.com.br\/blog\/wp-json\/wp\/v2\/categories?post=11640"},{"taxonomy":"post_tag","embeddable":true,"href":"http:\/\/blogdalucianaoliveira.com.br\/blog\/wp-json\/wp\/v2\/tags?post=11640"}],"curies":[{"name":"wp","href":"https:\/\/api.w.org\/{rel}","templated":true}]}}