{"id":11643,"date":"2017-06-21T19:29:15","date_gmt":"2017-06-21T23:29:15","guid":{"rendered":"http:\/\/blogdalucianaoliveira.com.br\/blog\/?p=11643"},"modified":"2017-06-21T19:54:45","modified_gmt":"2017-06-21T23:54:45","slug":"mais-uma-contradicao-da-deputada-mariana-carvalho","status":"publish","type":"post","link":"http:\/\/blogdalucianaoliveira.com.br\/blog\/2017\/06\/21\/mais-uma-contradicao-da-deputada-mariana-carvalho\/","title":{"rendered":"Mais uma contradi\u00e7\u00e3o da deputada Mariana Carvalho"},"content":{"rendered":"<p><img data-recalc-dims=\"1\" loading=\"lazy\" decoding=\"async\" data-attachment-id=\"11644\" data-permalink=\"http:\/\/blogdalucianaoliveira.com.br\/blog\/2017\/06\/21\/mais-uma-contradicao-da-deputada-mariana-carvalho\/img_0102\/\" data-orig-file=\"https:\/\/i0.wp.com\/blogdalucianaoliveira.com.br\/blog\/wp-content\/uploads\/2017\/06\/IMG_0102.jpg?fit=845%2C500\" data-orig-size=\"845,500\" data-comments-opened=\"0\" data-image-meta=\"{&quot;aperture&quot;:&quot;0&quot;,&quot;credit&quot;:&quot;&quot;,&quot;camera&quot;:&quot;&quot;,&quot;caption&quot;:&quot;&quot;,&quot;created_timestamp&quot;:&quot;0&quot;,&quot;copyright&quot;:&quot;&quot;,&quot;focal_length&quot;:&quot;0&quot;,&quot;iso&quot;:&quot;0&quot;,&quot;shutter_speed&quot;:&quot;0&quot;,&quot;title&quot;:&quot;&quot;,&quot;orientation&quot;:&quot;1&quot;}\" data-image-title=\"IMG_0102\" data-image-description=\"\" data-image-caption=\"\" data-medium-file=\"https:\/\/i0.wp.com\/blogdalucianaoliveira.com.br\/blog\/wp-content\/uploads\/2017\/06\/IMG_0102.jpg?fit=300%2C178\" data-large-file=\"https:\/\/i0.wp.com\/blogdalucianaoliveira.com.br\/blog\/wp-content\/uploads\/2017\/06\/IMG_0102.jpg?fit=600%2C355\" src=\"https:\/\/i0.wp.com\/blogdalucianaoliveira.com.br\/blog\/wp-content\/uploads\/2017\/06\/IMG_0102.jpg?resize=600%2C355\" alt=\"IMG_0102\" width=\"600\" height=\"355\" class=\"alignnone size-full wp-image-11644\" srcset=\"https:\/\/i0.wp.com\/blogdalucianaoliveira.com.br\/blog\/wp-content\/uploads\/2017\/06\/IMG_0102.jpg?w=845 845w, https:\/\/i0.wp.com\/blogdalucianaoliveira.com.br\/blog\/wp-content\/uploads\/2017\/06\/IMG_0102.jpg?resize=300%2C178 300w, https:\/\/i0.wp.com\/blogdalucianaoliveira.com.br\/blog\/wp-content\/uploads\/2017\/06\/IMG_0102.jpg?resize=768%2C454 768w, https:\/\/i0.wp.com\/blogdalucianaoliveira.com.br\/blog\/wp-content\/uploads\/2017\/06\/IMG_0102.jpg?resize=507%2C300 507w\" sizes=\"auto, (max-width: 600px) 100vw, 600px\" \/><\/p>\n<p>Circula mat\u00e9ria na imprensa de que ela prop\u00f4s a cria\u00e7\u00e3o de uma Comiss\u00e3o em defesa de crian\u00e7as e jovens. <\/p>\n<p>U\u00e9? Ela n\u00e3o fez campanha pela redu\u00e7\u00e3o da maioridade com discursos completamente desconectados da realidade? <!--more--><\/p>\n<p>Como falar em prote\u00e7\u00e3o aos direitos dos menores se votou pra que sejam tratados como adultos mais cedo? <\/p>\n<p>Ou se trata de defender s\u00f3 os direitos dos menores &#8216;direitos&#8217;?<\/p>\n<p>Mais de 200 entidades que trabalham com crian\u00e7as e jovens se opuseram \u00e0 redu\u00e7\u00e3o. Ela votou a favor. <\/p>\n<p>A deputada demonstra bifacialidade. <\/p>\n<p>Por isso, como representante de Rond\u00f4nia na C\u00e2mara, parece uma mortadela numa salada de frutas. <\/p>\n<p>Mariana fez da cadeira um palanque com apelo ao combate \u00e0 corrup\u00e7\u00e3o pra for\u00e7ar o impeachment\/golpe. <\/p>\n<p>Fez discursos entusiasmados pela moralidade na pol\u00edtica, foi \u00e0 passeatas e gravou v\u00eddeos convocando o povo a lutar contra a roubalheira e bl\u00e1 bl\u00e1 bl\u00e1. <\/p>\n<p>Um ano depois de aliados corruptos tomarem o poder, calou, abaixou o facho. <\/p>\n<p>Sobre os esc\u00e2ndalos do governo ileg\u00edtimo e o caos econ\u00f4mico e pol\u00edtico n\u00e3o fala mais nada. <\/p>\n<p>Desse jeito, vai perder a credibilidade do discurso como o tucano A\u00e9cio Meves, atolado at\u00e9 o pesco\u00e7o em esc\u00e2ndalos de corrup\u00e7\u00e3o, sobre quem ela n\u00e3o deu um pio. <\/p>\n<p><img data-recalc-dims=\"1\" loading=\"lazy\" decoding=\"async\" data-attachment-id=\"11651\" data-permalink=\"http:\/\/blogdalucianaoliveira.com.br\/blog\/2017\/06\/21\/mais-uma-contradicao-da-deputada-mariana-carvalho\/img_0103\/\" data-orig-file=\"https:\/\/i0.wp.com\/blogdalucianaoliveira.com.br\/blog\/wp-content\/uploads\/2017\/06\/IMG_0103.jpg?fit=411%2C358\" data-orig-size=\"411,358\" data-comments-opened=\"0\" data-image-meta=\"{&quot;aperture&quot;:&quot;0&quot;,&quot;credit&quot;:&quot;&quot;,&quot;camera&quot;:&quot;&quot;,&quot;caption&quot;:&quot;&quot;,&quot;created_timestamp&quot;:&quot;0&quot;,&quot;copyright&quot;:&quot;&quot;,&quot;focal_length&quot;:&quot;0&quot;,&quot;iso&quot;:&quot;0&quot;,&quot;shutter_speed&quot;:&quot;0&quot;,&quot;title&quot;:&quot;&quot;,&quot;orientation&quot;:&quot;0&quot;}\" data-image-title=\"IMG_0103\" data-image-description=\"\" data-image-caption=\"\" data-medium-file=\"https:\/\/i0.wp.com\/blogdalucianaoliveira.com.br\/blog\/wp-content\/uploads\/2017\/06\/IMG_0103.jpg?fit=300%2C261\" data-large-file=\"https:\/\/i0.wp.com\/blogdalucianaoliveira.com.br\/blog\/wp-content\/uploads\/2017\/06\/IMG_0103.jpg?fit=411%2C358\" src=\"https:\/\/i0.wp.com\/blogdalucianaoliveira.com.br\/blog\/wp-content\/uploads\/2017\/06\/IMG_0103.jpg?resize=411%2C358\" alt=\"IMG_0103\" width=\"411\" height=\"358\" class=\"alignnone size-full wp-image-11651\" srcset=\"https:\/\/i0.wp.com\/blogdalucianaoliveira.com.br\/blog\/wp-content\/uploads\/2017\/06\/IMG_0103.jpg?w=411 411w, https:\/\/i0.wp.com\/blogdalucianaoliveira.com.br\/blog\/wp-content\/uploads\/2017\/06\/IMG_0103.jpg?resize=300%2C261 300w, https:\/\/i0.wp.com\/blogdalucianaoliveira.com.br\/blog\/wp-content\/uploads\/2017\/06\/IMG_0103.jpg?resize=344%2C300 344w\" sizes=\"auto, (max-width: 411px) 100vw, 411px\" \/><\/p>\n","protected":false},"excerpt":{"rendered":"<p>Circula mat\u00e9ria na imprensa de que ela prop\u00f4s a cria\u00e7\u00e3o de uma Comiss\u00e3o em defesa de crian\u00e7as e jovens. U\u00e9? Ela n\u00e3o fez campanha pela redu\u00e7\u00e3o da maioridade com discursos completamente desconectados da realidade?<\/p>\n","protected":false},"author":1,"featured_media":0,"comment_status":"closed","ping_status":"open","sticky":false,"template":"","format":"standard","meta":{"_exactmetrics_skip_tracking":false,"_exactmetrics_sitenote_active":false,"_exactmetrics_sitenote_note":"","_exactmetrics_sitenote_category":0,"jetpack_post_was_ever_published":false,"_jetpack_newsletter_access":"","_jetpack_dont_email_post_to_subs":false,"_jetpack_newsletter_tier_id":0,"_jetpack_memberships_contains_paywalled_content":false,"_jetpack_memberships_contains_paid_content":false,"footnotes":"","jetpack_publicize_message":"","jetpack_publicize_feature_enabled":true,"jetpack_social_post_already_shared":true,"jetpack_social_options":{"image_generator_settings":{"template":"highway","enabled":false},"version":2}},"categories":[1],"tags":[],"class_list":["post-11643","post","type-post","status-publish","format-standard","hentry","category-notas"],"jetpack_publicize_connections":[],"jetpack_sharing_enabled":true,"jetpack_featured_media_url":"","jetpack_shortlink":"https:\/\/wp.me\/p7wKYW-31N","jetpack-related-posts":[],"_links":{"self":[{"href":"http:\/\/blogdalucianaoliveira.com.br\/blog\/wp-json\/wp\/v2\/posts\/11643","targetHints":{"allow":["GET"]}}],"collection":[{"href":"http:\/\/blogdalucianaoliveira.com.br\/blog\/wp-json\/wp\/v2\/posts"}],"about":[{"href":"http:\/\/blogdalucianaoliveira.com.br\/blog\/wp-json\/wp\/v2\/types\/post"}],"author":[{"embeddable":true,"href":"http:\/\/blogdalucianaoliveira.com.br\/blog\/wp-json\/wp\/v2\/users\/1"}],"replies":[{"embeddable":true,"href":"http:\/\/blogdalucianaoliveira.com.br\/blog\/wp-json\/wp\/v2\/comments?post=11643"}],"version-history":[{"count":8,"href":"http:\/\/blogdalucianaoliveira.com.br\/blog\/wp-json\/wp\/v2\/posts\/11643\/revisions"}],"predecessor-version":[{"id":11653,"href":"http:\/\/blogdalucianaoliveira.com.br\/blog\/wp-json\/wp\/v2\/posts\/11643\/revisions\/11653"}],"wp:attachment":[{"href":"http:\/\/blogdalucianaoliveira.com.br\/blog\/wp-json\/wp\/v2\/media?parent=11643"}],"wp:term":[{"taxonomy":"category","embeddable":true,"href":"http:\/\/blogdalucianaoliveira.com.br\/blog\/wp-json\/wp\/v2\/categories?post=11643"},{"taxonomy":"post_tag","embeddable":true,"href":"http:\/\/blogdalucianaoliveira.com.br\/blog\/wp-json\/wp\/v2\/tags?post=11643"}],"curies":[{"name":"wp","href":"https:\/\/api.w.org\/{rel}","templated":true}]}}