{"id":11654,"date":"2017-06-21T20:51:34","date_gmt":"2017-06-22T00:51:34","guid":{"rendered":"http:\/\/blogdalucianaoliveira.com.br\/blog\/?p=11654"},"modified":"2017-06-21T20:51:34","modified_gmt":"2017-06-22T00:51:34","slug":"trabalhadores-da-ceron-e-eletronorte-sistema-eletrobras-paralisam-atividades-no-dia-22-de-junho","status":"publish","type":"post","link":"http:\/\/blogdalucianaoliveira.com.br\/blog\/2017\/06\/21\/trabalhadores-da-ceron-e-eletronorte-sistema-eletrobras-paralisam-atividades-no-dia-22-de-junho\/","title":{"rendered":"Trabalhadores da CERON e ELETRONORTE, Sistema ELETROBRAS, paralisam atividades no dia 22 de junho"},"content":{"rendered":"<p><img data-recalc-dims=\"1\" loading=\"lazy\" decoding=\"async\" data-attachment-id=\"11655\" data-permalink=\"http:\/\/blogdalucianaoliveira.com.br\/blog\/2017\/06\/21\/trabalhadores-da-ceron-e-eletronorte-sistema-eletrobras-paralisam-atividades-no-dia-22-de-junho\/img_0104\/\" data-orig-file=\"https:\/\/i0.wp.com\/blogdalucianaoliveira.com.br\/blog\/wp-content\/uploads\/2017\/06\/IMG_0104.jpg?fit=444%2C331\" data-orig-size=\"444,331\" data-comments-opened=\"0\" data-image-meta=\"{&quot;aperture&quot;:&quot;0&quot;,&quot;credit&quot;:&quot;&quot;,&quot;camera&quot;:&quot;&quot;,&quot;caption&quot;:&quot;&quot;,&quot;created_timestamp&quot;:&quot;0&quot;,&quot;copyright&quot;:&quot;&quot;,&quot;focal_length&quot;:&quot;0&quot;,&quot;iso&quot;:&quot;0&quot;,&quot;shutter_speed&quot;:&quot;0&quot;,&quot;title&quot;:&quot;&quot;,&quot;orientation&quot;:&quot;0&quot;}\" data-image-title=\"IMG_0104\" data-image-description=\"\" data-image-caption=\"\" data-medium-file=\"https:\/\/i0.wp.com\/blogdalucianaoliveira.com.br\/blog\/wp-content\/uploads\/2017\/06\/IMG_0104.jpg?fit=300%2C224\" data-large-file=\"https:\/\/i0.wp.com\/blogdalucianaoliveira.com.br\/blog\/wp-content\/uploads\/2017\/06\/IMG_0104.jpg?fit=444%2C331\" src=\"https:\/\/i0.wp.com\/blogdalucianaoliveira.com.br\/blog\/wp-content\/uploads\/2017\/06\/IMG_0104.jpg?resize=444%2C331\" alt=\"IMG_0104\" width=\"444\" height=\"331\" class=\"alignnone size-full wp-image-11655\" srcset=\"https:\/\/i0.wp.com\/blogdalucianaoliveira.com.br\/blog\/wp-content\/uploads\/2017\/06\/IMG_0104.jpg?w=444 444w, https:\/\/i0.wp.com\/blogdalucianaoliveira.com.br\/blog\/wp-content\/uploads\/2017\/06\/IMG_0104.jpg?resize=300%2C224 300w, https:\/\/i0.wp.com\/blogdalucianaoliveira.com.br\/blog\/wp-content\/uploads\/2017\/06\/IMG_0104.jpg?resize=402%2C300 402w\" sizes=\"auto, (max-width: 444px) 100vw, 444px\" \/><\/p>\n<p>Os trabalhadores e trabalhadoras do Sistema ELETROBRAS, em todo Brasil, paralisar\u00e3o suas atividades por 24 horas, nesta quinta-feira, 22 de junho, devido a intransig\u00eancia da Diretoria da ELETROBRAS em n\u00e3o negociar e n\u00e3o dialogar com as Entidades Sindicais que comp\u00f5e o Coletivo Nacional dos Eletricit\u00e1rios &#8211; CNE, sobre quest\u00f5es como alternativas e aperfei\u00e7oamento do Plano de Aposentadoria Extraordin\u00e1ria &#8211; PAE (que \u00e9 um plano de demiss\u00e3o de trabalhadores), a suspens\u00e3o do Centro de Servi\u00e7os Compartilhados &#8211; CSC, que reduzir\u00e1 o n\u00famero de trabalhadores da \u00e1rea administrativa, o pagamento do Ticket Alimenta\u00e7\u00e3o extra do ACT, em vig\u00eancia, e a defini\u00e7\u00e3o da data do pagamento da PLR. <!--more--><\/p>\n<p>A Diretoria da ELETROBRAS sem nenhuma justificativa cancelou a reuni\u00e3o que seria realizada dia 20 de junho, onde seriam discutidas todas essas quest\u00f5es sobre a Reestrutura\u00e7\u00e3o que a empresa quer impor de forma unilateral, ou seja, empurrar goela abaixo, sem nenhuma discuss\u00e3o com os trabalhadores, inclusive se eximindo da responsabilidade sobre a privatiza\u00e7\u00e3o das Distribuidoras.<\/p>\n<p>Com o cancelamento da reuni\u00e3o, os(as) trabalhadores(as) entendem que a empresa n\u00e3o demonstra nem um compromisso, ao tratar essas quest\u00f5es com enrola\u00e7\u00e3o e falta de respeito, o que obrigou a categoria a deflagrar uma paralisa\u00e7\u00e3o a n\u00edvel nacional, no dia 22 de junho, como forma de protesto.<\/p>\n<p>Caso n\u00e3o haja uma resposta de retomada das negocia\u00e7\u00f5es, o indicativo encaminhado pelo CNE \u00e9 pela realiza\u00e7\u00e3o de paralisa\u00e7\u00e3o de 72 horas, a partir do dia 28 de junho. Assim, \u00e0s 16h30, no final da paralisa\u00e7\u00e3o de amanh\u00e3, dia 22, ser\u00e1 realizada uma assembleia para deliberar sobre o indicativo de paralisa\u00e7\u00e3o de 72 horas.<\/p>\n<p>Em Porto Velho, a concentra\u00e7\u00e3o dos trabalhadores e trabalhadoras do Sistema ELETROBRAS (CERON e ELETRONORTE) ser\u00e1 em frente da CERON Comercial, na Avenida Sete de Setembro, pr\u00f3ximo \u00e0 Estrada de Ferro Madeira Mamor\u00e9.<\/p>\n<p>\u201cOs servi\u00e7os essenciais ser\u00e3o mantidos normalmente e em caso de urg\u00eancia e emerg\u00eancia ser\u00e3o negociados com a Coordena\u00e7\u00e3o do CNE e as Entidades Sindicais, SINDUR e SENGE\u201d, afirmou Nailor Gato, presidente do SINDUR.<\/p>\n","protected":false},"excerpt":{"rendered":"<p>Os trabalhadores e trabalhadoras do Sistema ELETROBRAS, em todo Brasil, paralisar\u00e3o suas atividades por 24 horas, nesta quinta-feira, 22 de junho, devido a intransig\u00eancia da Diretoria da ELETROBRAS em n\u00e3o negociar e n\u00e3o dialogar com as Entidades Sindicais que comp\u00f5e o Coletivo Nacional dos Eletricit\u00e1rios &#8211; CNE, sobre quest\u00f5es como alternativas e aperfei\u00e7oamento do Plano&#8230;<a class=\"more-link\" href=\"http:\/\/blogdalucianaoliveira.com.br\/blog\/2017\/06\/21\/trabalhadores-da-ceron-e-eletronorte-sistema-eletrobras-paralisam-atividades-no-dia-22-de-junho\/\">Continue a leitura <span class=\"meta-nav\">&raquo;<\/span><\/a><\/p>\n","protected":false},"author":1,"featured_media":0,"comment_status":"closed","ping_status":"open","sticky":false,"template":"","format":"standard","meta":{"_exactmetrics_skip_tracking":false,"_exactmetrics_sitenote_active":false,"_exactmetrics_sitenote_note":"","_exactmetrics_sitenote_category":0,"jetpack_post_was_ever_published":false,"_jetpack_newsletter_access":"","_jetpack_dont_email_post_to_subs":false,"_jetpack_newsletter_tier_id":0,"_jetpack_memberships_contains_paywalled_content":false,"_jetpack_memberships_contains_paid_content":false,"footnotes":"","jetpack_publicize_message":"","jetpack_publicize_feature_enabled":true,"jetpack_social_post_already_shared":true,"jetpack_social_options":{"image_generator_settings":{"template":"highway","enabled":false},"version":2}},"categories":[1],"tags":[],"class_list":["post-11654","post","type-post","status-publish","format-standard","hentry","category-notas"],"jetpack_publicize_connections":[],"jetpack_sharing_enabled":true,"jetpack_featured_media_url":"","jetpack_shortlink":"https:\/\/wp.me\/p7wKYW-31Y","jetpack-related-posts":[],"_links":{"self":[{"href":"http:\/\/blogdalucianaoliveira.com.br\/blog\/wp-json\/wp\/v2\/posts\/11654","targetHints":{"allow":["GET"]}}],"collection":[{"href":"http:\/\/blogdalucianaoliveira.com.br\/blog\/wp-json\/wp\/v2\/posts"}],"about":[{"href":"http:\/\/blogdalucianaoliveira.com.br\/blog\/wp-json\/wp\/v2\/types\/post"}],"author":[{"embeddable":true,"href":"http:\/\/blogdalucianaoliveira.com.br\/blog\/wp-json\/wp\/v2\/users\/1"}],"replies":[{"embeddable":true,"href":"http:\/\/blogdalucianaoliveira.com.br\/blog\/wp-json\/wp\/v2\/comments?post=11654"}],"version-history":[{"count":1,"href":"http:\/\/blogdalucianaoliveira.com.br\/blog\/wp-json\/wp\/v2\/posts\/11654\/revisions"}],"predecessor-version":[{"id":11656,"href":"http:\/\/blogdalucianaoliveira.com.br\/blog\/wp-json\/wp\/v2\/posts\/11654\/revisions\/11656"}],"wp:attachment":[{"href":"http:\/\/blogdalucianaoliveira.com.br\/blog\/wp-json\/wp\/v2\/media?parent=11654"}],"wp:term":[{"taxonomy":"category","embeddable":true,"href":"http:\/\/blogdalucianaoliveira.com.br\/blog\/wp-json\/wp\/v2\/categories?post=11654"},{"taxonomy":"post_tag","embeddable":true,"href":"http:\/\/blogdalucianaoliveira.com.br\/blog\/wp-json\/wp\/v2\/tags?post=11654"}],"curies":[{"name":"wp","href":"https:\/\/api.w.org\/{rel}","templated":true}]}}