{"id":11657,"date":"2017-06-22T10:27:04","date_gmt":"2017-06-22T14:27:04","guid":{"rendered":"http:\/\/blogdalucianaoliveira.com.br\/blog\/?p=11657"},"modified":"2017-06-22T10:27:04","modified_gmt":"2017-06-22T14:27:04","slug":"o-que-mais-o-psdb-espera-para-desembarcar","status":"publish","type":"post","link":"http:\/\/blogdalucianaoliveira.com.br\/blog\/2017\/06\/22\/o-que-mais-o-psdb-espera-para-desembarcar\/","title":{"rendered":"O QUE MAIS O PSDB ESPERA PARA DESEMBARCAR?"},"content":{"rendered":"<p><img data-recalc-dims=\"1\" loading=\"lazy\" decoding=\"async\" data-attachment-id=\"11658\" data-permalink=\"http:\/\/blogdalucianaoliveira.com.br\/blog\/2017\/06\/22\/o-que-mais-o-psdb-espera-para-desembarcar\/ps-4\/\" data-orig-file=\"https:\/\/i0.wp.com\/blogdalucianaoliveira.com.br\/blog\/wp-content\/uploads\/2017\/06\/ps-1.jpg?fit=1000%2C357\" data-orig-size=\"1000,357\" data-comments-opened=\"0\" data-image-meta=\"{&quot;aperture&quot;:&quot;0&quot;,&quot;credit&quot;:&quot;&quot;,&quot;camera&quot;:&quot;&quot;,&quot;caption&quot;:&quot;&quot;,&quot;created_timestamp&quot;:&quot;0&quot;,&quot;copyright&quot;:&quot;&quot;,&quot;focal_length&quot;:&quot;0&quot;,&quot;iso&quot;:&quot;0&quot;,&quot;shutter_speed&quot;:&quot;0&quot;,&quot;title&quot;:&quot;&quot;,&quot;orientation&quot;:&quot;0&quot;}\" data-image-title=\"ps\" data-image-description=\"\" data-image-caption=\"\" data-medium-file=\"https:\/\/i0.wp.com\/blogdalucianaoliveira.com.br\/blog\/wp-content\/uploads\/2017\/06\/ps-1.jpg?fit=300%2C107\" data-large-file=\"https:\/\/i0.wp.com\/blogdalucianaoliveira.com.br\/blog\/wp-content\/uploads\/2017\/06\/ps-1.jpg?fit=600%2C214\" src=\"https:\/\/i0.wp.com\/blogdalucianaoliveira.com.br\/blog\/wp-content\/uploads\/2017\/06\/ps-1.jpg?resize=600%2C214\" alt=\"ps\" width=\"600\" height=\"214\" class=\"alignnone size-full wp-image-11658\" srcset=\"https:\/\/i0.wp.com\/blogdalucianaoliveira.com.br\/blog\/wp-content\/uploads\/2017\/06\/ps-1.jpg?w=1000 1000w, https:\/\/i0.wp.com\/blogdalucianaoliveira.com.br\/blog\/wp-content\/uploads\/2017\/06\/ps-1.jpg?resize=300%2C107 300w, https:\/\/i0.wp.com\/blogdalucianaoliveira.com.br\/blog\/wp-content\/uploads\/2017\/06\/ps-1.jpg?resize=768%2C274 768w, https:\/\/i0.wp.com\/blogdalucianaoliveira.com.br\/blog\/wp-content\/uploads\/2017\/06\/ps-1.jpg?resize=800%2C286 800w\" sizes=\"auto, (max-width: 600px) 100vw, 600px\" \/><\/p>\n<p>247 &#8211; O que a c\u00fapula do PSDB ainda acredita que deva acontecer para largar o violino e saltar do navio de Michel Temer, antes de afundar junto com ele?<!--more--><\/p>\n<p>Temer j\u00e1 foi carimbado como corrupto &#8220;com vigor&#8221; pela Pol\u00edcia Federal, que o apontou como o mandante por tr\u00e1s da mala de R$ 500 mil em propina com o ex-deputado Rodrigo Rocha Loures. De acordo com o relat\u00f3rio parcial apresentado pelo delegado Thiago Delabary, &#8220;resultam inc\u00f3lumes as evid\u00eancias que emanam do conjunto informativo formado nestes autos, a indicar, com vigor, a pratica de corrup\u00e7\u00e3o passiva&#8221; (leia a \u00edntegra do relat\u00f3rio).<\/p>\n<p>Um dos principais argumentos dos caciques tucanos para ignorarem os furos no casco e a \u00e1gua no barco de Temer \u00e9 o apoio do partido \u00e0s reformas trabalhista e da Previd\u00eancia, propostas por Temer, que s\u00e3o rejeitadas por 80% da popula\u00e7\u00e3o, segundo pesquisa CUT\/Vox Populi (leia aqui). Ocorre que cada vez menos parlamentares est\u00e3o dispostos a enfrentar o custo pol\u00edtico das medidas de Temer. Inclusive deputados e senadores do pr\u00f3prio PSDB.<\/p>\n<p>Uma prova foi a rejei\u00e7\u00e3o da reforma trabalhista na Comiss\u00e3o de Assuntos Sociais (CAS) do Senado nessa ter\u00e7a-feira, 20, por 10 votos a 9. A derrota de Michel Temer contou votos de senadores do PMDB, como H\u00e9lio Jos\u00e9 (DF), e at\u00e9 do PSDB, com o senador Eduardo Amorim (SE), explicitando que uma parcela do partido n\u00e3o aceitar continuar apoiando o governo.<\/p>\n<p>Na C\u00e2mara tamb\u00e9m h\u00e1 dissid\u00eancias pela sa\u00edda do PSDB do governo. O grupo dos &#8220;cabe\u00e7as pretas&#8221; do PSDB, formado pelos deputados mais jovens e liderado por Daniel Coelho (PSDB-PE), fechou posi\u00e7\u00e3o e vai votar a favor da den\u00fancia contra Michel Temer, que ser\u00e1 implicado em corrup\u00e7\u00e3o, organiza\u00e7\u00e3o criminosa, obstru\u00e7\u00e3o judicial e lavagem de dinheiro. A den\u00fancia deve ser enviada \u00e0 C\u00e2mara no fim de junho.<\/p>\n<p>Por \u00faltimo, pesquisa realizada pelo DataPoder360, divulgada nesta quarta-feira, 21, mostra que apenas 2% consideram seu governo positivo, enquanto 75% o rejeitam (aumento de 10 pontos percentuais em rela\u00e7\u00e3o \u00e0 pesquisa de maio). 79% dos entrevistados desejam a ren\u00fancia ou a cassa\u00e7\u00e3o do peemedebista. Em caso de queda de Temer, 87% dos brasileiros querem escolher o pr\u00f3ximo presidente. Elei\u00e7\u00f5es indiretas, ou seja, por meio do Congresso Nacional, \u00e9 a prefer\u00eancia de apenas 4%.<\/p>\n<p>O presidente interino do PSDB, senador Tasso Jereissati (CE), n\u00e3o consegue descer do muro e tomar uma decis\u00e3o definitiva sobre o apoio ao governo Temer. Ao ignorar os apelos da base e trair a pr\u00f3pria hist\u00f3ria ao ser c\u00famplice da corrup\u00e7\u00e3o de Michel Temer, o PSDB pode perceber seu erro quando j\u00e1 estiver submerso no naufr\u00e1gio de Temer. <\/p>\n","protected":false},"excerpt":{"rendered":"<p>247 &#8211; O que a c\u00fapula do PSDB ainda acredita que deva acontecer para largar o violino e saltar do navio de Michel Temer, antes de afundar junto com ele?<\/p>\n","protected":false},"author":1,"featured_media":0,"comment_status":"closed","ping_status":"open","sticky":false,"template":"","format":"standard","meta":{"_exactmetrics_skip_tracking":false,"_exactmetrics_sitenote_active":false,"_exactmetrics_sitenote_note":"","_exactmetrics_sitenote_category":0,"jetpack_post_was_ever_published":false,"_jetpack_newsletter_access":"","_jetpack_dont_email_post_to_subs":false,"_jetpack_newsletter_tier_id":0,"_jetpack_memberships_contains_paywalled_content":false,"_jetpack_memberships_contains_paid_content":false,"footnotes":"","jetpack_publicize_message":"","jetpack_publicize_feature_enabled":true,"jetpack_social_post_already_shared":true,"jetpack_social_options":{"image_generator_settings":{"template":"highway","enabled":false},"version":2}},"categories":[1],"tags":[],"class_list":["post-11657","post","type-post","status-publish","format-standard","hentry","category-notas"],"jetpack_publicize_connections":[],"jetpack_sharing_enabled":true,"jetpack_featured_media_url":"","jetpack_shortlink":"https:\/\/wp.me\/p7wKYW-321","jetpack-related-posts":[],"_links":{"self":[{"href":"http:\/\/blogdalucianaoliveira.com.br\/blog\/wp-json\/wp\/v2\/posts\/11657","targetHints":{"allow":["GET"]}}],"collection":[{"href":"http:\/\/blogdalucianaoliveira.com.br\/blog\/wp-json\/wp\/v2\/posts"}],"about":[{"href":"http:\/\/blogdalucianaoliveira.com.br\/blog\/wp-json\/wp\/v2\/types\/post"}],"author":[{"embeddable":true,"href":"http:\/\/blogdalucianaoliveira.com.br\/blog\/wp-json\/wp\/v2\/users\/1"}],"replies":[{"embeddable":true,"href":"http:\/\/blogdalucianaoliveira.com.br\/blog\/wp-json\/wp\/v2\/comments?post=11657"}],"version-history":[{"count":1,"href":"http:\/\/blogdalucianaoliveira.com.br\/blog\/wp-json\/wp\/v2\/posts\/11657\/revisions"}],"predecessor-version":[{"id":11659,"href":"http:\/\/blogdalucianaoliveira.com.br\/blog\/wp-json\/wp\/v2\/posts\/11657\/revisions\/11659"}],"wp:attachment":[{"href":"http:\/\/blogdalucianaoliveira.com.br\/blog\/wp-json\/wp\/v2\/media?parent=11657"}],"wp:term":[{"taxonomy":"category","embeddable":true,"href":"http:\/\/blogdalucianaoliveira.com.br\/blog\/wp-json\/wp\/v2\/categories?post=11657"},{"taxonomy":"post_tag","embeddable":true,"href":"http:\/\/blogdalucianaoliveira.com.br\/blog\/wp-json\/wp\/v2\/tags?post=11657"}],"curies":[{"name":"wp","href":"https:\/\/api.w.org\/{rel}","templated":true}]}}