{"id":11662,"date":"2017-06-22T10:40:22","date_gmt":"2017-06-22T14:40:22","guid":{"rendered":"http:\/\/blogdalucianaoliveira.com.br\/blog\/?p=11662"},"modified":"2017-06-22T10:40:22","modified_gmt":"2017-06-22T14:40:22","slug":"em-meio-a-polemica-china-inaugura-festival-de-carne-de-cachorro","status":"publish","type":"post","link":"http:\/\/blogdalucianaoliveira.com.br\/blog\/2017\/06\/22\/em-meio-a-polemica-china-inaugura-festival-de-carne-de-cachorro\/","title":{"rendered":"Em meio a pol\u00eamica, China inaugura festival de carne de cachorro"},"content":{"rendered":"<p><img data-recalc-dims=\"1\" loading=\"lazy\" decoding=\"async\" data-attachment-id=\"11664\" data-permalink=\"http:\/\/blogdalucianaoliveira.com.br\/blog\/2017\/06\/22\/em-meio-a-polemica-china-inaugura-festival-de-carne-de-cachorro\/fes\/\" data-orig-file=\"https:\/\/i0.wp.com\/blogdalucianaoliveira.com.br\/blog\/wp-content\/uploads\/2017\/06\/fes.jpg?fit=660%2C371\" data-orig-size=\"660,371\" data-comments-opened=\"0\" data-image-meta=\"{&quot;aperture&quot;:&quot;0&quot;,&quot;credit&quot;:&quot;&quot;,&quot;camera&quot;:&quot;&quot;,&quot;caption&quot;:&quot;&quot;,&quot;created_timestamp&quot;:&quot;0&quot;,&quot;copyright&quot;:&quot;&quot;,&quot;focal_length&quot;:&quot;0&quot;,&quot;iso&quot;:&quot;0&quot;,&quot;shutter_speed&quot;:&quot;0&quot;,&quot;title&quot;:&quot;&quot;,&quot;orientation&quot;:&quot;0&quot;}\" data-image-title=\"fes\" data-image-description=\"\" data-image-caption=\"\" data-medium-file=\"https:\/\/i0.wp.com\/blogdalucianaoliveira.com.br\/blog\/wp-content\/uploads\/2017\/06\/fes.jpg?fit=300%2C169\" data-large-file=\"https:\/\/i0.wp.com\/blogdalucianaoliveira.com.br\/blog\/wp-content\/uploads\/2017\/06\/fes.jpg?fit=600%2C337\" src=\"https:\/\/i0.wp.com\/blogdalucianaoliveira.com.br\/blog\/wp-content\/uploads\/2017\/06\/fes.jpg?resize=600%2C337\" alt=\"fes\" width=\"600\" height=\"337\" class=\"alignnone size-full wp-image-11664\" srcset=\"https:\/\/i0.wp.com\/blogdalucianaoliveira.com.br\/blog\/wp-content\/uploads\/2017\/06\/fes.jpg?w=660 660w, https:\/\/i0.wp.com\/blogdalucianaoliveira.com.br\/blog\/wp-content\/uploads\/2017\/06\/fes.jpg?resize=300%2C169 300w, https:\/\/i0.wp.com\/blogdalucianaoliveira.com.br\/blog\/wp-content\/uploads\/2017\/06\/fes.jpg?resize=534%2C300 534w\" sizes=\"auto, (max-width: 600px) 100vw, 600px\" \/><\/p>\n<p>Na BBC<\/p>\n<p>Um tradicional festival de com\u00e9rcio de carne de cachorro come\u00e7ou nesta semana na cidade chinesa de Yulin, em meio a pol\u00eamicas e d\u00favidas quanto a sua realiza\u00e7\u00e3o neste ano.<!--more--><\/p>\n<p>O Lychee, tamb\u00e9m chamado de Festival Yulin de Carne de Cachorro, acontece anualmente na prov\u00edncia de Guangxi.<br \/>\nNo in\u00edcio deste ano, ativistas americanos de prote\u00e7\u00e3o animal haviam divulgado a informa\u00e7\u00e3o de que autoridades chinesas teriam advertido os participantes a n\u00e3o comercializarem carne de c\u00e3o.<\/p>\n<p>No entanto, donos de barracas de comida disseram \u00e0 BBC que n\u00e3o receberam nenhuma orienta\u00e7\u00e3o oficial do tipo. E funcion\u00e1rios p\u00fablicos locais confirmaram que n\u00e3o houve proibi\u00e7\u00e3o.<\/p>\n<p>Nesta quarta-feira, j\u00e1 havia relatos de c\u00e3es abatidos sendo pendurados em ganchos para serem comercializados no mercado de Dongkou, o maior da cidade.<\/p>\n<p>O policiamento tamb\u00e9m foi refor\u00e7ado, e uma ativista americana disse ter sido impedida de entrar em um mercado local.<br \/>\nEm edi\u00e7\u00f5es anteriores, houve brigas entre propriet\u00e1rios de barracas e ativistas, que tentavam resgatar os c\u00e3es para evitar seu abate.<\/p>\n<p><img data-recalc-dims=\"1\" loading=\"lazy\" decoding=\"async\" data-attachment-id=\"11663\" data-permalink=\"http:\/\/blogdalucianaoliveira.com.br\/blog\/2017\/06\/22\/em-meio-a-polemica-china-inaugura-festival-de-carne-de-cachorro\/caes\/\" data-orig-file=\"https:\/\/i0.wp.com\/blogdalucianaoliveira.com.br\/blog\/wp-content\/uploads\/2017\/06\/caes.jpg?fit=624%2C351\" data-orig-size=\"624,351\" data-comments-opened=\"0\" data-image-meta=\"{&quot;aperture&quot;:&quot;0&quot;,&quot;credit&quot;:&quot;&quot;,&quot;camera&quot;:&quot;&quot;,&quot;caption&quot;:&quot;&quot;,&quot;created_timestamp&quot;:&quot;0&quot;,&quot;copyright&quot;:&quot;&quot;,&quot;focal_length&quot;:&quot;0&quot;,&quot;iso&quot;:&quot;0&quot;,&quot;shutter_speed&quot;:&quot;0&quot;,&quot;title&quot;:&quot;&quot;,&quot;orientation&quot;:&quot;0&quot;}\" data-image-title=\"caes\" data-image-description=\"\" data-image-caption=\"\" data-medium-file=\"https:\/\/i0.wp.com\/blogdalucianaoliveira.com.br\/blog\/wp-content\/uploads\/2017\/06\/caes.jpg?fit=300%2C169\" data-large-file=\"https:\/\/i0.wp.com\/blogdalucianaoliveira.com.br\/blog\/wp-content\/uploads\/2017\/06\/caes.jpg?fit=600%2C338\" src=\"https:\/\/i0.wp.com\/blogdalucianaoliveira.com.br\/blog\/wp-content\/uploads\/2017\/06\/caes.jpg?resize=600%2C338\" alt=\"caes\" width=\"600\" height=\"338\" class=\"alignnone size-full wp-image-11663\" srcset=\"https:\/\/i0.wp.com\/blogdalucianaoliveira.com.br\/blog\/wp-content\/uploads\/2017\/06\/caes.jpg?w=624 624w, https:\/\/i0.wp.com\/blogdalucianaoliveira.com.br\/blog\/wp-content\/uploads\/2017\/06\/caes.jpg?resize=300%2C169 300w, https:\/\/i0.wp.com\/blogdalucianaoliveira.com.br\/blog\/wp-content\/uploads\/2017\/06\/caes.jpg?resize=533%2C300 533w\" sizes=\"auto, (max-width: 600px) 100vw, 600px\" \/><\/p>\n<p>Mas o crescimento no n\u00famero de cachorros de estima\u00e7\u00e3o no pa\u00eds &#8211; h\u00e1 62 milh\u00f5es de c\u00e3es dom\u00e9sticos registrados &#8211; tem levado parte da popula\u00e7\u00e3o a gradualmente mudar sua opini\u00e3o sobre o consumo da carne e a engrossar os protestos contra ele.<br \/>\nAo mesmo tempo, a ampla cobertura midi\u00e1tica negativa sobre o evento incomoda as autoridades de Yulin. Em 2016, eles proibiram o abate de c\u00e3es em p\u00fablico, se antecipando a protestos.<br \/>\nO governo de Yulin tamb\u00e9m reitera que n\u00e3o organiza oficialmente o festival, e por isso n\u00e3o poderia proibi-lo.<br \/>\nNeste ano, h\u00e1 relatos de que os abates p\u00fablicos diminu\u00edram. Ativistas estimam que, em alguns anos, cerca de 10 mil c\u00e3es e gatos chegaram a ser mortos e comidos durante os dez dias de festival.<\/p>\n<p><img data-recalc-dims=\"1\" loading=\"lazy\" decoding=\"async\" data-attachment-id=\"11665\" data-permalink=\"http:\/\/blogdalucianaoliveira.com.br\/blog\/2017\/06\/22\/em-meio-a-polemica-china-inaugura-festival-de-carne-de-cachorro\/cae\/\" data-orig-file=\"https:\/\/i0.wp.com\/blogdalucianaoliveira.com.br\/blog\/wp-content\/uploads\/2017\/06\/cae.jpg?fit=624%2C351\" data-orig-size=\"624,351\" data-comments-opened=\"0\" data-image-meta=\"{&quot;aperture&quot;:&quot;0&quot;,&quot;credit&quot;:&quot;&quot;,&quot;camera&quot;:&quot;&quot;,&quot;caption&quot;:&quot;&quot;,&quot;created_timestamp&quot;:&quot;0&quot;,&quot;copyright&quot;:&quot;&quot;,&quot;focal_length&quot;:&quot;0&quot;,&quot;iso&quot;:&quot;0&quot;,&quot;shutter_speed&quot;:&quot;0&quot;,&quot;title&quot;:&quot;&quot;,&quot;orientation&quot;:&quot;0&quot;}\" data-image-title=\"cae\" data-image-description=\"\" data-image-caption=\"\" data-medium-file=\"https:\/\/i0.wp.com\/blogdalucianaoliveira.com.br\/blog\/wp-content\/uploads\/2017\/06\/cae.jpg?fit=300%2C169\" data-large-file=\"https:\/\/i0.wp.com\/blogdalucianaoliveira.com.br\/blog\/wp-content\/uploads\/2017\/06\/cae.jpg?fit=600%2C338\" src=\"https:\/\/i0.wp.com\/blogdalucianaoliveira.com.br\/blog\/wp-content\/uploads\/2017\/06\/cae.jpg?resize=600%2C338\" alt=\"cae\" width=\"600\" height=\"338\" class=\"alignnone size-full wp-image-11665\" srcset=\"https:\/\/i0.wp.com\/blogdalucianaoliveira.com.br\/blog\/wp-content\/uploads\/2017\/06\/cae.jpg?w=624 624w, https:\/\/i0.wp.com\/blogdalucianaoliveira.com.br\/blog\/wp-content\/uploads\/2017\/06\/cae.jpg?resize=300%2C169 300w, https:\/\/i0.wp.com\/blogdalucianaoliveira.com.br\/blog\/wp-content\/uploads\/2017\/06\/cae.jpg?resize=533%2C300 533w\" sizes=\"auto, (max-width: 600px) 100vw, 600px\" \/><\/p>\n","protected":false},"excerpt":{"rendered":"<p>Na BBC Um tradicional festival de com\u00e9rcio de carne de cachorro come\u00e7ou nesta semana na cidade chinesa de Yulin, em meio a pol\u00eamicas e d\u00favidas quanto a sua realiza\u00e7\u00e3o neste ano.<\/p>\n","protected":false},"author":1,"featured_media":0,"comment_status":"closed","ping_status":"open","sticky":false,"template":"","format":"standard","meta":{"_exactmetrics_skip_tracking":false,"_exactmetrics_sitenote_active":false,"_exactmetrics_sitenote_note":"","_exactmetrics_sitenote_category":0,"jetpack_post_was_ever_published":false,"_jetpack_newsletter_access":"","_jetpack_dont_email_post_to_subs":false,"_jetpack_newsletter_tier_id":0,"_jetpack_memberships_contains_paywalled_content":false,"_jetpack_memberships_contains_paid_content":false,"footnotes":"","jetpack_publicize_message":"","jetpack_publicize_feature_enabled":true,"jetpack_social_post_already_shared":true,"jetpack_social_options":{"image_generator_settings":{"template":"highway","enabled":false},"version":2}},"categories":[1],"tags":[],"class_list":["post-11662","post","type-post","status-publish","format-standard","hentry","category-notas"],"jetpack_publicize_connections":[],"jetpack_sharing_enabled":true,"jetpack_featured_media_url":"","jetpack_shortlink":"https:\/\/wp.me\/p7wKYW-326","jetpack-related-posts":[],"_links":{"self":[{"href":"http:\/\/blogdalucianaoliveira.com.br\/blog\/wp-json\/wp\/v2\/posts\/11662","targetHints":{"allow":["GET"]}}],"collection":[{"href":"http:\/\/blogdalucianaoliveira.com.br\/blog\/wp-json\/wp\/v2\/posts"}],"about":[{"href":"http:\/\/blogdalucianaoliveira.com.br\/blog\/wp-json\/wp\/v2\/types\/post"}],"author":[{"embeddable":true,"href":"http:\/\/blogdalucianaoliveira.com.br\/blog\/wp-json\/wp\/v2\/users\/1"}],"replies":[{"embeddable":true,"href":"http:\/\/blogdalucianaoliveira.com.br\/blog\/wp-json\/wp\/v2\/comments?post=11662"}],"version-history":[{"count":1,"href":"http:\/\/blogdalucianaoliveira.com.br\/blog\/wp-json\/wp\/v2\/posts\/11662\/revisions"}],"predecessor-version":[{"id":11666,"href":"http:\/\/blogdalucianaoliveira.com.br\/blog\/wp-json\/wp\/v2\/posts\/11662\/revisions\/11666"}],"wp:attachment":[{"href":"http:\/\/blogdalucianaoliveira.com.br\/blog\/wp-json\/wp\/v2\/media?parent=11662"}],"wp:term":[{"taxonomy":"category","embeddable":true,"href":"http:\/\/blogdalucianaoliveira.com.br\/blog\/wp-json\/wp\/v2\/categories?post=11662"},{"taxonomy":"post_tag","embeddable":true,"href":"http:\/\/blogdalucianaoliveira.com.br\/blog\/wp-json\/wp\/v2\/tags?post=11662"}],"curies":[{"name":"wp","href":"https:\/\/api.w.org\/{rel}","templated":true}]}}