{"id":11667,"date":"2017-06-22T11:29:06","date_gmt":"2017-06-22T15:29:06","guid":{"rendered":"http:\/\/blogdalucianaoliveira.com.br\/blog\/?p=11667"},"modified":"2017-06-22T11:29:06","modified_gmt":"2017-06-22T15:29:06","slug":"temer-e-ignorado-tambem-na-noruega","status":"publish","type":"post","link":"http:\/\/blogdalucianaoliveira.com.br\/blog\/2017\/06\/22\/temer-e-ignorado-tambem-na-noruega\/","title":{"rendered":"TEMER \u00c9 IGNORADO TAMB\u00c9M NA NORUEGA"},"content":{"rendered":"<p><img data-recalc-dims=\"1\" loading=\"lazy\" decoding=\"async\" data-attachment-id=\"11668\" data-permalink=\"http:\/\/blogdalucianaoliveira.com.br\/blog\/2017\/06\/22\/temer-e-ignorado-tambem-na-noruega\/tet-4\/\" data-orig-file=\"https:\/\/i0.wp.com\/blogdalucianaoliveira.com.br\/blog\/wp-content\/uploads\/2017\/06\/tet.jpg?fit=1001%2C357\" data-orig-size=\"1001,357\" data-comments-opened=\"0\" data-image-meta=\"{&quot;aperture&quot;:&quot;0&quot;,&quot;credit&quot;:&quot;&quot;,&quot;camera&quot;:&quot;&quot;,&quot;caption&quot;:&quot;&quot;,&quot;created_timestamp&quot;:&quot;0&quot;,&quot;copyright&quot;:&quot;&quot;,&quot;focal_length&quot;:&quot;0&quot;,&quot;iso&quot;:&quot;0&quot;,&quot;shutter_speed&quot;:&quot;0&quot;,&quot;title&quot;:&quot;&quot;,&quot;orientation&quot;:&quot;0&quot;}\" data-image-title=\"tet\" data-image-description=\"\" data-image-caption=\"\" data-medium-file=\"https:\/\/i0.wp.com\/blogdalucianaoliveira.com.br\/blog\/wp-content\/uploads\/2017\/06\/tet.jpg?fit=300%2C107\" data-large-file=\"https:\/\/i0.wp.com\/blogdalucianaoliveira.com.br\/blog\/wp-content\/uploads\/2017\/06\/tet.jpg?fit=600%2C214\" src=\"https:\/\/i0.wp.com\/blogdalucianaoliveira.com.br\/blog\/wp-content\/uploads\/2017\/06\/tet.jpg?resize=600%2C214\" alt=\"tet\" width=\"600\" height=\"214\" class=\"alignnone size-full wp-image-11668\" srcset=\"https:\/\/i0.wp.com\/blogdalucianaoliveira.com.br\/blog\/wp-content\/uploads\/2017\/06\/tet.jpg?w=1001 1001w, https:\/\/i0.wp.com\/blogdalucianaoliveira.com.br\/blog\/wp-content\/uploads\/2017\/06\/tet.jpg?resize=300%2C107 300w, https:\/\/i0.wp.com\/blogdalucianaoliveira.com.br\/blog\/wp-content\/uploads\/2017\/06\/tet.jpg?resize=768%2C274 768w, https:\/\/i0.wp.com\/blogdalucianaoliveira.com.br\/blog\/wp-content\/uploads\/2017\/06\/tet.jpg?resize=800%2C285 800w\" sizes=\"auto, (max-width: 600px) 100vw, 600px\" \/><\/p>\n<p>247 \u2013 Ap\u00f3s ser ignorado pelo presidente russo, Vladimir Putin, em sua chegada a Moscou, e principalmente pela m\u00eddia do pa\u00eds, Michel Temer passa novo constrangimento na Noruega, onde ficar\u00e1 dois dias para se encontrar com autoridades e empres\u00e1rios.<!--more--><\/p>\n<p>Ao desembarcar na capital, Oslo, nesta quinta-feira 22, Temer tamb\u00e9m n\u00e3o foi recebido pelo chefe de Estado do pequeno pa\u00eds. Ele encontrou na base a\u00e9rea somente o chefe interino do Cerimonial do governo local, Sigwald Haugr, al\u00e9m do embaixador do Brasil em Oslo, George Prata, e a embaixadora norueguesa em Bras\u00edlia, Aud Wiig.<\/p>\n<p>O discurso do peemedebista foi acompanhado por apenas um jornalista local, em in\u00edcio de carreira, segundo relato do jornalista brasileiro Jamil Chade em seu Twitter. &#8220;Discurso de Temer na Noruega foi acompanhado por s\u00f3 1 jornalista local&#8230;.em sua 3a cobertura desde que se formou na Universidade&#8221;, descreveu.<\/p>\n<p>Temer j\u00e1 chega ao local sob duras cr\u00edticas do pa\u00eds a respeito de sua pol\u00edtica ambiental, uma vez que a Noruega \u00e9 o maior doador para a preserva\u00e7\u00e3o da Amaz\u00f4nia. A depender do desempenho brasileiro no combate ao desmatamento, os noruegueses podem reduzir os pagamentos ao Fundo da Amaz\u00f4nia.<\/p>\n","protected":false},"excerpt":{"rendered":"<p>247 \u2013 Ap\u00f3s ser ignorado pelo presidente russo, Vladimir Putin, em sua chegada a Moscou, e principalmente pela m\u00eddia do pa\u00eds, Michel Temer passa novo constrangimento na Noruega, onde ficar\u00e1 dois dias para se encontrar com autoridades e empres\u00e1rios.<\/p>\n","protected":false},"author":1,"featured_media":0,"comment_status":"closed","ping_status":"open","sticky":false,"template":"","format":"standard","meta":{"_exactmetrics_skip_tracking":false,"_exactmetrics_sitenote_active":false,"_exactmetrics_sitenote_note":"","_exactmetrics_sitenote_category":0,"jetpack_post_was_ever_published":false,"_jetpack_newsletter_access":"","_jetpack_dont_email_post_to_subs":false,"_jetpack_newsletter_tier_id":0,"_jetpack_memberships_contains_paywalled_content":false,"_jetpack_memberships_contains_paid_content":false,"footnotes":"","jetpack_publicize_message":"","jetpack_publicize_feature_enabled":true,"jetpack_social_post_already_shared":true,"jetpack_social_options":{"image_generator_settings":{"template":"highway","enabled":false},"version":2}},"categories":[1],"tags":[],"class_list":["post-11667","post","type-post","status-publish","format-standard","hentry","category-notas"],"jetpack_publicize_connections":[],"jetpack_sharing_enabled":true,"jetpack_featured_media_url":"","jetpack_shortlink":"https:\/\/wp.me\/p7wKYW-32b","jetpack-related-posts":[],"_links":{"self":[{"href":"http:\/\/blogdalucianaoliveira.com.br\/blog\/wp-json\/wp\/v2\/posts\/11667","targetHints":{"allow":["GET"]}}],"collection":[{"href":"http:\/\/blogdalucianaoliveira.com.br\/blog\/wp-json\/wp\/v2\/posts"}],"about":[{"href":"http:\/\/blogdalucianaoliveira.com.br\/blog\/wp-json\/wp\/v2\/types\/post"}],"author":[{"embeddable":true,"href":"http:\/\/blogdalucianaoliveira.com.br\/blog\/wp-json\/wp\/v2\/users\/1"}],"replies":[{"embeddable":true,"href":"http:\/\/blogdalucianaoliveira.com.br\/blog\/wp-json\/wp\/v2\/comments?post=11667"}],"version-history":[{"count":1,"href":"http:\/\/blogdalucianaoliveira.com.br\/blog\/wp-json\/wp\/v2\/posts\/11667\/revisions"}],"predecessor-version":[{"id":11669,"href":"http:\/\/blogdalucianaoliveira.com.br\/blog\/wp-json\/wp\/v2\/posts\/11667\/revisions\/11669"}],"wp:attachment":[{"href":"http:\/\/blogdalucianaoliveira.com.br\/blog\/wp-json\/wp\/v2\/media?parent=11667"}],"wp:term":[{"taxonomy":"category","embeddable":true,"href":"http:\/\/blogdalucianaoliveira.com.br\/blog\/wp-json\/wp\/v2\/categories?post=11667"},{"taxonomy":"post_tag","embeddable":true,"href":"http:\/\/blogdalucianaoliveira.com.br\/blog\/wp-json\/wp\/v2\/tags?post=11667"}],"curies":[{"name":"wp","href":"https:\/\/api.w.org\/{rel}","templated":true}]}}