{"id":11670,"date":"2017-06-22T17:59:09","date_gmt":"2017-06-22T21:59:09","guid":{"rendered":"http:\/\/blogdalucianaoliveira.com.br\/blog\/?p=11670"},"modified":"2017-06-22T18:11:44","modified_gmt":"2017-06-22T22:11:44","slug":"se-o-diabo-amassa-o-pao-voce-morre-ou-voce-come","status":"publish","type":"post","link":"http:\/\/blogdalucianaoliveira.com.br\/blog\/2017\/06\/22\/se-o-diabo-amassa-o-pao-voce-morre-ou-voce-come\/","title":{"rendered":"Se o diabo amassa o p\u00e3o, voc\u00ea morre ou voc\u00ea come"},"content":{"rendered":"<p><img data-recalc-dims=\"1\" loading=\"lazy\" decoding=\"async\" data-attachment-id=\"11671\" data-permalink=\"http:\/\/blogdalucianaoliveira.com.br\/blog\/2017\/06\/22\/se-o-diabo-amassa-o-pao-voce-morre-ou-voce-come\/hil\/\" data-orig-file=\"https:\/\/i0.wp.com\/blogdalucianaoliveira.com.br\/blog\/wp-content\/uploads\/2017\/06\/hil.jpg?fit=443%2C352\" data-orig-size=\"443,352\" data-comments-opened=\"0\" data-image-meta=\"{&quot;aperture&quot;:&quot;0&quot;,&quot;credit&quot;:&quot;&quot;,&quot;camera&quot;:&quot;&quot;,&quot;caption&quot;:&quot;&quot;,&quot;created_timestamp&quot;:&quot;0&quot;,&quot;copyright&quot;:&quot;&quot;,&quot;focal_length&quot;:&quot;0&quot;,&quot;iso&quot;:&quot;0&quot;,&quot;shutter_speed&quot;:&quot;0&quot;,&quot;title&quot;:&quot;&quot;,&quot;orientation&quot;:&quot;0&quot;}\" data-image-title=\"hil\" data-image-description=\"\" data-image-caption=\"\" data-medium-file=\"https:\/\/i0.wp.com\/blogdalucianaoliveira.com.br\/blog\/wp-content\/uploads\/2017\/06\/hil.jpg?fit=300%2C238\" data-large-file=\"https:\/\/i0.wp.com\/blogdalucianaoliveira.com.br\/blog\/wp-content\/uploads\/2017\/06\/hil.jpg?fit=443%2C352\" src=\"https:\/\/i0.wp.com\/blogdalucianaoliveira.com.br\/blog\/wp-content\/uploads\/2017\/06\/hil.jpg?resize=443%2C352\" alt=\"hil\" width=\"443\" height=\"352\" class=\"alignnone size-full wp-image-11671\" srcset=\"https:\/\/i0.wp.com\/blogdalucianaoliveira.com.br\/blog\/wp-content\/uploads\/2017\/06\/hil.jpg?w=443 443w, https:\/\/i0.wp.com\/blogdalucianaoliveira.com.br\/blog\/wp-content\/uploads\/2017\/06\/hil.jpg?resize=300%2C238 300w, https:\/\/i0.wp.com\/blogdalucianaoliveira.com.br\/blog\/wp-content\/uploads\/2017\/06\/hil.jpg?resize=378%2C300 378w\" sizes=\"auto, (max-width: 443px) 100vw, 443px\" \/><\/p>\n<p>N\u00e3o est\u00e1 na B\u00edblia, mas em Shakespeare que \u201cO diabo pode citar as Escrituras quando isso lhe conv\u00e9m\u201d.<\/p>\n<p>E o anjo das trevas usou muitos interlocutores em oposi\u00e7\u00e3o \u00e0 uma cr\u00edtica que fiz ao evento evang\u00e9lico que emporcalhou um patrim\u00f4nio hist\u00f3rico na capital, a pra\u00e7a da Estrada de Ferro Madeira Mamor\u00e9.<!--more--><\/p>\n<p>O pux\u00e3o de orelhas que dei foi pela sujeira que o p\u00fablico, majoritariamente evang\u00e9lico, deixou no espa\u00e7o cedido sem cobran\u00e7a alguma, com apoio total da prefeitura para a organiza\u00e7\u00e3o e limpeza.<\/p>\n<p><img data-recalc-dims=\"1\" loading=\"lazy\" decoding=\"async\" data-attachment-id=\"11672\" data-permalink=\"http:\/\/blogdalucianaoliveira.com.br\/blog\/2017\/06\/22\/se-o-diabo-amassa-o-pao-voce-morre-ou-voce-come\/show-2\/\" data-orig-file=\"https:\/\/i0.wp.com\/blogdalucianaoliveira.com.br\/blog\/wp-content\/uploads\/2017\/06\/show.jpg?fit=960%2C540\" data-orig-size=\"960,540\" data-comments-opened=\"0\" data-image-meta=\"{&quot;aperture&quot;:&quot;0&quot;,&quot;credit&quot;:&quot;&quot;,&quot;camera&quot;:&quot;&quot;,&quot;caption&quot;:&quot;&quot;,&quot;created_timestamp&quot;:&quot;0&quot;,&quot;copyright&quot;:&quot;&quot;,&quot;focal_length&quot;:&quot;0&quot;,&quot;iso&quot;:&quot;0&quot;,&quot;shutter_speed&quot;:&quot;0&quot;,&quot;title&quot;:&quot;&quot;,&quot;orientation&quot;:&quot;0&quot;}\" data-image-title=\"show\" data-image-description=\"\" data-image-caption=\"\" data-medium-file=\"https:\/\/i0.wp.com\/blogdalucianaoliveira.com.br\/blog\/wp-content\/uploads\/2017\/06\/show.jpg?fit=300%2C169\" data-large-file=\"https:\/\/i0.wp.com\/blogdalucianaoliveira.com.br\/blog\/wp-content\/uploads\/2017\/06\/show.jpg?fit=600%2C338\" src=\"https:\/\/i0.wp.com\/blogdalucianaoliveira.com.br\/blog\/wp-content\/uploads\/2017\/06\/show.jpg?resize=600%2C338\" alt=\"show\" width=\"600\" height=\"338\" class=\"alignnone size-full wp-image-11672\" srcset=\"https:\/\/i0.wp.com\/blogdalucianaoliveira.com.br\/blog\/wp-content\/uploads\/2017\/06\/show.jpg?w=960 960w, https:\/\/i0.wp.com\/blogdalucianaoliveira.com.br\/blog\/wp-content\/uploads\/2017\/06\/show.jpg?resize=300%2C169 300w, https:\/\/i0.wp.com\/blogdalucianaoliveira.com.br\/blog\/wp-content\/uploads\/2017\/06\/show.jpg?resize=768%2C432 768w, https:\/\/i0.wp.com\/blogdalucianaoliveira.com.br\/blog\/wp-content\/uploads\/2017\/06\/show.jpg?resize=533%2C300 533w\" sizes=\"auto, (max-width: 600px) 100vw, 600px\" \/><\/p>\n<p>Deixei claro que n\u00e3o me oponho a qualquer tipo de festa em espa\u00e7os p\u00fablicos, desde que ningu\u00e9m ou todos paguem para contar com suporte p\u00fablico de limpeza, organiza\u00e7\u00e3o do tr\u00e2nsito, ilumina\u00e7\u00e3o e seguran\u00e7a. <\/p>\n<p>N\u00e3o acho justo que manifesta\u00e7\u00f5es populares como o carnaval s\u00f3 aconte\u00e7am se submetidas \u00e0 burocracia de regras e pagamento de taxas.<\/p>\n<p>A cr\u00edtica, portanto, pode desagradar muitos, mas \u00e9 leg\u00edtima, honesta e importante pra muita gente. <\/p>\n<p>S\u00f3 que tecer cr\u00edticas ao p\u00fablico de eventos religiosos como suportam os foli\u00f5es, n\u00e3o sei por que, \u00e9 visto como um atrevimento e at\u00e9 interfer\u00eancia do belzebu. <\/p>\n<p>N\u00e3o pratico intoler\u00e2ncia de qualquer esp\u00e9cie, mas combato duramente a conduta de fundamentalistas hip\u00f3critas e nenhuma denomina\u00e7\u00e3o religiosa est\u00e1 acima da cr\u00edtica.<\/p>\n<p>Podia ter ido al\u00e9m apontando o qu\u00e3o nociva \u00e9 a combina\u00e7\u00e3o de religi\u00e3o com interesse meramente politiqueiro. <\/p>\n<p>Nem critiquei o prefeito, que aqui nunca foi visto como foli\u00e3o e nem seguidor de igreja evang\u00e9lica, mas estava l\u00e1 no show gospel ap\u00f3s ignorar o carnaval que nasceu junto com a cidade que comanda.<\/p>\n<p>O que fiz foi devolver o argumento de muitos parlamentares, agentes p\u00fablicos e fi\u00e9is de igrejas evang\u00e9licas que todos os anos demonizam o carnaval pelo barulho e sujeira que deixa nas ruas. Mostrei que o h\u00e1bito de emporcalhar a cidade n\u00e3o tem a ver com o tipo de evento, mas com a falta de consci\u00eancia ambiental de um modo geral. <\/p>\n<p>Por provar com fotos que numa festa de multid\u00e3o quem n\u00e3o ingere \u00e1lcool \u00e9 capaz de se comportar exatamente igual, ou pior, que quem ingere, uma turba fundamentalista me atirou todo tipo de lixo mental.<\/p>\n<p>Separei os coment\u00e1rios mais amorosos e crist\u00e3os.<\/p>\n<p>\u201cMorre desgra\u00e7a!\u201d, seguido por \u201cFalou tudo. 1000 curtidas pra esse coment\u00e1rio\u201d.<\/p>\n<p>\u201cDeve ser filha do capeta. T\u00e1 muito incomodada\u201d.<\/p>\n<p>\u201cIsso ae brasil merece est\u00e1 fudido pelo teu povo\u201d. (?)<br \/>\n\u201cIsso \u00e9 falta de sexo\u201d. (rsrs)<\/p>\n<p>\u201cgente, j\u00e1 falei que \u00e9 falta de rola no cu dela.\u201d<\/p>\n<p>\u201c\u00c9 pq ela apoia o movimento LGBT (nada contra) mais eles s\u00e3o sim intolerantes religiosos pq acham que nois somos obrigados \u00e0 aceita sua praticas anti b\u00edblicas de homossexuais, at\u00e9 mesmo na minha igreja tem um que era ex-travesti, e estar com nosco adorando a Deus como homem\u201d.<\/p>\n<p>\u201capaputaquepariu hip\u00f3crita do caralho, tinha era vergonha nessa cara pra invocar o nome de Deus v\u00edbora\u201d.<\/p>\n<p>Essa gostei, achei divina: \u201cmulherzinha essa que fala muito \u00e9 tipo garrafa de vinho, s\u00f3 sossega deitada no escuro e com a rolha na boca\u201d. Verdade Rsrsrsrsrs<\/p>\n<p>A mesma pessoa que me acusou de intoler\u00e2ncia religiosa, saiu com essa: &#8220;Essa senhora deve ser que vota 13, elege uma chapa do Satan\u00e1s dos quintos dos infernos e agora pede diretas pra lacrar 13 de novo&#8221;. Entendeu? Promover \u00f3dio partid\u00e1rio, pode.<\/p>\n<p>Bom, a cr\u00edtica que publiquei sem marcar ningu\u00e9m atingiu quase mil compartilhamentos e milhares de coment\u00e1rios \u2018crist\u00e3os\u2019 como esses.<\/p>\n<p>Das 1400 sensa\u00e7\u00f5es registradas, 1000 s\u00e3o de curtidas, 200 de raiva, 93 de tristeza e 39 gargalhadas.<\/p>\n<p>As rea\u00e7\u00f5es nos coment\u00e1rios ainda n\u00e3o foram computadas pela minha assessoria. Rsrsrs<\/p>\n<p>Os interlocutores do chifrudo seguem comentando sob alegada &#8216;inspira\u00e7\u00e3o divina\u2019 na publica\u00e7\u00e3o que fiz na segunda-feira.<\/p>\n<p>Lidera o coment\u00e1rio de que fiz a cr\u00edtica \u201cpra aparecer e ganhar seguidores\u201d.<\/p>\n<p>Putz! De novo esqueci de publicar na minha fan page ou no blog.<\/p>\n<p>Havia algu\u00e9m investido de fun\u00e7\u00e3o p\u00fablica em cima do palco do show que s\u00f3 queria aparecer e faturar politicamente &#8211; e n\u00e3o era eu &#8211; que fez de tudo para agradar um grupo social, o que negou a outros.<\/p>\n<p>Aos que prometeram orar pela salva\u00e7\u00e3o da minha alma, se omitindo \u00e0s agress\u00f5es que sofri na publica\u00e7\u00e3o, pe\u00e7o a ajuda do Deus de amor presente em todas religi\u00f5es.<\/p>\n<p>Que me livre das ora\u00e7\u00f5es repletas de \u00f3dio dos falsos crist\u00e3os, seguidores de falsos profetas. <\/p>\n<p>Que me salve &#8216;desses&#8217; que querem me &#8216;salvar&#8217;.<\/p>\n<p>Palavra da salva\u00e7\u00e3o.<\/p>\n","protected":false},"excerpt":{"rendered":"<p>N\u00e3o est\u00e1 na B\u00edblia, mas em Shakespeare que \u201cO diabo pode citar as Escrituras quando isso lhe conv\u00e9m\u201d. E o anjo das trevas usou muitos interlocutores em oposi\u00e7\u00e3o \u00e0 uma cr\u00edtica que fiz ao evento evang\u00e9lico que emporcalhou um patrim\u00f4nio hist\u00f3rico na capital, a pra\u00e7a da Estrada de Ferro Madeira Mamor\u00e9.<\/p>\n","protected":false},"author":1,"featured_media":0,"comment_status":"closed","ping_status":"open","sticky":false,"template":"","format":"standard","meta":{"_exactmetrics_skip_tracking":false,"_exactmetrics_sitenote_active":false,"_exactmetrics_sitenote_note":"","_exactmetrics_sitenote_category":0,"jetpack_post_was_ever_published":false,"_jetpack_newsletter_access":"","_jetpack_dont_email_post_to_subs":false,"_jetpack_newsletter_tier_id":0,"_jetpack_memberships_contains_paywalled_content":false,"_jetpack_memberships_contains_paid_content":false,"footnotes":"","jetpack_publicize_message":"","jetpack_publicize_feature_enabled":true,"jetpack_social_post_already_shared":true,"jetpack_social_options":{"image_generator_settings":{"template":"highway","enabled":false},"version":2}},"categories":[1],"tags":[],"class_list":["post-11670","post","type-post","status-publish","format-standard","hentry","category-notas"],"jetpack_publicize_connections":[],"jetpack_sharing_enabled":true,"jetpack_featured_media_url":"","jetpack_shortlink":"https:\/\/wp.me\/p7wKYW-32e","jetpack-related-posts":[],"_links":{"self":[{"href":"http:\/\/blogdalucianaoliveira.com.br\/blog\/wp-json\/wp\/v2\/posts\/11670","targetHints":{"allow":["GET"]}}],"collection":[{"href":"http:\/\/blogdalucianaoliveira.com.br\/blog\/wp-json\/wp\/v2\/posts"}],"about":[{"href":"http:\/\/blogdalucianaoliveira.com.br\/blog\/wp-json\/wp\/v2\/types\/post"}],"author":[{"embeddable":true,"href":"http:\/\/blogdalucianaoliveira.com.br\/blog\/wp-json\/wp\/v2\/users\/1"}],"replies":[{"embeddable":true,"href":"http:\/\/blogdalucianaoliveira.com.br\/blog\/wp-json\/wp\/v2\/comments?post=11670"}],"version-history":[{"count":6,"href":"http:\/\/blogdalucianaoliveira.com.br\/blog\/wp-json\/wp\/v2\/posts\/11670\/revisions"}],"predecessor-version":[{"id":11678,"href":"http:\/\/blogdalucianaoliveira.com.br\/blog\/wp-json\/wp\/v2\/posts\/11670\/revisions\/11678"}],"wp:attachment":[{"href":"http:\/\/blogdalucianaoliveira.com.br\/blog\/wp-json\/wp\/v2\/media?parent=11670"}],"wp:term":[{"taxonomy":"category","embeddable":true,"href":"http:\/\/blogdalucianaoliveira.com.br\/blog\/wp-json\/wp\/v2\/categories?post=11670"},{"taxonomy":"post_tag","embeddable":true,"href":"http:\/\/blogdalucianaoliveira.com.br\/blog\/wp-json\/wp\/v2\/tags?post=11670"}],"curies":[{"name":"wp","href":"https:\/\/api.w.org\/{rel}","templated":true}]}}