{"id":11687,"date":"2017-06-23T11:43:40","date_gmt":"2017-06-23T15:43:40","guid":{"rendered":"http:\/\/blogdalucianaoliveira.com.br\/blog\/?p=11687"},"modified":"2017-06-23T11:43:40","modified_gmt":"2017-06-23T15:43:40","slug":"video-ao-lado-da-premie-da-noruega-temer-conta-que-tem-reuniao-com-rei-da-suecia","status":"publish","type":"post","link":"http:\/\/blogdalucianaoliveira.com.br\/blog\/2017\/06\/23\/video-ao-lado-da-premie-da-noruega-temer-conta-que-tem-reuniao-com-rei-da-suecia\/","title":{"rendered":"V\u00cdDEO: Ao lado da premi\u00ea da Noruega, Temer conta que tem reuni\u00e3o com \u201crei da Su\u00e9cia\u201d"},"content":{"rendered":"<p><img data-recalc-dims=\"1\" loading=\"lazy\" decoding=\"async\" data-attachment-id=\"11688\" data-permalink=\"http:\/\/blogdalucianaoliveira.com.br\/blog\/2017\/06\/23\/video-ao-lado-da-premie-da-noruega-temer-conta-que-tem-reuniao-com-rei-da-suecia\/kkk-4\/\" data-orig-file=\"https:\/\/i0.wp.com\/blogdalucianaoliveira.com.br\/blog\/wp-content\/uploads\/2017\/06\/kkk.jpg?fit=1000%2C357\" data-orig-size=\"1000,357\" data-comments-opened=\"0\" data-image-meta=\"{&quot;aperture&quot;:&quot;0&quot;,&quot;credit&quot;:&quot;&quot;,&quot;camera&quot;:&quot;&quot;,&quot;caption&quot;:&quot;&quot;,&quot;created_timestamp&quot;:&quot;0&quot;,&quot;copyright&quot;:&quot;&quot;,&quot;focal_length&quot;:&quot;0&quot;,&quot;iso&quot;:&quot;0&quot;,&quot;shutter_speed&quot;:&quot;0&quot;,&quot;title&quot;:&quot;&quot;,&quot;orientation&quot;:&quot;0&quot;}\" data-image-title=\"kkk\" data-image-description=\"\" data-image-caption=\"\" data-medium-file=\"https:\/\/i0.wp.com\/blogdalucianaoliveira.com.br\/blog\/wp-content\/uploads\/2017\/06\/kkk.jpg?fit=300%2C107\" data-large-file=\"https:\/\/i0.wp.com\/blogdalucianaoliveira.com.br\/blog\/wp-content\/uploads\/2017\/06\/kkk.jpg?fit=600%2C214\" src=\"https:\/\/i0.wp.com\/blogdalucianaoliveira.com.br\/blog\/wp-content\/uploads\/2017\/06\/kkk.jpg?resize=600%2C214\" alt=\"kkk\" width=\"600\" height=\"214\" class=\"alignnone size-full wp-image-11688\" srcset=\"https:\/\/i0.wp.com\/blogdalucianaoliveira.com.br\/blog\/wp-content\/uploads\/2017\/06\/kkk.jpg?w=1000 1000w, https:\/\/i0.wp.com\/blogdalucianaoliveira.com.br\/blog\/wp-content\/uploads\/2017\/06\/kkk.jpg?resize=300%2C107 300w, https:\/\/i0.wp.com\/blogdalucianaoliveira.com.br\/blog\/wp-content\/uploads\/2017\/06\/kkk.jpg?resize=768%2C274 768w, https:\/\/i0.wp.com\/blogdalucianaoliveira.com.br\/blog\/wp-content\/uploads\/2017\/06\/kkk.jpg?resize=800%2C286 800w\" sizes=\"auto, (max-width: 600px) 100vw, 600px\" \/><\/p>\n<p>TEMER D\u00c1 VEXAME TAMB\u00c9M NA NORUEGA<\/p>\n<p>247 &#8211; A passagem de Michel pela Noruega foi marcada por protestos. Durante encontro de Temer com a primeira-ministra Erna Solberg, nesta sexta-feira, 23, o peemedebista foi alvo de dezenas de manifestantes, que exibiam cartazes pedindo respeito \u00e0 democracia, aos direitos humanos, dos ind\u00edgenas e contra o afrouxamento no combate ao desmatamento da Amaz\u00f4nia. <!--more--><\/p>\n<p>A \u00edndia S\u00f4nia Guajajara, uma das lideran\u00e7as ind\u00edgenas mais reconhecidas no Brasil, esteve presente no protesto nesta sexta-feira. Para S\u00f4nia, Temer representa uma amea\u00e7a direta aos povos ind\u00edgenas no Brasil. &#8220;Temer n\u00e3o cumpre com suas obriga\u00e7\u00f5es e n\u00e3o respeita os direitos constitucionais. Os seus ataques aos direitos dos povos ind\u00edgenas e ao meio ambiente s\u00e3o de uma magnitude nunca antes vista&#8221;, disse.<\/p>\n<p>Assista a v\u00eddeo da manifesta\u00e7\u00e3o contra Temer: <\/p>\n<p>O desmatamento na Amaz\u00f4nia brasileira aumentou em 29% de 2015 para 2016. O Congresso brasileiro est\u00e1 prestes a tratar um grande n\u00famero de propostas que devem enfraquecer a legisla\u00e7\u00e3o ambiental e reduzir unidades de conserva\u00e7\u00e3o no pa\u00eds. Para o diretor da Rainforest Foundation Noruega, Lars L\u00f8vold, a Noruega tem que exigir que o Brasil cumpra com os seus deveres conforme acordos internacionais e nacionais.<\/p>\n<p>As ONGs organizadoras do protesto pedem \u00e0s autoridades norueguesas firmeza no di\u00e1logo com Temer, e press\u00e3o para que ele providencie prote\u00e7\u00e3o para os povos ind\u00edgenas e suas lideran\u00e7as, assim como o cumprimento das obriga\u00e7\u00f5es internacionais para redu\u00e7\u00e3o do desmatamento e das emiss\u00f5es do Brasil.<\/p>\n<p>Durante o encontro com a primeira-ministra Erna Solberg, Temer ouviu de Solberg que a Noruega est\u00e1 &#8220;preocupada&#8221; com os efeitos da opera\u00e7\u00e3o Lava Jato e disse que o Brasil precisa passar uma &#8220;limpeza&#8221; de corruptos. &#8220;Estamos muito preocupados com a Lava Jato. \u00c9 importante fazer uma limpeza&#8221;, disse Erna Solberg, em declara\u00e7\u00e3o ao lado de Temer.<\/p>\n<p>Em sua fala, Temer cometeu uma gafe e disse que ainda na Noruega se encontraria com o &#8220;rei da Su\u00e9cia&#8221;. Na verdade, o peemedebista estar\u00e1 com o monarca noruegu\u00eas, Harald V.<\/p>\n<div class=\"jetpack-video-wrapper\"><span class=\"embed-youtube\" style=\"text-align:center; display: block;\"><iframe loading=\"lazy\" class=\"youtube-player\" width=\"600\" height=\"338\" src=\"https:\/\/www.youtube.com\/embed\/VqHUTDN_L8U?version=3&#038;rel=1&#038;showsearch=0&#038;showinfo=1&#038;iv_load_policy=1&#038;fs=1&#038;hl=pt-BR&#038;autohide=2&#038;wmode=transparent\" allowfullscreen=\"true\" style=\"border:0;\" sandbox=\"allow-scripts allow-same-origin allow-popups allow-presentation allow-popups-to-escape-sandbox\"><\/iframe><\/span><\/div>\n","protected":false},"excerpt":{"rendered":"<p>TEMER D\u00c1 VEXAME TAMB\u00c9M NA NORUEGA 247 &#8211; A passagem de Michel pela Noruega foi marcada por protestos. Durante encontro de Temer com a primeira-ministra Erna Solberg, nesta sexta-feira, 23, o peemedebista foi alvo de dezenas de manifestantes, que exibiam cartazes pedindo respeito \u00e0 democracia, aos direitos humanos, dos ind\u00edgenas e contra o afrouxamento no&#8230;<a class=\"more-link\" href=\"http:\/\/blogdalucianaoliveira.com.br\/blog\/2017\/06\/23\/video-ao-lado-da-premie-da-noruega-temer-conta-que-tem-reuniao-com-rei-da-suecia\/\">Continue a leitura <span class=\"meta-nav\">&raquo;<\/span><\/a><\/p>\n","protected":false},"author":1,"featured_media":0,"comment_status":"closed","ping_status":"open","sticky":false,"template":"","format":"standard","meta":{"_exactmetrics_skip_tracking":false,"_exactmetrics_sitenote_active":false,"_exactmetrics_sitenote_note":"","_exactmetrics_sitenote_category":0,"jetpack_post_was_ever_published":false,"_jetpack_newsletter_access":"","_jetpack_dont_email_post_to_subs":false,"_jetpack_newsletter_tier_id":0,"_jetpack_memberships_contains_paywalled_content":false,"_jetpack_memberships_contains_paid_content":false,"footnotes":"","jetpack_publicize_message":"","jetpack_publicize_feature_enabled":true,"jetpack_social_post_already_shared":true,"jetpack_social_options":{"image_generator_settings":{"template":"highway","enabled":false},"version":2}},"categories":[1],"tags":[],"class_list":["post-11687","post","type-post","status-publish","format-standard","hentry","category-notas"],"jetpack_publicize_connections":[],"jetpack_sharing_enabled":true,"jetpack_featured_media_url":"","jetpack_shortlink":"https:\/\/wp.me\/p7wKYW-32v","jetpack-related-posts":[],"_links":{"self":[{"href":"http:\/\/blogdalucianaoliveira.com.br\/blog\/wp-json\/wp\/v2\/posts\/11687","targetHints":{"allow":["GET"]}}],"collection":[{"href":"http:\/\/blogdalucianaoliveira.com.br\/blog\/wp-json\/wp\/v2\/posts"}],"about":[{"href":"http:\/\/blogdalucianaoliveira.com.br\/blog\/wp-json\/wp\/v2\/types\/post"}],"author":[{"embeddable":true,"href":"http:\/\/blogdalucianaoliveira.com.br\/blog\/wp-json\/wp\/v2\/users\/1"}],"replies":[{"embeddable":true,"href":"http:\/\/blogdalucianaoliveira.com.br\/blog\/wp-json\/wp\/v2\/comments?post=11687"}],"version-history":[{"count":1,"href":"http:\/\/blogdalucianaoliveira.com.br\/blog\/wp-json\/wp\/v2\/posts\/11687\/revisions"}],"predecessor-version":[{"id":11689,"href":"http:\/\/blogdalucianaoliveira.com.br\/blog\/wp-json\/wp\/v2\/posts\/11687\/revisions\/11689"}],"wp:attachment":[{"href":"http:\/\/blogdalucianaoliveira.com.br\/blog\/wp-json\/wp\/v2\/media?parent=11687"}],"wp:term":[{"taxonomy":"category","embeddable":true,"href":"http:\/\/blogdalucianaoliveira.com.br\/blog\/wp-json\/wp\/v2\/categories?post=11687"},{"taxonomy":"post_tag","embeddable":true,"href":"http:\/\/blogdalucianaoliveira.com.br\/blog\/wp-json\/wp\/v2\/tags?post=11687"}],"curies":[{"name":"wp","href":"https:\/\/api.w.org\/{rel}","templated":true}]}}